{"id":707314,"date":"2025-08-12T17:21:13","date_gmt":"2025-08-12T21:21:13","guid":{"rendered":"https:\/\/unifranz.edu.bo\/?p=707314"},"modified":"2025-08-12T17:21:18","modified_gmt":"2025-08-12T21:21:18","slug":"innovar-para-transformar-ronald-bedregal-llega-a-la-direccion-de-ingenieria-economica-en-unifranz","status":"publish","type":"post","link":"https:\/\/unifranz.edu.bo\/pt\/blog\/innovar-para-transformar-ronald-bedregal-llega-a-la-direccion-de-ingenieria-economica-en-unifranz\/","title":{"rendered":"Innovar para transformar: Ronald Bedregal llega a la direcci\u00f3n de Ingenier\u00eda Econ\u00f3mica en Unifranz"},"content":{"rendered":"<p>La Universidad Franz Tamayo, Unifranz La Paz, da la bienvenida a Ronald Bedregal Tejada, mag\u00edster en Gesti\u00f3n \u00d3ptima de Proyectos y con m\u00e1s de 30 a\u00f1os de experiencia en planificaci\u00f3n estrat\u00e9gica, gesti\u00f3n de pol\u00edticas p\u00fablicas y educaci\u00f3n superior, como nuevo director de la carrera de Ingenier\u00eda Econ\u00f3mica.<\/p>\n\n\n\n<p>Bedregal llega con una mirada innovadora: fortalecer la formaci\u00f3n de profesionales que combinen el pensamiento cr\u00edtico con un profundo dominio t\u00e9cnico y una mirada estrat\u00e9gica sobre el desarrollo econ\u00f3mico.<\/p>\n\n\n\n<blockquote class=\"wp-block-quote is-layout-flow wp-block-quote-is-layout-flow\">\n<p>\u201cMi expectativa principal es aportar a la consolidaci\u00f3n de la carrera de Ingenier\u00eda Econ\u00f3mica como un referente acad\u00e9mico en nuestro pa\u00eds, ofreciendo una formaci\u00f3n actualizada, pr\u00e1ctica y estrat\u00e9gicamente alineada con las necesidades que tenemos\u201d, afirma la autoridad.<\/p>\n<\/blockquote>\n\n\n\n<p>En Unifranz La Paz, la carrera de Ingenier\u00eda Econ\u00f3mica forma a profesionales capaces de comprender c\u00f3mo las decisiones econ\u00f3micas impactan en las empresas, los gobiernos y la sociedad en su conjunto. Estos especialistas est\u00e1n preparados para tomar decisiones estrat\u00e9gicas basadas en datos s\u00f3lidos, generando propuestas centradas en la sostenibilidad financiera y la optimizaci\u00f3n de recursos. Asimismo, desarrollan habilidades para apalancar y optimizar inversiones, contribuyendo al mantenimiento y crecimiento econ\u00f3mico tanto de las empresas como del pa\u00eds. La oferta acad\u00e9mica incluye dos menciones especializadas: Gesti\u00f3n de Riesgo Financiero y Mercado de Valores, que potencian el perfil profesional de los estudiantes y les abren un amplio campo de acci\u00f3n.<\/p>\n\n\n\n<p>Para el nuevo director, la Ingenier\u00eda Econ\u00f3mica es clave para afrontar los retos del presente y del futuro en Bolivia. Su combinaci\u00f3n de rigor cuantitativo y visi\u00f3n estrat\u00e9gica permite a los egresados dise\u00f1ar soluciones efectivas en diversos sectores, desde el \u00e1mbito p\u00fablico y privado hasta organizaciones sin fines de lucro.<\/p>\n\n\n\n<p>En sinton\u00eda con la metodolog\u00eda institucional \u201cAprende Haciendo\u201d, Bedregal proyecta una formaci\u00f3n altamente pr\u00e1ctica: laboratorios especializados, simulaciones econ\u00f3micas, proyectos vinculados a empresas e instituciones y talleres colaborativos.<\/p>\n\n\n\n<blockquote class=\"wp-block-quote is-layout-flow wp-block-quote-is-layout-flow\">\n<p>\u201cNo buscamos estudiantes que memoricen f\u00f3rmulas, sino profesionales que resuelvan problemas complejos y propongan soluciones con pensamiento anal\u00edtico, creatividad y criterio estrat\u00e9gico\u201d, enfatiza el director.<\/p>\n<\/blockquote>\n\n\n\n<p>Con una s\u00f3lida trayectoria que abarca cargos como Viceministro de Planificaci\u00f3n y Ordenamiento Territorial y trabajos con organismos internacionales como la Sociedad Alemana para la Cooperaci\u00f3n Internacional (GIZ), la Cooperaci\u00f3n Suiza para el Desarrollo (COSUDE) y el Banco Interamericano de Desarrollo, Bedregal aporta una visi\u00f3n integral que une experiencia de gesti\u00f3n, investigaci\u00f3n y docencia.<\/p>\n\n\n\n<p>Su llegada a Unifranz marca una etapa de proyecci\u00f3n y fortalecimiento para la carrera de Ingenier\u00eda Econ\u00f3mica, orientada a formar l\u00edderes capaces de transformar el contexto econ\u00f3mico boliviano con una mirada global y compromiso local.<\/p>","protected":false},"excerpt":{"rendered":"<p>Ronald Bedregal asume la direcci\u00f3n de Ingenier\u00eda Econ\u00f3mica en Unifranz La Paz, impulsando una formaci\u00f3n innovadora, pr\u00e1ctica y estrat\u00e9gica para l\u00edderes capaces de transformar el desarrollo econ\u00f3mico en Bolivia con visi\u00f3n global y compromiso local<\/p>","protected":false},"author":44,"featured_media":707318,"comment_status":"open","ping_status":"open","sticky":false,"template":"","format":"standard","meta":{"_acf_changed":false,"footnotes":""},"categories":[60],"tags":[3076,266,9948,1222,53,10673,11042,1422,5024,242],"class_list":["post-707314","post","type-post","status-publish","format-standard","has-post-thumbnail","hentry","category-blog","tag-aprende-haciendo","tag-bolivia","tag-docencia","tag-economia","tag-educacion","tag-gestion-2","tag-ingenieria-economica-2","tag-innovacion-en-educacion","tag-riesgo-financiero","tag-unifranz"],"acf":[],"_links":{"self":[{"href":"https:\/\/unifranz.edu.bo\/pt\/wp-json\/wp\/v2\/posts\/707314","targetHints":{"allow":["GET"]}}],"collection":[{"href":"https:\/\/unifranz.edu.bo\/pt\/wp-json\/wp\/v2\/posts"}],"about":[{"href":"https:\/\/unifranz.edu.bo\/pt\/wp-json\/wp\/v2\/types\/post"}],"author":[{"embeddable":true,"href":"https:\/\/unifranz.edu.bo\/pt\/wp-json\/wp\/v2\/users\/44"}],"replies":[{"embeddable":true,"href":"https:\/\/unifranz.edu.bo\/pt\/wp-json\/wp\/v2\/comments?post=707314"}],"version-history":[{"count":2,"href":"https:\/\/unifranz.edu.bo\/pt\/wp-json\/wp\/v2\/posts\/707314\/revisions"}],"predecessor-version":[{"id":707320,"href":"https:\/\/unifranz.edu.bo\/pt\/wp-json\/wp\/v2\/posts\/707314\/revisions\/707320"}],"wp:featuredmedia":[{"embeddable":true,"href":"https:\/\/unifranz.edu.bo\/pt\/wp-json\/wp\/v2\/media\/707318"}],"wp:attachment":[{"href":"https:\/\/unifranz.edu.bo\/pt\/wp-json\/wp\/v2\/media?parent=707314"}],"wp:term":[{"taxonomy":"category","embeddable":true,"href":"https:\/\/unifranz.edu.bo\/pt\/wp-json\/wp\/v2\/categories?post=707314"},{"taxonomy":"post_tag","embeddable":true,"href":"https:\/\/unifranz.edu.bo\/pt\/wp-json\/wp\/v2\/tags?post=707314"}],"curies":[{"name":"wp","href":"https:\/\/api.w.org\/{rel}","templated":true}]}}