{"id":707295,"date":"2025-08-11T18:17:21","date_gmt":"2025-08-11T22:17:21","guid":{"rendered":"https:\/\/unifranz.edu.bo\/?p=707295"},"modified":"2025-08-11T18:17:27","modified_gmt":"2025-08-11T22:17:27","slug":"la-inteligencia-artificial-generara-nuevos-y-mejores-empleos-el-reto-esta-en-como-preparar-a-los-profesionales-del-futuro","status":"publish","type":"post","link":"https:\/\/unifranz.edu.bo\/pt\/blog\/la-inteligencia-artificial-generara-nuevos-y-mejores-empleos-el-reto-esta-en-como-preparar-a-los-profesionales-del-futuro\/","title":{"rendered":"La inteligencia artificial generar\u00e1 nuevos y mejores empleos: el reto est\u00e1 en c\u00f3mo preparar a los profesionales del futuro"},"content":{"rendered":"<p>La irrupci\u00f3n de la inteligencia artificial (IA) ha generado una ola de incertidumbre sobre el futuro del empleo. Sin embargo, cada avance tecnol\u00f3gico a lo largo de la historia \u2014desde la revoluci\u00f3n industrial hasta la era digital\u2014 ha provocado m\u00e1s creaci\u00f3n que p\u00e9rdida de empleos. Ahora, la IA no solo transforma industrias, sino que plantea un desaf\u00edo directo a las universidades: \u00bfc\u00f3mo formar profesionales para trabajos que a\u00fan no existen, pero que ser\u00e1n claves en los pr\u00f3ximos a\u00f1os?<\/p>\n\n\n\n<p><\/p>\n\n\n\n<blockquote class=\"wp-block-quote is-layout-flow wp-block-quote-is-layout-flow\">\n<p>\u201cLa inteligencia artificial lleg\u00f3 para quedarse y aquellos que se unan a la vanguardia ser\u00e1n los que lideren la transformaci\u00f3n en el mundo laboral lleno de posibilidades\u201d, asegura Rafael Vidaurre, coordinador del Observatorio Nacional del Trabajo (ONT) de la Universidad Franz Tamayo, Unifranz.<\/p>\n<\/blockquote>\n\n\n\n<p><\/p>\n\n\n\n<p>Seg\u00fan estimaciones del Fondo Monetario Internacional (FMI), el 40% de los empleos del mundo est\u00e1n expuestos a la IA, cifra que asciende al 60% en pa\u00edses con econom\u00edas avanzadas. No obstante, los datos no deben interpretarse \u00fanicamente como amenaza. Para el Banco Mundial, el impacto depender\u00e1 en gran medida de las decisiones pol\u00edticas, fiscales y educativas: la IA puede reemplazar o complementar el trabajo humano, y el resultado final est\u00e1 a\u00fan en nuestras manos.<\/p>\n\n\n\n<p><\/p>\n\n\n\n<p><strong>La universidad frente al desaf\u00edo del cambio<\/strong><\/p>\n\n\n\n<p>La universidad, como instituci\u00f3n formadora de talento, enfrenta una presi\u00f3n sin precedentes: ya no basta con ense\u00f1ar contenidos t\u00e9cnicos o te\u00f3ricos, ahora es necesario desarrollar habilidades adaptativas, pensamiento cr\u00edtico y competencias digitales que permitan a los futuros profesionales navegar con \u00e9xito en un entorno en constante cambio.<\/p>\n\n\n\n<p><\/p>\n\n\n\n<p>Sergio Valenzuela, docente de la carrera de Ingenier\u00eda de Sistemas de Unifranz y experto en IA, enfatiza esta transformaci\u00f3n. \u201cSiempre que una nueva tecnolog\u00eda emerge, se abren puertas para la aparici\u00f3n de nuevos trabajos. Lo importante va a ser poder adaptarse\u201d.<\/p>\n\n\n\n<p><\/p>\n\n\n\n<p>Este cambio implica repensar los planes de estudio, integrar el uso de la IA en el aula, fomentar la interdisciplinariedad y formar en \u00e1reas que van m\u00e1s all\u00e1 del conocimiento t\u00e9cnico, como la \u00e9tica digital, el trabajo colaborativo y la gesti\u00f3n de datos. Universidades como Unifranz ya impulsan espacios de innovaci\u00f3n educativa y alianzas con el sector productivo para responder a esta necesidad.<\/p>\n\n\n\n<p><\/p>\n\n\n\n<p><strong>Nuevas oportunidades laborales: m\u00e1s all\u00e1 del reemplazo<\/strong><\/p>\n\n\n\n<p>Aunque algunos empleos desaparecer\u00e1n, emergen otros completamente nuevos. El Foro Econ\u00f3mico Mundial (WEF) y estudios de Meta anticipan al menos ocho profesiones que cobrar\u00e1n protagonismo en la era de la IA:<\/p>\n\n\n\n<ol class=\"wp-block-list\">\n<li>Entrenadores de IA: encargados de ense\u00f1ar a los algoritmos c\u00f3mo interactuar con humanos.<\/li>\n\n\n\n<li>Analistas de datos: necesarios para interpretar la creciente cantidad de informaci\u00f3n generada.<\/li>\n\n\n\n<li>Profesionales de salud asistidos por IA: m\u00e9dicos y t\u00e9cnicos que utilizan herramientas inteligentes para diagn\u00f3sticos m\u00e1s precisos.<\/li>\n\n\n\n<li>Ingenieros y desarrolladores de IA: que dise\u00f1en e implementen soluciones tecnol\u00f3gicas.<\/li>\n\n\n\n<li>Artistas 3D y creadores de contenido inmersivo: indispensables para experiencias digitales y metaverso.<\/li>\n\n\n\n<li>Asesores de \u00e9tica en IA: expertos en regulaci\u00f3n, sesgo algor\u00edtmico y derechos digitales.<\/li>\n\n\n\n<li>Consejeros de acondicionamiento f\u00edsico remoto: en l\u00ednea con la salud digital personalizada.<\/li>\n<\/ol>\n\n\n\n<p><\/p>\n\n\n\n<p>Esto muestra que el trabajo del futuro no es necesariamente tecnol\u00f3gico, sino que exige combinar habilidades humanas con capacidades t\u00e9cnicas. La creatividad, la empat\u00eda, la capacidad de aprendizaje continuo y la comunicaci\u00f3n ser\u00e1n tan valiosas como el dominio del c\u00f3digo.<\/p>\n\n\n\n<p><\/p>\n\n\n\n<p><strong>\u00bfQui\u00e9nes liderar\u00e1n esta transformaci\u00f3n?<\/strong><\/p>\n\n\n\n<p>Pedro S\u00e1enz, vicerrector de Unifranz y director del ONT, se\u00f1ala que la IA debe utilizarse como una herramienta de simplificaci\u00f3n.<\/p>\n\n\n\n<p><\/p>\n\n\n\n<blockquote class=\"wp-block-quote is-layout-flow wp-block-quote-is-layout-flow\">\n<p>\u201cTenemos que verla como una oportunidad, en el sentido de que obliga a las personas a capacitarse en cosas m\u00e1s puntuales y espec\u00edficas. Los trabajos rutinarios vienen siendo desarrollados por m\u00e1quinas que no requieren mucho del aporte humano\u201d, explica.<\/p>\n<\/blockquote>\n\n\n\n<p><\/p>\n\n\n\n<p>S\u00e1enz considera que el papel de las universidades es formar profesionales que trabajen con la IA, no que compitan contra ella. Esto incluye actualizar contenidos, crear programas de educaci\u00f3n continua y construir puentes con el mundo empresarial. Adem\u00e1s, sugiere fortalecer el acceso a Internet, reducir la brecha digital y democratizar la capacitaci\u00f3n tecnol\u00f3gica.<\/p>\n\n\n\n<p><\/p>\n\n\n\n<p><strong>\u00bfQu\u00e9 rol tienen las pol\u00edticas p\u00fablicas?<\/strong><\/p>\n\n\n\n<p>La transici\u00f3n hacia una econom\u00eda potenciada por IA requiere del respaldo del Estado. Inversiones p\u00fablicas en infraestructura digital, educaci\u00f3n t\u00e9cnica y reentrenamiento profesional ser\u00e1n determinantes para que pa\u00edses como Bolivia no queden rezagados frente al cambio.<\/p>\n\n\n\n<p><\/p>\n\n\n\n<p>Durante la revoluci\u00f3n industrial, los gobiernos invirtieron masivamente en alfabetizaci\u00f3n. Hoy, se requiere un esfuerzo similar para formar en competencias digitales, pensamiento l\u00f3gico y programaci\u00f3n b\u00e1sica.&nbsp;<\/p>\n\n\n\n<p><\/p>\n\n\n\n<p>El Banco Mundial advierte que la respuesta pol\u00edtica marcar\u00e1 la diferencia entre un futuro inclusivo o desigual. \u201cEl impacto en el empleo depender\u00e1 de si la IA sustituye o complementa a los trabajadores, y la pol\u00edtica fiscal, los incentivos y las regulaciones pueden influir en ello\u201d.<\/p>\n\n\n\n<p><\/p>\n\n\n\n<p>Lejos de la narrativa alarmista que plantea a la IA como un \u201cmonstruo que devorar\u00e1 empleos\u201d, la historia demuestra que la tecnolog\u00eda ha sido, en \u00faltima instancia, un generador de oportunidades. Lo que hoy parece incierto, ma\u00f1ana ser\u00e1 parte del d\u00eda a d\u00eda. Hace solo 20 a\u00f1os, nadie imaginaba que existir\u00edan millones de desarrolladores de apps o entrenadores personales virtuales.<\/p>\n\n\n\n<p><\/p>\n\n\n\n<p>La clave est\u00e1 en preparar a los j\u00f3venes \u2014y tambi\u00e9n a los adultos\u2014 para un mercado laboral que premiar\u00e1 la flexibilidad, la innovaci\u00f3n y el aprendizaje continuo. Las universidades tienen el deber y el privilegio de liderar esta transformaci\u00f3n, acompa\u00f1ando a las personas en la construcci\u00f3n de un futuro profesional sostenible.<\/p>","protected":false},"excerpt":{"rendered":"<p>La IA transformar\u00e1 el empleo creando nuevas oportunidades. Descubre c\u00f3mo las universidades preparan a los profesionales del futuro.<\/p>","protected":false},"author":49,"featured_media":707297,"comment_status":"open","ping_status":"open","sticky":false,"template":"","format":"standard","meta":{"_acf_changed":false,"footnotes":""},"categories":[60],"tags":[386,4296,1422,3446,2814,7916,10590,218,242,9879],"class_list":["post-707295","post","type-post","status-publish","format-standard","has-post-thumbnail","hentry","category-blog","tag-estudiantes","tag-futuro-del-trabajo","tag-innovacion-en-educacion","tag-inteligencia-artificial","tag-meta","tag-ont","tag-profesiones-del-futuro","tag-tecnologia","tag-unifranz","tag-wef"],"acf":[],"_links":{"self":[{"href":"https:\/\/unifranz.edu.bo\/pt\/wp-json\/wp\/v2\/posts\/707295","targetHints":{"allow":["GET"]}}],"collection":[{"href":"https:\/\/unifranz.edu.bo\/pt\/wp-json\/wp\/v2\/posts"}],"about":[{"href":"https:\/\/unifranz.edu.bo\/pt\/wp-json\/wp\/v2\/types\/post"}],"author":[{"embeddable":true,"href":"https:\/\/unifranz.edu.bo\/pt\/wp-json\/wp\/v2\/users\/49"}],"replies":[{"embeddable":true,"href":"https:\/\/unifranz.edu.bo\/pt\/wp-json\/wp\/v2\/comments?post=707295"}],"version-history":[{"count":1,"href":"https:\/\/unifranz.edu.bo\/pt\/wp-json\/wp\/v2\/posts\/707295\/revisions"}],"predecessor-version":[{"id":707298,"href":"https:\/\/unifranz.edu.bo\/pt\/wp-json\/wp\/v2\/posts\/707295\/revisions\/707298"}],"wp:featuredmedia":[{"embeddable":true,"href":"https:\/\/unifranz.edu.bo\/pt\/wp-json\/wp\/v2\/media\/707297"}],"wp:attachment":[{"href":"https:\/\/unifranz.edu.bo\/pt\/wp-json\/wp\/v2\/media?parent=707295"}],"wp:term":[{"taxonomy":"category","embeddable":true,"href":"https:\/\/unifranz.edu.bo\/pt\/wp-json\/wp\/v2\/categories?post=707295"},{"taxonomy":"post_tag","embeddable":true,"href":"https:\/\/unifranz.edu.bo\/pt\/wp-json\/wp\/v2\/tags?post=707295"}],"curies":[{"name":"wp","href":"https:\/\/api.w.org\/{rel}","templated":true}]}}