{"id":707269,"date":"2025-08-10T13:53:30","date_gmt":"2025-08-10T17:53:30","guid":{"rendered":"https:\/\/unifranz.edu.bo\/?p=707269"},"modified":"2025-08-10T18:28:55","modified_gmt":"2025-08-10T22:28:55","slug":"perroton-2025-una-carrera-solidaria-que-unio-a-cientos-de-mascotas-y-familias-pacenas","status":"publish","type":"post","link":"https:\/\/unifranz.edu.bo\/pt\/blog\/perroton-2025-una-carrera-solidaria-que-unio-a-cientos-de-mascotas-y-familias-pacenas\/","title":{"rendered":"Perrot\u00f3n 2025: una carrera solidaria que uni\u00f3 a cientos de mascotas y familias pace\u00f1as"},"content":{"rendered":"<p>La zona de Sopocachi vivi\u00f3 una jornada dominical distinta, marcada por ladridos, colas movi\u00e9ndose y un ambiente de solidaridad. Cientos de mascotas y sus familias se dieron cita para participar en el Perrot\u00f3n 2025, una carrera ben\u00e9fica organizada por la Universidad Franz Tamayo, Unifranz La Paz, que una vez m\u00e1s se adue\u00f1\u00f3 de las calles para apoyar a los albergues de animales de la ciudad.<\/p>\n\n\n\n<p>El punto de partida fue la Plaza Lira, donde desde temprano comenzaron a llegar los competidores de cuatro patas. Entre ellos estaba Rocky, un peque\u00f1o pero \u00e1gil can, acompa\u00f1ado por su due\u00f1o y compa\u00f1ero de vida, Jonatan Bouilley. No estaban solos: alrededor suyo se congregaban decenas de familias, todas unidas por una causa noble, en medio de una radiante ma\u00f1ana pace\u00f1a.<\/p>\n\n\n\n<p>Este es el tercer a\u00f1o consecutivo que Unifranz organiza el Perrot\u00f3n en La Paz, como parte de la campa\u00f1a \u201cHazlo por ellos\u201d de la Fundaci\u00f3n Unifranz, una iniciativa solidaria que busca mejorar la calidad de vida de mascotas en situaci\u00f3n de calle o que habitan en refugios. En la versi\u00f3n 2024, se lograron recolectar 1.500 kilos de alimento balanceado, adem\u00e1s de medicamentos para animales necesitados; este a\u00f1o, la meta es superar esa cifra y ampliar el impacto positivo.<\/p>\n\n\n\n<p>La jornada fue posible gracias a una gran red de voluntades. Participaron la Unidad de Zoonosis del Gobierno Aut\u00f3nomo Municipal de La Paz, los voluntarios del Programa Cebras Educadores Urbanos, efectivos de la Polic\u00eda y del Gacip, Bomberos, la Guardia Municipal, Bomberos Ajayu as\u00ed como empresas y organizaciones como Laboratorios Lafar, Bios-Inti, Tigo, Uni\u00f3n Agronegocios, Vet Sur, Mimitos Spa, Productora de Eventos EJ, San Rafael Imprenta, La Cascada, Camino Real, Pink Peper, Nix Publicidad, Delizia y Podium.<\/p>\n\n\n\n<blockquote class=\"wp-block-quote is-layout-flow wp-block-quote-is-layout-flow\">\n<p>Para Eva Foronda, decana de Unifranz, este evento refleja la filosof\u00eda de la universidad. \u201cNuestra instituci\u00f3n no s\u00f3lo se dedica a la formaci\u00f3n de profesionales; va mucho m\u00e1s all\u00e1 de las aulas. Fomentamos una ciudadan\u00eda activa y consciente, capaz de generar un impacto positivo en la sociedad\u201d.<\/p>\n<\/blockquote>\n\n\n\n<p>Tambi\u00e9n estuvo presente Fernando Guzm\u00e1n, jefe de la Unidad de Salud Integral de Animales y Zoonosis del GAMLP, quien destac\u00f3: \u201cLa solidaridad con los animales de la calle es fundamental para construir una mejor sociedad\u201d.<\/p>\n\n\n\n<p>Uno de los momentos m\u00e1s especiales fue la participaci\u00f3n de \u00c1lex, el Pastor Alem\u00e1n protagonista de la pel\u00edcula \u00abLadr\u00f3n de Perros\u00bb, junto a su gu\u00eda e instructor, Valent\u00edn Calamani. \u201cApoyamos al Perrot\u00f3n de Unifranz porque aqu\u00ed se refleja el cari\u00f1o que la poblaci\u00f3n tiene por sus mascotas\u201d, se\u00f1al\u00f3 Calamani, mientras \u00c1lex posaba para numerosas fotos con sus admiradores. La competencia tuvo sus ganadores: en la categor\u00eda Peque\u00f1os se impuso Rocky; en Medianos, la victoria fue para Osa; y en Grandes, triunf\u00f3 Blue. Pero m\u00e1s all\u00e1 de los primeros lugares, todos fueron parte de una ma\u00f1ana en la que la energ\u00eda, el cari\u00f1o y la solidaridad corrieron juntos por las calles pace\u00f1as, demostrando que cuando se trata de ayudar\u2026 siempre vale la pena hacerlo por ellos.<\/p>","protected":false},"excerpt":{"rendered":"<p>El Perrot\u00f3n 2025 de Unifranz La Paz, es una carrera ben\u00e9fica que recauda alimentos y medicinas para albergues, uniendo familias y mascotas en una jornada solidaria por los animales de la ciudad.<\/p>","protected":false},"author":44,"featured_media":707270,"comment_status":"open","ping_status":"open","sticky":false,"template":"","format":"standard","meta":{"_acf_changed":false,"footnotes":""},"categories":[60],"tags":[11210,11252,53,41,10329,1482,11208,11211,242,11251],"class_list":["post-707269","post","type-post","status-publish","format-standard","has-post-thumbnail","hentry","category-blog","tag-cachorros","tag-domingo","tag-educacion","tag-la-paz","tag-pelicula","tag-perros","tag-perroton-2","tag-sopocachi","tag-unifranz","tag-zoonosis"],"acf":[],"_links":{"self":[{"href":"https:\/\/unifranz.edu.bo\/pt\/wp-json\/wp\/v2\/posts\/707269","targetHints":{"allow":["GET"]}}],"collection":[{"href":"https:\/\/unifranz.edu.bo\/pt\/wp-json\/wp\/v2\/posts"}],"about":[{"href":"https:\/\/unifranz.edu.bo\/pt\/wp-json\/wp\/v2\/types\/post"}],"author":[{"embeddable":true,"href":"https:\/\/unifranz.edu.bo\/pt\/wp-json\/wp\/v2\/users\/44"}],"replies":[{"embeddable":true,"href":"https:\/\/unifranz.edu.bo\/pt\/wp-json\/wp\/v2\/comments?post=707269"}],"version-history":[{"count":2,"href":"https:\/\/unifranz.edu.bo\/pt\/wp-json\/wp\/v2\/posts\/707269\/revisions"}],"predecessor-version":[{"id":707272,"href":"https:\/\/unifranz.edu.bo\/pt\/wp-json\/wp\/v2\/posts\/707269\/revisions\/707272"}],"wp:featuredmedia":[{"embeddable":true,"href":"https:\/\/unifranz.edu.bo\/pt\/wp-json\/wp\/v2\/media\/707270"}],"wp:attachment":[{"href":"https:\/\/unifranz.edu.bo\/pt\/wp-json\/wp\/v2\/media?parent=707269"}],"wp:term":[{"taxonomy":"category","embeddable":true,"href":"https:\/\/unifranz.edu.bo\/pt\/wp-json\/wp\/v2\/categories?post=707269"},{"taxonomy":"post_tag","embeddable":true,"href":"https:\/\/unifranz.edu.bo\/pt\/wp-json\/wp\/v2\/tags?post=707269"}],"curies":[{"name":"wp","href":"https:\/\/api.w.org\/{rel}","templated":true}]}}