{"id":707185,"date":"2025-08-05T15:14:33","date_gmt":"2025-08-05T19:14:33","guid":{"rendered":"https:\/\/unifranz.edu.bo\/?p=707185"},"modified":"2025-08-05T15:17:42","modified_gmt":"2025-08-05T19:17:42","slug":"de-bolivia-a-colombia-maria-jose-internacionaliza-su-futuro-como-profesional-en-salud","status":"publish","type":"post","link":"https:\/\/unifranz.edu.bo\/pt\/blog\/de-bolivia-a-colombia-maria-jose-internacionaliza-su-futuro-como-profesional-en-salud\/","title":{"rendered":"De Bolivia a Colombia: Mar\u00eda Jos\u00e9 internacionaliza su futuro como profesional en salud"},"content":{"rendered":"<p>Con el sue\u00f1o de convertirse en una profesional de la salud con visi\u00f3n global, Mar\u00eda Jos\u00e9 Rodr\u00edguez, estudiante de la carrera de Bioqu\u00edmica y Farmacia en la Universidad Franz Tamayo, Unifranz, inici\u00f3 una nueva etapa en su formaci\u00f3n acad\u00e9mica al integrarse a la Universidad de Boyac\u00e1, en Colombia. Hace realidad esta meta gracias al programa de movilidad internacional Internacional\u00edzate.<\/p>\n\n\n\n<p>Motivada por su vocaci\u00f3n de servicio y su compromiso con la salud, Mar\u00eda Jos\u00e9 asumi\u00f3 este desaf\u00edo con entusiasmo y determinaci\u00f3n. Durante su estancia en Colombia, Rodr\u00edguez buscar\u00e1 ampliar sus conocimientos, compartir su cultura y absorber lo mejor de la experiencia acad\u00e9mica e intercultural.<\/p>\n\n\n\n<blockquote class=\"wp-block-quote is-layout-flow wp-block-quote-is-layout-flow\">\n<p>\u201cSer un profesional de salud es amar tu carrera, a las personas e incluso a las enfermedades, porque de ellas tambi\u00e9n se aprende. Esta oportunidad me inspira a seguir creciendo y a prepararme para brindar un mejor servicio a quienes m\u00e1s lo necesitan\u201d, expres\u00f3 antes de partir.<\/p>\n<\/blockquote>\n\n\n\n<p>El programa Internacional\u00edzate de Unifranz permite que estudiantes de diferentes carreras fortalezcan su formaci\u00f3n acad\u00e9mica en prestigiosas universidades del exterior. Esta estrategia de internacionalizaci\u00f3n responde a uno de los pilares institucionales de la universidad: formar profesionales con visi\u00f3n global, comprometidos con su entorno y capaces de liderar en cualquier parte del mundo.<\/p>\n\n\n\n<p>Asegura que lleva lo mejor de Bolivia y tambi\u00e9n traer\u00e1 de regreso lo aprendido en Colombia. La tecnolog\u00eda educativa y el enfoque pr\u00e1ctico de los programas de salud en la Universidad de Boyac\u00e1 fueron algunos de los factores que captaron su atenci\u00f3n. La joven se encuentra emocionada de conocer otra realidad, de vivir un intercambio cultural.<\/p>\n\n\n\n<figure class=\"wp-block-embed is-type-video is-provider-youtube wp-block-embed-youtube wp-embed-aspect-16-9 wp-has-aspect-ratio\"><div class=\"wp-block-embed__wrapper\">\n<iframe loading=\"lazy\" title=\"Mar\u00eda Jos\u00e9 Rodr\u00edguez se convertir\u00e1 en una profesional internacional de la salud\" width=\"500\" height=\"281\" src=\"https:\/\/www.youtube.com\/embed\/7K-R0ww8mM8?feature=oembed\" frameborder=\"0\" allow=\"accelerometer; autoplay; clipboard-write; encrypted-media; gyroscope; picture-in-picture; web-share\" referrerpolicy=\"strict-origin-when-cross-origin\" allowfullscreen><\/iframe>\n<\/div><\/figure>\n\n\n\n<p>Para Mar\u00eda Jos\u00e9, esta etapa marca un antes y un despu\u00e9s en su camino profesional. \u201cNo pens\u00e9 que esta oportunidad llegar\u00eda tan pronto en mi carrera, pero un transfer lo hizo posible. Me siento feliz y orgullosa de estar en una universidad que me brinda estas opciones y relaciones internacionales\u201d, afirm\u00f3.<\/p>\n\n\n\n<blockquote class=\"wp-block-quote is-layout-flow wp-block-quote-is-layout-flow\">\n<p>\u201cEsta experiencia contribuye a la formaci\u00f3n de los estudiantes para que se conviertan en profesionales de clase mundial y los prepara para nuevos desaf\u00edos en el \u00e1rea de la salud. Mar\u00eda Jos\u00e9, crear\u00e1 relaciones con especialistas y estar\u00e1 en contacto con profesionales que dirigen cl\u00ednicas y laboratorios de alto prestigio\u201d, destac\u00f3 Patricia Avil\u00e9s, directora de la carrera de Bioqu\u00edmica y Farmacia de Unifranz Santa Cruz.<\/p>\n<\/blockquote>\n\n\n\n<p>La internacionalizaci\u00f3n universitaria no solo enriquece el aprendizaje acad\u00e9mico, sino tambi\u00e9n transforma la perspectiva de los estudiantes. Al vivir en otro pa\u00eds, enfrentarse a nuevas culturas y sistemas educativos, los futuros profesionales fortalecen su autonom\u00eda, responsabilidad y compromiso con su vocaci\u00f3n.<\/p>\n\n\n\n<p>Con iniciativas como Internacional\u00edzate, Unifranz reafirma su compromiso de ofrecer una formaci\u00f3n integral y de calidad. Con este programa, sus estudiantes no solo aprenden en las aulas, sino tambi\u00e9n en el mundo, convirti\u00e9ndose en l\u00edderes preparados para afrontar los desaf\u00edos globales de su profesi\u00f3n.<\/p>\n\n\n\n<p>Conoce m\u00e1s de la carrera de Bioqu\u00edmica y Farmacia en el siguiente enlace: https:\/\/ux.unifranz.edu.bo\/bioquimica-y-farmacia<a href=\"https:\/\/ux.unifranz.edu.bo\/bioquimica-y-farmacia\" target=\"_blank\" rel=\"noopener\" title=\"\">https:\/\/ux.unifranz.edu.bo\/bioquimica-y-farmacia<\/a><\/p>\n\n\n\n<p><\/p>","protected":false},"excerpt":{"rendered":"<p>Con el sue\u00f1o de convertirse en una profesional de la salud con visi\u00f3n global, Mar\u00eda Jos\u00e9 Rodr\u00edguez, estudiante de la carrera de Bioqu\u00edmica y Farmacia en la Universidad Franz Tamayo, Unifranz, inici\u00f3 una nueva etapa en su formaci\u00f3n acad\u00e9mica al integrarse a la Universidad de Boyac\u00e1, en Colombia. Hace realidad esta meta gracias al programa &hellip; <a href=\"https:\/\/unifranz.edu.bo\/pt\/blog\/de-bolivia-a-colombia-maria-jose-internacionaliza-su-futuro-como-profesional-en-salud\/\">Continued<\/a><\/p>","protected":false},"author":33,"featured_media":707187,"comment_status":"open","ping_status":"open","sticky":false,"template":"","format":"standard","meta":{"_acf_changed":false,"footnotes":""},"categories":[2576,1948,60,2858,2028],"tags":[833,1422,62,242,3624],"class_list":["post-707185","post","type-post","status-publish","format-standard","has-post-thumbnail","hentry","category-unifranz-santa-cruz","category-bioquimica-y-farmacia","category-blog","category-innovacion-en-educacion","category-internacionalizacion-es","tag-bioquimica-y-farmacia","tag-innovacion-en-educacion","tag-internacionalizate","tag-unifranz","tag-unifranz-santa-cruz"],"acf":[],"_links":{"self":[{"href":"https:\/\/unifranz.edu.bo\/pt\/wp-json\/wp\/v2\/posts\/707185","targetHints":{"allow":["GET"]}}],"collection":[{"href":"https:\/\/unifranz.edu.bo\/pt\/wp-json\/wp\/v2\/posts"}],"about":[{"href":"https:\/\/unifranz.edu.bo\/pt\/wp-json\/wp\/v2\/types\/post"}],"author":[{"embeddable":true,"href":"https:\/\/unifranz.edu.bo\/pt\/wp-json\/wp\/v2\/users\/33"}],"replies":[{"embeddable":true,"href":"https:\/\/unifranz.edu.bo\/pt\/wp-json\/wp\/v2\/comments?post=707185"}],"version-history":[{"count":3,"href":"https:\/\/unifranz.edu.bo\/pt\/wp-json\/wp\/v2\/posts\/707185\/revisions"}],"predecessor-version":[{"id":707193,"href":"https:\/\/unifranz.edu.bo\/pt\/wp-json\/wp\/v2\/posts\/707185\/revisions\/707193"}],"wp:featuredmedia":[{"embeddable":true,"href":"https:\/\/unifranz.edu.bo\/pt\/wp-json\/wp\/v2\/media\/707187"}],"wp:attachment":[{"href":"https:\/\/unifranz.edu.bo\/pt\/wp-json\/wp\/v2\/media?parent=707185"}],"wp:term":[{"taxonomy":"category","embeddable":true,"href":"https:\/\/unifranz.edu.bo\/pt\/wp-json\/wp\/v2\/categories?post=707185"},{"taxonomy":"post_tag","embeddable":true,"href":"https:\/\/unifranz.edu.bo\/pt\/wp-json\/wp\/v2\/tags?post=707185"}],"curies":[{"name":"wp","href":"https:\/\/api.w.org\/{rel}","templated":true}]}}