{"id":707132,"date":"2025-08-02T22:21:03","date_gmt":"2025-08-03T02:21:03","guid":{"rendered":"https:\/\/unifranz.edu.bo\/?p=707132"},"modified":"2025-08-02T22:21:09","modified_gmt":"2025-08-03T02:21:09","slug":"liderazgo-con-proposito-veronica-agreda-rectora-de-unifranz-entre-las-200-mujeres-que-construyen-bolivia","status":"publish","type":"post","link":"https:\/\/unifranz.edu.bo\/pt\/blog\/liderazgo-con-proposito-veronica-agreda-rectora-de-unifranz-entre-las-200-mujeres-que-construyen-bolivia\/","title":{"rendered":"Liderazgo con prop\u00f3sito: Ver\u00f3nica \u00c1greda, rectora de Unifranz, entre las 200 mujeres que construyen Bolivia"},"content":{"rendered":"<p>\u201cCuando las mujeres est\u00e1n dispuestas a cerrar las brechas y a promover sociedades m\u00e1s justas y sostenibles, tengan por seguro que lo van a conseguir\u201d. Con esta frase cargada de determinaci\u00f3n, Ver\u00f3nica Agreda de Pazos, presidenta de la Asociaci\u00f3n Nacional de Universidades Privadas (ANUP) y rectora nacional de la Universidad Franz Tamayo, Unifranz, recibi\u00f3 el reconocimiento como una de las 200 mujeres l\u00edderes del Bicentenario. La distinci\u00f3n fue otorgada en el marco del Woman Economic Forum (WEF) Bicentenario Bolivia 2025.<\/p>\n\n\n\n<p>Con una trayectoria marcada por la innovaci\u00f3n educativa y la promoci\u00f3n del liderazgo femenino, Agreda destac\u00f3 que este galard\u00f3n no es individual. Sostuvo que representa el esfuerzo colectivo de todas las mujeres que trabajan por transformar la educaci\u00f3n en Bolivia.<\/p>\n\n\n\n<blockquote class=\"wp-block-quote is-layout-flow wp-block-quote-is-layout-flow\">\n<p>\u201cEste reconocimiento no es m\u00edo, es para todas las mujeres que forman parte del equipo de Unifranz. Creemos que Bolivia merece vivir con mayor justicia en un mundo m\u00e1s humano y sostenible. Gracias por hacer que la transformaci\u00f3n educativa del pa\u00eds sea una realidad cada vez m\u00e1s tangible\u201d, afirm\u00f3.<\/p>\n<\/blockquote>\n\n\n\n<p>El foro reuni\u00f3 a m\u00e1s de 700 personas y congreg\u00f3 a mujeres influyentes de distintos \u00e1mbitos, como cultura, periodismo, deporte, educaci\u00f3n, salud y empresa. Sus historias est\u00e1n plasmadas en el \u201cLibro de las Mujeres de la Historia y las 200 Mujeres del Bicentenario\u201d, una obra que honra su aporte desde la independencia de la rep\u00fablica hasta la actualidad.<\/p>\n\n\n\n<p>Entre las asistentes destacaron figuras como Debra Hevia, jefa de misi\u00f3n de Estados Unidos en Bolivia, y Nidya Pes\u00e1ntez, representante de ONU Mujeres en Bolivia.<\/p>\n\n\n\n<p>Xiomara Zambrana, directora del Instituto de la Mujer y Empresa (IME) de Unifranz, tambi\u00e9n fue reconocida como una de las 200 l\u00edderes. Enfatiz\u00f3 que vivimos en un momento en el que se hace imprescindible potenciar los liderazgos femeninos por un tema de desarrollo, crecimiento, equidad y justicia social.<\/p>\n\n\n\n<p>\u201cHoy estamos aqu\u00ed por las que no tienen voz ni privilegio. Somos m\u00e1s de 200 las mujeres que estamos poniendo el hombro para construir una Bolivia equitativa y pr\u00f3spera\u201d, indic\u00f3.<\/p>\n\n\n\n<figure class=\"wp-block-embed is-type-video is-provider-youtube wp-block-embed-youtube wp-embed-aspect-16-9 wp-has-aspect-ratio\"><div class=\"wp-block-embed__wrapper\">\n<iframe loading=\"lazy\" title=\"Ver\u00f3nica \u00c1greda, entre las 200 mujeres que construyen Bolivia con liderazgo y educaci\u00f3n\" width=\"500\" height=\"281\" src=\"https:\/\/www.youtube.com\/embed\/QuCHTAlFq24?feature=oembed\" frameborder=\"0\" allow=\"accelerometer; autoplay; clipboard-write; encrypted-media; gyroscope; picture-in-picture; web-share\" referrerpolicy=\"strict-origin-when-cross-origin\" allowfullscreen><\/iframe>\n<\/div><\/figure>\n\n\n\n<p><strong>Retos que enfrentan las mujeres en Bolivia<\/strong><\/p>\n\n\n\n<p>\u00c1greda fue parte del panel \u201cPresidentes de Directorios: desaf\u00edos y \u00e1reas de transformaci\u00f3n en el Bicentenario de Bolivia\u201d. En este espacio se cont\u00f3 con la participaci\u00f3n de los presidente de la C\u00e1mara de Industria y Comercio, Jean Antelo y del Colegio de Economistas de Santa Cruz, Claudia Pacheco., entre otros.<\/p>\n\n\n\n<p>Desde su experiencia, \u00c1greda comparti\u00f3 su visi\u00f3n sobre el papel de la educaci\u00f3n, la sostenibilidad y el empoderamiento de la mujer como motor de cambio social y econ\u00f3mico. Abord\u00f3 con firmeza los retos que enfrentan las mujeres bolivianas: la baja representaci\u00f3n en cargos de liderazgo, la brecha digital de g\u00e9nero y los estereotipos que persisten desde la infancia.<\/p>\n\n\n\n<blockquote class=\"wp-block-quote is-layout-flow wp-block-quote-is-layout-flow\">\n<p>\u201cLa mujer no accede a puestos de decisi\u00f3n no porque no est\u00e9 capacitada -la matr\u00edcula universitaria se ha feminizado- sino porque a\u00fan hay \u00e1reas, como ciencias, tecnolog\u00edas, ingenier\u00edas y matem\u00e1ticas, donde nuestra presencia es m\u00ednima\u201d, se\u00f1al\u00f3.<\/p>\n<\/blockquote>\n\n\n\n<p>Asimismo, hizo un llamado a transformar los modelos educativos y culturales, promoviendo una educaci\u00f3n continua y fomentando la corresponsabilidad en los hogares. \u201c\u00bfCu\u00e1nto animamos a nuestras hijas a usar un desarmador o a jugar con LEGO en lugar de solo comprarles mu\u00f1ecas?\u201d, cuestion\u00f3, subrayando la necesidad de romper los patrones que limitan el potencial femenino.<\/p>\n\n\n\n<blockquote class=\"wp-block-quote is-layout-flow wp-block-quote-is-layout-flow\">\n<p>En un discurso que combin\u00f3 inspiraci\u00f3n y contundencia, Agreda concluy\u00f3 que los desaf\u00edos tambi\u00e9n se convierten en oportunidades. \u201cEstamos aqu\u00ed para cerrar esas brechas por nuestros hijos y las futuras generaciones. Queremos ver m\u00e1s mujeres cient\u00edficas, ingenieras. Queremos que la econom\u00eda de Bolivia deje de depender solo de recursos y se fortalezca en el conocimiento\u201d, afirm\u00f3.<\/p>\n<\/blockquote>\n\n\n\n<p>Finalmente, reiter\u00f3 su convicci\u00f3n de que el pa\u00eds tiene el talento para ser un referente regional. \u201cBolivia puede exportar talento humano y convertirse en un faro para toda la regi\u00f3n. Lo vamos a lograr\u201d, sentenci\u00f3.<\/p>","protected":false},"excerpt":{"rendered":"<p>Liderazgo femenino con prop\u00f3sito: Ver\u00f3nica \u00c1greda es parte de las 200 mujeres que transforman Bolivia desde la educaci\u00f3n y la sostenibilidad.<\/p>","protected":false},"author":50,"featured_media":707133,"comment_status":"open","ping_status":"open","sticky":false,"template":"","format":"standard","meta":{"_acf_changed":false,"footnotes":""},"categories":[60],"tags":[2904,10581,1422,1828,242,1646,11231],"class_list":["post-707132","post","type-post","status-publish","format-standard","has-post-thumbnail","hentry","category-blog","tag-anup","tag-bicentenario-de-bolivia","tag-innovacion-en-educacion","tag-liderazgo-femenino","tag-unifranz","tag-veronica-agreda","tag-wef-bolivia"],"acf":[],"_links":{"self":[{"href":"https:\/\/unifranz.edu.bo\/pt\/wp-json\/wp\/v2\/posts\/707132","targetHints":{"allow":["GET"]}}],"collection":[{"href":"https:\/\/unifranz.edu.bo\/pt\/wp-json\/wp\/v2\/posts"}],"about":[{"href":"https:\/\/unifranz.edu.bo\/pt\/wp-json\/wp\/v2\/types\/post"}],"author":[{"embeddable":true,"href":"https:\/\/unifranz.edu.bo\/pt\/wp-json\/wp\/v2\/users\/50"}],"replies":[{"embeddable":true,"href":"https:\/\/unifranz.edu.bo\/pt\/wp-json\/wp\/v2\/comments?post=707132"}],"version-history":[{"count":1,"href":"https:\/\/unifranz.edu.bo\/pt\/wp-json\/wp\/v2\/posts\/707132\/revisions"}],"predecessor-version":[{"id":707134,"href":"https:\/\/unifranz.edu.bo\/pt\/wp-json\/wp\/v2\/posts\/707132\/revisions\/707134"}],"wp:featuredmedia":[{"embeddable":true,"href":"https:\/\/unifranz.edu.bo\/pt\/wp-json\/wp\/v2\/media\/707133"}],"wp:attachment":[{"href":"https:\/\/unifranz.edu.bo\/pt\/wp-json\/wp\/v2\/media?parent=707132"}],"wp:term":[{"taxonomy":"category","embeddable":true,"href":"https:\/\/unifranz.edu.bo\/pt\/wp-json\/wp\/v2\/categories?post=707132"},{"taxonomy":"post_tag","embeddable":true,"href":"https:\/\/unifranz.edu.bo\/pt\/wp-json\/wp\/v2\/tags?post=707132"}],"curies":[{"name":"wp","href":"https:\/\/api.w.org\/{rel}","templated":true}]}}