{"id":707096,"date":"2025-08-02T12:18:59","date_gmt":"2025-08-02T16:18:59","guid":{"rendered":"https:\/\/unifranz.edu.bo\/?p=707096"},"modified":"2025-08-02T12:21:21","modified_gmt":"2025-08-02T16:21:21","slug":"ruta-de-denuncia-trata-y-trafico-el-alto","status":"publish","type":"post","link":"https:\/\/unifranz.edu.bo\/pt\/blog\/ruta-de-denuncia-trata-y-trafico-el-alto\/","title":{"rendered":"El Alto construye una ruta de denuncia para v\u00edctimas de trata y tr\u00e1fico"},"content":{"rendered":"<p>Mientras el silencio pesa m\u00e1s que mil palabras, miles de mujeres, ni\u00f1as, ni\u00f1os y adolescentes en Bolivia y en el mundo siguen atrapados en redes de violencia, sin acceso a justicia ni reparaci\u00f3n. Frente a esta realidad, El Alto se convirti\u00f3 en un escenario de esperanza con el evento \u201cConstrucci\u00f3n de ruta de denuncia y atenci\u00f3n de v\u00edctimas de trata de personas\u201d, organizado por la <a href=\"https:\/\/www.levantatemujer.org\/\" target=\"_blank\" rel=\"noopener\">Fundaci\u00f3n Lev\u00e1ntate Mujer<\/a>, en coordinaci\u00f3n con el <a href=\"https:\/\/www.facebook.com\/p\/Comit%C3%A9-Interinstitucional-contra-la-violencia-El-Alto-100076765377548\/?locale=es_LA\" target=\"_blank\" rel=\"noopener\">Comit\u00e9 Interinstitucional contra la Violencia de El Alto<\/a> y la <a href=\"https:\/\/unifranz.edu.bo\/\">Universidad Franz Tamayo, Unifranz<\/a>.<\/p>\n\n\n\n<p><\/p>\n\n\n\n<p>M\u00e1s de 30 instituciones p\u00fablicas, ONG y organizaciones civiles \u2014entre ellas la <a href=\"https:\/\/www.policia.bo\/tramite-felcc\/\" target=\"_blank\" rel=\"noopener\">FELCC<\/a>, <a href=\"https:\/\/www.facebook.com\/FelcvBolivia\/\" target=\"_blank\" rel=\"noopener\">FELCV<\/a>, <a href=\"https:\/\/www.defensoria.gob.bo\/\" target=\"_blank\" rel=\"noopener\">Defensor\u00eda del Pueblo<\/a>, <a href=\"https:\/\/www.minsalud.gob.bo\/\" target=\"_blank\" rel=\"noopener\">Ministerio de Salud<\/a>, <a href=\"https:\/\/www.aldeasinfantiles.org.bo\/\" target=\"_blank\" rel=\"noopener\">Aldeas Infantiles<\/a>, <a href=\"https:\/\/www.facebook.com\/espacioecopedagogicocasakusisina\/\" target=\"_blank\" rel=\"noopener\">Casa Kusisi\u00f1a<\/a> y la <a href=\"https:\/\/www.facebook.com\/espacioecopedagogicocasakusisina\/\" target=\"_blank\" rel=\"noopener\">Red T\u00fa Decides El Alto<\/a>\u2014 participaron activamente en el encuentro realizado en Unifranz El Alto. Se avanz\u00f3 en la construcci\u00f3n colaborativa de una ruta integral de atenci\u00f3n y denuncia para v\u00edctimas de trata y tr\u00e1fico de personas.<\/p>\n\n\n\n<p><\/p>\n\n\n\n<p>Esta propuesta, enfocada en derechos humanos y acompa\u00f1amiento profesional, est\u00e1 dirigida a mujeres, ni\u00f1as, ni\u00f1os, adolescentes y hombres en situaci\u00f3n de vulnerabilidad, y \u201cbusca garantizar y restablecer los derechos humanos de las v\u00edctimas\u201d, explic\u00f3 Eliana Exalto, directora de la carrera de Psicolog\u00eda de Unifranz El Alto.<\/p>\n\n\n\n<p>Datos globales que ponen en contexto el desaf\u00edo<\/p>\n\n\n\n<p><\/p>\n\n\n\n<p>Seg\u00fan el Informe Global de Trata de Personas de la <a href=\"https:\/\/www.unodc.org\/bolivia\/es\/unodc_en_el_mundo.html\" target=\"_blank\" rel=\"noopener\">Oficina de las Naciones Unidas contra la Droga y el Delito (UNODC)<\/a>, entre 2020 y 2022 se detect\u00f3 un 25\u202f% de aumento en v\u00edctimas reportadas a nivel mundial, con los ni\u00f1os y ni\u00f1as representando al menos un 38\u202f% del total, y las ni\u00f1as un 22\u202f%, lo que implica un incremento del 31\u202f% respecto a 2019.<\/p>\n\n\n\n<p><\/p>\n\n\n\n<p>En Bolivia, la situaci\u00f3n es alarmante. La trata de personas ha crecido un 92\u202f% en la \u00faltima d\u00e9cada, siendo las principales v\u00edctimas adolescentes y j\u00f3venes de entre 12 y 22 a\u00f1os. A pesar de los centenares de casos denunciados cada a\u00f1o, la impunidad y la falta de respuesta institucional persisten: m\u00e1s del 71\u202f% de las v\u00edctimas no recibi\u00f3 atenci\u00f3n efectiva en los \u00faltimos dos a\u00f1os, seg\u00fan datos de la Defensor\u00eda del Pueblo. En ciudades con altos \u00edndices de vulnerabilidad, como El Alto, se han establecido unidades especializadas de la FELCC y la FELCV para atender estos casos, aunque a\u00fan enfrentan limitaciones estructurales y operativas.<\/p>\n\n\n\n<p><\/p>\n\n\n\n<h2 class=\"wp-block-heading\"><strong>Logros del evento<\/strong><\/h2>\n\n\n\n<p>El encuentro logr\u00f3 avances concretos: se defini\u00f3 una ruta consensuada de denuncia y atenci\u00f3n integral, se acordaron protocolos de acci\u00f3n entre entidades y se presentaron propuestas por parte de grupos interdisciplinarios para su articulaci\u00f3n interinstitucional.<\/p>\n\n\n\n<p><\/p>\n\n\n\n<p>Desde la mirada de la directora de Psicolog\u00eda, uno de los aspectos m\u00e1s relevantes del evento fueron las mesas de trabajo conformadas por representantes de diversas instituciones, incluyendo Unifranz. En estas, se abordaron ejes clave como la atenci\u00f3n integral a v\u00edctimas, la ruta de denuncia y el papel que cada actor debe cumplir en el proceso.<\/p>\n\n\n\n<p><\/p>\n\n\n\n<p>\u201cEl apoyo de las distintas instituciones participantes ha generado un impacto significativo en la elaboraci\u00f3n de esta ruta, y como conclusiones podemos enfatizar la necesidad de continuar el trabajo conjunto para garantizar atenci\u00f3n integral, coordinaci\u00f3n interinstitucional y reducir los efectos de la burocracia como obst\u00e1culo\u201d, remarc\u00f3 Exalto. A\u00f1adi\u00f3 que actualmente se contin\u00faa trabajando en el documento final, el cual ser\u00e1 presentado p\u00fablicamente y ante las autoridades competentes para su implementaci\u00f3n, en beneficio de las v\u00edctimas y como herramienta de prevenci\u00f3n frente a nuevos casos.<\/p>\n\n\n\n<p><\/p>\n\n\n\n<h2 class=\"wp-block-heading\"><strong>Implicaci\u00f3n acad\u00e9mica<\/strong><\/h2>\n\n\n\n<p>La carrera de Psicolog\u00eda de Unifranz aport\u00f3 un enfoque acad\u00e9mico en el dise\u00f1o de estrategias de atenci\u00f3n psicol\u00f3gica y contenci\u00f3n emocional, mientras que la carrera de Derecho acompa\u00f1\u00f3 en aspectos normativos. El programa Amar es Educar permiti\u00f3 la participaci\u00f3n de estudiantes voluntarios en escenarios reales de prevenci\u00f3n y apoyo.<\/p>\n\n\n\n<p><\/p>\n\n\n\n<p>\u201cDesde nuestra carrera, consideramos muy importante transmitir a la comunidad universitaria y a la sociedad que la trata de personas es un problema grave que requiere una atenci\u00f3n integral y efectiva. La denuncia y la atenci\u00f3n a las v\u00edctimas son fundamentales para prevenir y combatir este delito desde la contenci\u00f3n y atenci\u00f3n para enfrentar los efectos psicol\u00f3gicos que podr\u00eda generar\u201d, a\u00f1adi\u00f3 Exalto.<\/p>\n\n\n\n<p><\/p>\n\n\n\n<p>Este encuentro marca un antes y un despu\u00e9s en la articulaci\u00f3n interinstitucional con enfoque acad\u00e9mico. Se abre as\u00ed una senda concreta para la atenci\u00f3n de v\u00edctimas y la construcci\u00f3n colectiva de justicia. Atreverse a denunciar, contener y transformar: esa es la ruta que hoy comienza en El Alto.<\/p>","protected":false},"excerpt":{"rendered":"<p>M\u00e1s de 30 instituciones unen fuerzas en El Alto para construir una ruta de denuncia y atenci\u00f3n para v\u00edctimas de trata y tr\u00e1fico de personas.<\/p>","protected":false},"author":25,"featured_media":707129,"comment_status":"open","ping_status":"open","sticky":false,"template":"","format":"standard","meta":{"_acf_changed":false,"footnotes":""},"categories":[11083,60,10538,302,1782,10374],"tags":[47,386,1422,242],"class_list":["post-707096","post","type-post","status-publish","format-standard","has-post-thumbnail","hentry","category-unifranzelalto","category-blog","category-delitos","category-el-alto","category-unifranz","category-unifranz-el-alto","tag-el-alto","tag-estudiantes","tag-innovacion-en-educacion","tag-unifranz"],"acf":[],"_links":{"self":[{"href":"https:\/\/unifranz.edu.bo\/pt\/wp-json\/wp\/v2\/posts\/707096","targetHints":{"allow":["GET"]}}],"collection":[{"href":"https:\/\/unifranz.edu.bo\/pt\/wp-json\/wp\/v2\/posts"}],"about":[{"href":"https:\/\/unifranz.edu.bo\/pt\/wp-json\/wp\/v2\/types\/post"}],"author":[{"embeddable":true,"href":"https:\/\/unifranz.edu.bo\/pt\/wp-json\/wp\/v2\/users\/25"}],"replies":[{"embeddable":true,"href":"https:\/\/unifranz.edu.bo\/pt\/wp-json\/wp\/v2\/comments?post=707096"}],"version-history":[{"count":1,"href":"https:\/\/unifranz.edu.bo\/pt\/wp-json\/wp\/v2\/posts\/707096\/revisions"}],"predecessor-version":[{"id":707109,"href":"https:\/\/unifranz.edu.bo\/pt\/wp-json\/wp\/v2\/posts\/707096\/revisions\/707109"}],"wp:featuredmedia":[{"embeddable":true,"href":"https:\/\/unifranz.edu.bo\/pt\/wp-json\/wp\/v2\/media\/707129"}],"wp:attachment":[{"href":"https:\/\/unifranz.edu.bo\/pt\/wp-json\/wp\/v2\/media?parent=707096"}],"wp:term":[{"taxonomy":"category","embeddable":true,"href":"https:\/\/unifranz.edu.bo\/pt\/wp-json\/wp\/v2\/categories?post=707096"},{"taxonomy":"post_tag","embeddable":true,"href":"https:\/\/unifranz.edu.bo\/pt\/wp-json\/wp\/v2\/tags?post=707096"}],"curies":[{"name":"wp","href":"https:\/\/api.w.org\/{rel}","templated":true}]}}