{"id":707094,"date":"2025-08-01T17:23:46","date_gmt":"2025-08-01T21:23:46","guid":{"rendered":"https:\/\/unifranz.edu.bo\/?p=707094"},"modified":"2025-08-01T17:23:52","modified_gmt":"2025-08-01T21:23:52","slug":"movilidad-estudiantil-crecer-lejos-de-casa-aprender-en-el-mundo","status":"publish","type":"post","link":"https:\/\/unifranz.edu.bo\/pt\/blog\/movilidad-estudiantil-crecer-lejos-de-casa-aprender-en-el-mundo\/","title":{"rendered":"Movilidad estudiantil: crecer lejos de casa, aprender en el mundo"},"content":{"rendered":"<p>Hace unos d\u00edas, Jainne Karina Rosero Sandoval lleg\u00f3 de Colombia a Bolivia. Trajo consigo no solo libros y ropa, sino sue\u00f1os y metas. Sabe que estudiar en otro pa\u00eds no solo le abrir\u00e1 la mente, sino tambi\u00e9n las puertas a nuevas oportunidades y habilidades para su profesi\u00f3n.<\/p>\n\n\n\n<p>La movilidad estudiantil es una tendencia global en expansi\u00f3n que permite a los estudiantes cursar parte de sus estudios en una instituci\u00f3n educativa distinta a la de origen, ya sea a nivel nacional o internacional. En Am\u00e9rica Latina y el mundo, este modelo cobra cada vez mayor relevancia gracias al impulso de universidades que buscan preparar profesionales con una visi\u00f3n global, intercultural y con habilidades adaptadas a un entorno cada vez m\u00e1s interconectado.<\/p>\n\n\n\n<blockquote class=\"wp-block-quote is-layout-flow wp-block-quote-is-layout-flow\">\n<p>\u201cVengo de la Universidad de Investigaci\u00f3n y Desarrollo (UDI) de Colombia, Santander. Ahora estoy en Bolivia, en la Universidad Franz Tamayo, Unifranz, haciendo un intercambio. Esto es muy importante para el avance de mi carrera profesional. Integrarte a otro tipo de culturas puede ayudarte a abrir m\u00e1s puertas y caminos\u201d, se\u00f1ala Rosero.<\/p>\n<\/blockquote>\n\n\n\n<p><strong>Una tendencia que crece<\/strong><\/p>\n\n\n\n<p>De acuerdo con una investigaci\u00f3n de la UNESCO-IESALC, la movilidad internacional de estudiantes ha experimentado un crecimiento sostenido en los \u00faltimos a\u00f1os. En las dos \u00faltimas d\u00e9cadas, el volumen de estudiantes de educaci\u00f3n superior que cursan estudios en otro pa\u00eds se triplic\u00f3. En cifras, pasaron de 2,1 millones en el a\u00f1o 2000 a 6,3 millones en 2020, lo que representa un aumento del 198 %.&nbsp;<\/p>\n\n\n\n<blockquote class=\"wp-block-quote is-layout-flow wp-block-quote-is-layout-flow\">\n<p>\u201cLos programas de intercambio son sumamente importantes para fortalecer las competencias de los estudiantes, desde el momento en que salen de su pa\u00eds de origen hasta que retornan. Vuelven con an\u00e9cdotas, experiencias y con la autogesti\u00f3n que desarrollan durante su intercambio. Muchos deben valerse por s\u00ed mismos, y eso los motiva a trabajar y conocerse m\u00e1s all\u00e1 de su zona de confort\u201d, explica Iv\u00e1n Menacho, asesor de Movilidad Estudiantil de la sede La Paz de Unifranz.<\/p>\n\n\n\n<p>A\u00f1ade que, a nivel profesional, los estudiantes logran conformar una red de contactos internacionales que les abre oportunidades no solo laborales, sino tambi\u00e9n de formaci\u00f3n especializada.<\/p>\n<\/blockquote>\n\n\n\n<p><strong>Abrir la mente al mundo<\/strong><\/p>\n\n\n\n<p>\u201cSiempre so\u00f1\u00e9 con estudiar en el extranjero\u201d, sostiene Randy Rivera Alvitres, estudiante de Artes y Dise\u00f1o Gr\u00e1fico Empresarial en la Universidad Se\u00f1or de Sip\u00e1n, en Per\u00fa. Hoy complementa su formaci\u00f3n en Unifranz, en Bolivia. Desde peque\u00f1o, ten\u00eda una meta clara: estudiar fuera de su pa\u00eds.<\/p>\n\n\n\n<p>Al llegar a La Paz, sede de Gobierno de Bolivia, sus primeras impresiones estuvieron marcadas por el fr\u00edo y el alto nivel creativo que observ\u00f3 en su entorno. \u201cAqu\u00ed son muy creativos. He visto banners, pinturas e ilustraciones que me hacen sentir que debo exigirme m\u00e1s. Pero eso tambi\u00e9n me motiva, porque quiero estar a la altura y aportar a mi futuro profesional\u201d, reflexiona.<\/p>\n\n\n\n<p>Para \u00e9l, lo m\u00e1s valioso del intercambio es el contacto cultural. \u201cConocer estilos de arte, dibujo y elementos visuales de otras culturas nos ayuda cuando trabajamos en proyectos colaborativos o queremos rendir homenaje a un pa\u00eds hermano\u201d.<\/p>\n\n\n\n<figure class=\"wp-block-embed is-type-video is-provider-youtube wp-block-embed-youtube wp-embed-aspect-16-9 wp-has-aspect-ratio\"><div class=\"wp-block-embed__wrapper\">\n<iframe loading=\"lazy\" title=\"Movilidad estudiantil: crecer lejos de casa, aprender en el mundo\" width=\"500\" height=\"281\" src=\"https:\/\/www.youtube.com\/embed\/Ksab6L5cmJg?feature=oembed\" frameborder=\"0\" allow=\"accelerometer; autoplay; clipboard-write; encrypted-media; gyroscope; picture-in-picture; web-share\" referrerpolicy=\"strict-origin-when-cross-origin\" allowfullscreen><\/iframe>\n<\/div><\/figure>\n\n\n\n<p>La movilidad estudiantil no solo representa una oportunidad acad\u00e9mica, sino tambi\u00e9n una experiencia de vida que fortalece la autonom\u00eda, la resiliencia y la capacidad de adaptaci\u00f3n de los j\u00f3venes. Estudiar en otro pa\u00eds \u2014o incluso en otra regi\u00f3n del mismo pa\u00eds\u2014 implica enfrentarse a nuevos entornos educativos, culturales y sociales, lo que ampl\u00eda la perspectiva del estudiante y mejora su empleabilidad futura.<\/p>\n\n\n\n<p>Estas ventajas fueron las que llamaron la atenci\u00f3n de Paula Noriega, estudiante de Psicolog\u00eda en la UDI. \u201cLa mente humana est\u00e1 en todo el mundo, pero el entorno cambia la forma de abordarla. Esta experiencia me permite entender esas diferencias y tambi\u00e9n encontrar puntos en com\u00fan entre Bolivia y Colombia\u201d, afirma.<\/p>\n\n\n\n<p><strong>No todo es f\u00e1cil: \u201cHay miedo\u201d<\/strong><\/p>\n\n\n\n<p>Pero si bien se trata de una gran oportunidad, para muchos estudiantes la decisi\u00f3n de estudiar en otro pa\u00eds puede resultar abrumadora e intimidante. En muchos casos, el mayor obst\u00e1culo no es acad\u00e9mico, sino emocional o incluso legal.<\/p>\n\n\n\n<p>Por ello, la UNESCO remarca que la movilidad debe ir acompa\u00f1ada de pol\u00edticas claras de reconocimiento de estudios, homologaci\u00f3n de t\u00edtulos y apoyo institucional. Estas medidas deben garantizar que los beneficios lleguen a todos los sectores, especialmente a los estudiantes de contextos m\u00e1s vulnerables.<\/p>\n\n\n\n<p>En el plano personal, el temor tambi\u00e9n juega un papel importante. \u201cMuchas veces, el miedo te detiene. Pero sab\u00eda que si no me lanzaba ahora, quiz\u00e1s nunca lo har\u00eda\u201d, recuerda Noriega. Aunque est\u00e1 contenta y emocionada, admite con su acento colombiano: \u201cExtra\u00f1o mi casita\u201d.<\/p>\n\n\n\n<p>Rosero coincide. Para ella, lo m\u00e1s dif\u00edcil de dejar su pa\u00eds fue dejar a su familia. Explica que, si bien la universidad que recibe a los estudiantes se convierte en una segunda familia, la experiencia sigue siendo dura.<\/p>\n\n\n\n<p>\u201cDejas tu casa, tu pa\u00eds, tu familia, hasta tu mascota. Pero todo es un proceso, y cada proceso tiene que vivirse. No pod\u00eda estar siempre a las \u2018guaguas\u2019 de mi madre, como decimos en Colombia. Es un paso que ten\u00eda que dar para progresar en el futuro\u201d, concluye.<\/p>\n\n\n\n<p><strong>M\u00e1s all\u00e1 del aprendizaje<\/strong>&nbsp;<\/p>\n\n\n\n<p>Para un universitario, vivir la experiencia de estudiar en el extranjero es una oportunidad \u00fanica que va m\u00e1s all\u00e1 del aprendizaje acad\u00e9mico, sostiene la coordinadora nacional del Programa de Movilidad Internacional de Unifranz, Mar\u00eda Fernanda Oll\u00e9. A\u00f1ade que es una experiencia primordial para comprender diferentes perspectivas esenciales en un mundo cada vez m\u00e1s globalizado.&nbsp;<\/p>\n\n\n\n<blockquote class=\"wp-block-quote is-layout-flow wp-block-quote-is-layout-flow\">\n<p>\u201cAdem\u00e1s, estudiar en el extranjero refuerza la autonom\u00eda, la capacidad de adaptaci\u00f3n y fomenta el desarrollo personal y profesional de los estudiantes. Considero que este tipo de experiencias no solo enriquecen el perfil de los estudiantes, sino que los preparan para ser l\u00edderes globales en sus futuras carreras\u201d, afirma.<\/p>\n<\/blockquote>","protected":false},"excerpt":{"rendered":"<p>Hace unos d\u00edas, Jainne Karina Rosero Sandoval lleg\u00f3 de Colombia a Bolivia. Trajo consigo no solo libros y ropa, sino sue\u00f1os y metas. Sabe que estudiar en otro pa\u00eds no solo le abrir\u00e1 la mente, sino tambi\u00e9n las puertas a nuevas oportunidades y habilidades para su profesi\u00f3n. La movilidad estudiantil es una tendencia global en &hellip; <a href=\"https:\/\/unifranz.edu.bo\/pt\/blog\/movilidad-estudiantil-crecer-lejos-de-casa-aprender-en-el-mundo\/\">Continued<\/a><\/p>","protected":false},"author":53,"featured_media":707091,"comment_status":"open","ping_status":"open","sticky":false,"template":"","format":"standard","meta":{"_acf_changed":false,"footnotes":""},"categories":[60],"tags":[619,9140,53,492,4030,1422,312,248,8222,242],"class_list":["post-707094","post","type-post","status-publish","format-standard","has-post-thumbnail","hentry","category-blog","tag-america-latina","tag-crecimiento-personal","tag-educacion","tag-estudiante","tag-habilidades","tag-innovacion-en-educacion","tag-intercambio-estudiantil","tag-internacionalizacion","tag-mentes-sin-fronteras","tag-unifranz"],"acf":[],"_links":{"self":[{"href":"https:\/\/unifranz.edu.bo\/pt\/wp-json\/wp\/v2\/posts\/707094","targetHints":{"allow":["GET"]}}],"collection":[{"href":"https:\/\/unifranz.edu.bo\/pt\/wp-json\/wp\/v2\/posts"}],"about":[{"href":"https:\/\/unifranz.edu.bo\/pt\/wp-json\/wp\/v2\/types\/post"}],"author":[{"embeddable":true,"href":"https:\/\/unifranz.edu.bo\/pt\/wp-json\/wp\/v2\/users\/53"}],"replies":[{"embeddable":true,"href":"https:\/\/unifranz.edu.bo\/pt\/wp-json\/wp\/v2\/comments?post=707094"}],"version-history":[{"count":2,"href":"https:\/\/unifranz.edu.bo\/pt\/wp-json\/wp\/v2\/posts\/707094\/revisions"}],"predecessor-version":[{"id":707107,"href":"https:\/\/unifranz.edu.bo\/pt\/wp-json\/wp\/v2\/posts\/707094\/revisions\/707107"}],"wp:featuredmedia":[{"embeddable":true,"href":"https:\/\/unifranz.edu.bo\/pt\/wp-json\/wp\/v2\/media\/707091"}],"wp:attachment":[{"href":"https:\/\/unifranz.edu.bo\/pt\/wp-json\/wp\/v2\/media?parent=707094"}],"wp:term":[{"taxonomy":"category","embeddable":true,"href":"https:\/\/unifranz.edu.bo\/pt\/wp-json\/wp\/v2\/categories?post=707094"},{"taxonomy":"post_tag","embeddable":true,"href":"https:\/\/unifranz.edu.bo\/pt\/wp-json\/wp\/v2\/tags?post=707094"}],"curies":[{"name":"wp","href":"https:\/\/api.w.org\/{rel}","templated":true}]}}