{"id":706906,"date":"2025-07-28T07:00:00","date_gmt":"2025-07-28T11:00:00","guid":{"rendered":"https:\/\/unifranz.edu.bo\/?p=706906"},"modified":"2025-07-27T20:43:50","modified_gmt":"2025-07-28T00:43:50","slug":"creer-en-uno-mismo-la-base-silenciosa-de-una-buena-salud-mental","status":"publish","type":"post","link":"https:\/\/unifranz.edu.bo\/pt\/blog\/creer-en-uno-mismo-la-base-silenciosa-de-una-buena-salud-mental\/","title":{"rendered":"Creer en uno mismo: la base silenciosa de una buena salud mental"},"content":{"rendered":"<p>Sentir que no se es suficiente, no atreverse a hablar, evitar mirar al espejo o postergar los propios sue\u00f1os. Estas experiencias, tan comunes como dolorosas, son s\u00edntomas de una herida emocional invisible pero profunda: la baja autoestima. No creer en uno mismo no solo impide alcanzar metas, tambi\u00e9n afecta gravemente la salud mental.\u00a0<\/p>\n\n\n\n<p><\/p>\n\n\n\n<p>En un mundo donde la exigencia, la comparaci\u00f3n constante y la presi\u00f3n social marcan el ritmo de vida, aprender a valorarse es m\u00e1s que un acto de amor propio: es una necesidad para sobrevivir emocionalmente.<\/p>\n\n\n\n<p><\/p>\n\n\n\n<blockquote class=\"wp-block-quote is-layout-flow wp-block-quote-is-layout-flow\">\n<p>Liudmila Loayza, directora de la carrera de Psicolog\u00eda en la Universidad Franz Tamayo, Unifranz, lo resume con claridad. <em>\u201cTodo inicia en las emociones, en el coraz\u00f3n. Hay que quererse, valorarse y amarse. Tenemos que conocer que todo parte de la mente. Por eso es importante saber esto para que las personas que sufren de baja autoestima empiecen a quererse m\u00e1s, para que inicien a conocerse, valorarse, tiene que haber una decisi\u00f3n\u201d<\/em>.<\/p>\n<\/blockquote>\n\n\n\n<p><\/p>\n\n\n\n<p>La autoestima, definida como la valoraci\u00f3n que una persona tiene de s\u00ed misma, constituye uno de los pilares fundamentales del bienestar psicol\u00f3gico. No se trata de una simple percepci\u00f3n emocional, sino de un constructo complejo que incluye la autoimagen (c\u00f3mo nos vemos f\u00edsicamente) y el autoconcepto (c\u00f3mo nos valoramos internamente). Ambos aspectos se construyen desde la infancia a partir de nuestras experiencias, la interacci\u00f3n con el entorno y la interiorizaci\u00f3n de lo que los dem\u00e1s piensan de nosotros.<\/p>\n\n\n\n<p><\/p>\n\n\n\n<p>Diversos estudios respaldan la importancia de cultivar una autoestima saludable. Seg\u00fan el <em>Manual Diagn\u00f3stico y Estad\u00edstico de los Trastornos Mentales (DSM-5)<\/em>, una baja autoestima es un rasgo com\u00fan en cuadros como la depresi\u00f3n, la ansiedad social o la distimia. Tambi\u00e9n puede alimentar condiciones como la timidez extrema o la fobia social.&nbsp;<\/p>\n\n\n\n<p><\/p>\n\n\n\n<p>A la inversa, una autoestima inflada en exceso puede asociarse con trastornos de personalidad como el narcisismo o episodios man\u00edacos en personas con trastorno bipolar. Es decir, tanto la carencia como el exceso pueden volverse problem\u00e1ticos: el equilibrio es la clave.<\/p>\n\n\n\n<p><\/p>\n\n\n\n<p>El psicoterapeuta canadiense Nathaniel Branden propuso una teor\u00eda estructurada para entender y trabajar la autoestima: los seis pilares. Estos son vivir conscientemente, aceptaci\u00f3n, responsabilidad, autoafirmaci\u00f3n, prop\u00f3sito e integridad. Cada uno representa un \u00e1rea vital que, al ser fortalecida, permite cultivar una autoestima realista, resiliente y s\u00f3lida.<\/p>\n\n\n\n<p><\/p>\n\n\n\n<ul class=\"wp-block-list\">\n<li><strong>Vivir de manera consciente:<\/strong> se refiere a estar presentes en nuestras acciones, pensamientos y emociones. Es el primer paso hacia el autoconocimiento.<\/li>\n\n\n\n<li><strong>Aceptaci\u00f3n de uno mismo:<\/strong> implica dejar de lado el juicio severo y abrazar lo que somos, con nuestras virtudes y defectos.<\/li>\n\n\n\n<li><strong>Responsabilidad personal:<\/strong> asumir las consecuencias de nuestras decisiones, y dejar de culpar a otros por lo que sucede en nuestra vida.<\/li>\n\n\n\n<li><strong>Autoafirmaci\u00f3n:<\/strong> respetar nuestras necesidades, deseos y l\u00edmites, sin temor a desagradar.<\/li>\n\n\n\n<li><strong>Prop\u00f3sito:<\/strong> tener metas claras y sentir que la vida tiene sentido, lo cual nos impulsa a crecer y a valorarnos.<\/li>\n\n\n\n<li><strong>Integridad:<\/strong> vivir de manera coherente con nuestros valores. Esto estructura nuestra conducta y refuerza nuestro sentido de identidad.<\/li>\n<\/ul>\n\n\n\n<p><\/p>\n\n\n\n<p>Pero \u00bfc\u00f3mo se traduce esto en acciones concretas? A continuaci\u00f3n, se presentan cinco recomendaciones pr\u00e1cticas, acompa\u00f1adas de ejercicios, para fortalecer nuestra autoestima d\u00eda a d\u00eda.<\/p>\n\n\n\n<p><\/p>\n\n\n\n<p><strong>Cinco claves para fortalecer la autoestima<\/strong><\/p>\n\n\n\n<ul class=\"wp-block-list\">\n<li><\/li>\n\n\n\n<li><strong>Practica la autoaceptaci\u00f3n<\/strong><br><em>Ejercicio:<\/em> Escribe una lista de tus fortalezas y una de tus \u00e1reas de mejora. L\u00e9elas en voz alta cada ma\u00f1ana. Evita juzgarte, y enf\u00f3cate en tu progreso.<\/li>\n\n\n\n<li><strong>Cuida tu di\u00e1logo interno<\/strong><br><em>Ejercicio:<\/em> Identifica frases negativas que sueles decirte (\u201csoy un fracaso\u201d) y sustit\u00fayelas por afirmaciones realistas y positivas (\u201choy no sali\u00f3 como esperaba, pero sigo intentando\u201d).<\/li>\n\n\n\n<li><strong>Celebra tus logros<\/strong><br><em>Ejercicio:<\/em> Lleva un diario de logros semanales, por peque\u00f1os que sean. Reconocer avances refuerza la autoconfianza.<\/li>\n\n\n\n<li><strong>Establece l\u00edmites saludables<\/strong><br><em>Ejercicio:<\/em> Haz una lista de situaciones donde sientes que sobrepasas tus l\u00edmites. Practica c\u00f3mo decir \u201cno\u201d de manera respetuosa pero firme.<\/li>\n\n\n\n<li><strong>Rod\u00e9ate de personas que te valoren<\/strong><br><em>Ejercicio:<\/em> Eval\u00faa tus relaciones. \u00bfTe hacen sentir bien contigo mismo o te minimizan? Prioriza las conexiones que te nutren emocionalmente.<\/li>\n<\/ul>\n\n\n\n<p><\/p>\n\n\n\n<p>Adem\u00e1s de estos consejos, buscar ayuda profesional es una herramienta poderosa. La terapia psicol\u00f3gica no solo permite trabajar las heridas del pasado, sino que tambi\u00e9n ense\u00f1a a desarrollar habilidades emocionales que fortalecen la autoestima.<\/p>\n\n\n\n<p><\/p>\n\n\n\n<p><strong>Una inversi\u00f3n en salud mental<\/strong><\/p>\n\n\n\n<p><\/p>\n\n\n\n<p>La autoestima no es un lujo ni un ideal inalcanzable. Es una construcci\u00f3n diaria que define c\u00f3mo nos enfrentamos al mundo. Creer en uno mismo influye directamente en nuestra capacidad para tomar decisiones, relacionarnos, establecer metas y superar dificultades. Como se\u00f1ala Loayza, es un trabajo que parte de las emociones, pero que puede ser aprendido y fortalecido con pr\u00e1ctica y voluntad.<\/p>\n\n\n\n<p><\/p>\n\n\n\n<p>En un mundo que constantemente nos reta a compararnos y a cumplir con est\u00e1ndares ajenos, cultivar una autoestima saludable es, quiz\u00e1s, uno de los actos m\u00e1s revolucionarios y sanadores. Y como toda revoluci\u00f3n profunda, comienza por dentro.<\/p>","protected":false},"excerpt":{"rendered":"<p>Creer en uno mismo fortalece la salud mental. La autoestima sana se construye con aceptaci\u00f3n, l\u00edmites y peque\u00f1os logros diarios.<\/p>","protected":false},"author":49,"featured_media":706907,"comment_status":"open","ping_status":"open","sticky":false,"template":"","format":"standard","meta":{"_acf_changed":false,"footnotes":""},"categories":[60],"tags":[5850,53,386,1422,41,49,240,124,2944,242],"class_list":["post-706906","post","type-post","status-publish","format-standard","has-post-thumbnail","hentry","category-blog","tag-autoestima","tag-educacion","tag-estudiantes","tag-innovacion-en-educacion","tag-la-paz","tag-medicina","tag-psicologia","tag-salud","tag-salud-mental","tag-unifranz"],"acf":[],"_links":{"self":[{"href":"https:\/\/unifranz.edu.bo\/pt\/wp-json\/wp\/v2\/posts\/706906","targetHints":{"allow":["GET"]}}],"collection":[{"href":"https:\/\/unifranz.edu.bo\/pt\/wp-json\/wp\/v2\/posts"}],"about":[{"href":"https:\/\/unifranz.edu.bo\/pt\/wp-json\/wp\/v2\/types\/post"}],"author":[{"embeddable":true,"href":"https:\/\/unifranz.edu.bo\/pt\/wp-json\/wp\/v2\/users\/49"}],"replies":[{"embeddable":true,"href":"https:\/\/unifranz.edu.bo\/pt\/wp-json\/wp\/v2\/comments?post=706906"}],"version-history":[{"count":1,"href":"https:\/\/unifranz.edu.bo\/pt\/wp-json\/wp\/v2\/posts\/706906\/revisions"}],"predecessor-version":[{"id":706908,"href":"https:\/\/unifranz.edu.bo\/pt\/wp-json\/wp\/v2\/posts\/706906\/revisions\/706908"}],"wp:featuredmedia":[{"embeddable":true,"href":"https:\/\/unifranz.edu.bo\/pt\/wp-json\/wp\/v2\/media\/706907"}],"wp:attachment":[{"href":"https:\/\/unifranz.edu.bo\/pt\/wp-json\/wp\/v2\/media?parent=706906"}],"wp:term":[{"taxonomy":"category","embeddable":true,"href":"https:\/\/unifranz.edu.bo\/pt\/wp-json\/wp\/v2\/categories?post=706906"},{"taxonomy":"post_tag","embeddable":true,"href":"https:\/\/unifranz.edu.bo\/pt\/wp-json\/wp\/v2\/tags?post=706906"}],"curies":[{"name":"wp","href":"https:\/\/api.w.org\/{rel}","templated":true}]}}