{"id":706895,"date":"2025-07-25T20:50:23","date_gmt":"2025-07-26T00:50:23","guid":{"rendered":"https:\/\/unifranz.edu.bo\/?p=706895"},"modified":"2025-07-26T15:57:29","modified_gmt":"2025-07-26T19:57:29","slug":"unifranz-presenta-catalogo-que-ayuda-a-investigar-como-cantar-bailar-tejer-y-volver-a-nuestras-raices-tambien-es-sanar","status":"publish","type":"post","link":"https:\/\/unifranz.edu.bo\/pt\/blog\/unifranz-presenta-catalogo-que-ayuda-a-investigar-como-cantar-bailar-tejer-y-volver-a-nuestras-raices-tambien-es-sanar\/","title":{"rendered":"Unifranz presenta cat\u00e1logo que ayuda a investigar c\u00f3mo cantar, bailar, tejer y volver a nuestras ra\u00edces tambi\u00e9n es sanar"},"content":{"rendered":"<p>En la Chiquitania boliviana, donde las tradiciones laten con fuerza, se gesta una nueva mirada para la atenci\u00f3n m\u00e9dica: el arte y la cultura como pilares del bienestar emocional y la salud mental. Con la presentaci\u00f3n del cat\u00e1logo \u201cArte y Cultura, una esperanza de vida\u201d, el Centro de Am\u00e9rica Latina NIHR-LATAM de investigaci\u00f3n en salud global, demuestra que danzar, pintar, bordar o escuchar m\u00fasica tambi\u00e9n es sanar.<\/p>\n\n\n\n<blockquote class=\"wp-block-quote is-layout-flow wp-block-quote-is-layout-flow\">\n<p>\u201cLa experiencia art\u00edstica y -particularmente- su incorporaci\u00f3n en comunidades con identidad propia, como San Jos\u00e9 de Chiquitos, tiene efectos medibles en la recuperaci\u00f3n y la prevenci\u00f3n de la salud mental, en la percepci\u00f3n y la calidad de vida y en la consolidaci\u00f3n de redes de contenci\u00f3n emocional. Creo que es un trabajo meritorio, donde la ciencia ha escuchado a la comunidad, esta colaboraci\u00f3n activa otorga sentido y legitimidad a la investigaci\u00f3n, permitiendo profundizar los factores sociales y culturales que inciden en la salud y el bienestar\u201d, se\u00f1al\u00f3 la rectora de la Universidad Franz Tamayo, Ver\u00f3nica Agreda.<\/p>\n<\/blockquote>\n\n\n\n<p>El cat\u00e1logo es m\u00e1s que un documento visual sobre las tradiciones culturales de la localidad chiquitana. Es un testimonio vivo de c\u00f3mo las expresiones art\u00edsticas pueden convertirse en herramientas concretas para el cuidado emocional y comunitario.<\/p>\n\n\n\n<p>Como una muestra de ello, la presentaci\u00f3n -realizada en el auditorio de la Universidad Franz Tamayo, en Santa Cruz- se convirti\u00f3 en el escenario para la Orquesta Sinf\u00f3nica de San Jos\u00e9 de Chiquitos. Sus acordes y melod\u00edas misionales envolvieron al p\u00fablico en una experiencia sensorial que conect\u00f3 inmediatamente con la esencia del proyecto.<\/p>\n\n\n\n<p>Asimismo, el escenario, adornado con elementos simb\u00f3licos de la Chiquitania, recibi\u00f3 a autoridades universitarias, representantes del centro de investigaci\u00f3n NIHR LATAM, artistas locales, docentes, estudiantes y l\u00edderes comunitarios que fueron testigos del nacimiento de esta herramienta que articula desde el arte. Cada intervenci\u00f3n, desde la presentaci\u00f3n del cat\u00e1logo hasta los testimonios de los investigadores y miembros de la comunidad, estuvo marcada por el reconocimiento del trabajo y el saber colectivo.&nbsp;<\/p>\n\n\n\n<p>El p\u00fablico pudo conocer la riqueza de iniciativas como danzas tradicionales, muralismo, emprendimientos femeninos, gastronom\u00eda chiquitana, el cabildo ind\u00edgena, escuelas de m\u00fasica misional y talleres para adultos mayores. Todos estos elementos, son parte de una veintena de espacios y actividades culturales que fortalecen la identidad local, promueven h\u00e1bitos saludables y que ahora se encuentran registrados en el cat\u00e1logo.<\/p>\n\n\n\n<p>Lejos de ser un documento tradicional, este incorpora audios en espa\u00f1ol e ingl\u00e9s, ilustraciones originales, mapas con hiperv\u00ednculos y QR que permiten acceder a elementos extras desde un celular. Est\u00e1 disponible en tres versiones: impresa, PDF y digital interactiva. Estas caracter\u00edsticas lo hacen bastante inclusivo.<\/p>\n\n\n\n<figure class=\"wp-block-embed is-type-video is-provider-youtube wp-block-embed-youtube wp-embed-aspect-16-9 wp-has-aspect-ratio\"><div class=\"wp-block-embed__wrapper\">\n<iframe loading=\"lazy\" title=\"Unifranz presenta el cat\u00e1logo que une arte, cultura y salud mental en la Chiquitania\" width=\"500\" height=\"281\" src=\"https:\/\/www.youtube.com\/embed\/C1gJuwQGqus?feature=oembed\" frameborder=\"0\" allow=\"accelerometer; autoplay; clipboard-write; encrypted-media; gyroscope; picture-in-picture; web-share\" referrerpolicy=\"strict-origin-when-cross-origin\" allowfullscreen><\/iframe>\n<\/div><\/figure>\n\n\n\n<p><strong>Informaci\u00f3n local para la salud&nbsp;<\/strong><\/p>\n\n\n\n<p>La iniciativa responde a un diagn\u00f3stico inicial que revel\u00f3 brechas importantes en el sistema de salud, como la falta de especialistas, registros incompletos y escasa atenci\u00f3n en el caso de enfermedades cr\u00f3nicas no transmisibles y salud mental. En ambos no solo es importante la parte farmacol\u00f3gica, sino tambi\u00e9n la psicosocial.&nbsp;<\/p>\n\n\n\n<p>Y es que cuando se habla de esta \u00faltima, indudablemente, la cultura y el arte son un pilar importante para el tratamiento. Su incorporaci\u00f3n en los procesos terap\u00e9uticos busca cerrar esas brechas con un enfoque integral.&nbsp;<\/p>\n\n\n\n<blockquote class=\"wp-block-quote is-layout-flow wp-block-quote-is-layout-flow\">\n<p>\u201cEste proyecto demuestra que no hay salud sin comunidad ni comunidad sin cultura\u201d, expres\u00f3 la Dra. Luc\u00eda Alvarado, gerente regional del proyecto. \u201cEs una visi\u00f3n que une saberes ancestrales con desaf\u00edos contempor\u00e1neos, articulando salud y cultura desde un enfoque profundamente humano e innovador\u201d, destac\u00f3.<\/p>\n<\/blockquote>\n\n\n\n<p>Si bien hay estudios internacionales que comprueban los resultados, esta no contempla la realidad local y sus propias caracter\u00edsticas. Para la academia y los investigadores hay una necesidad de generar conocimiento propio, adaptado al contexto y vivencia de las comunidades y promover pol\u00edticas p\u00fablicas sensibles al valor terap\u00e9utico del arte.<\/p>\n\n\n\n<p>\u201cNumerosos estudios y experiencias han demostrado que la participaci\u00f3n en actividades art\u00edsticas de mejora el estado de \u00e1nimo la ansiedad, favorece la memoria, fortalece v\u00ednculos sociales en contextos de salud, especialmente entre personas que viven con enfermedades cr\u00f3nicas, el arte se convierte en una herramienta poderosa para humanizar la atenci\u00f3n y fomentar la esperanza\u201d, manifest\u00f3 la directora de la carrera de Dise\u00f1o y Producci\u00f3n Crossmedia en Unifranz y autora del cat\u00e1logo, Lita Dom\u00ednguez.<\/p>\n\n\n\n<p>Es por ello que la presentaci\u00f3n del cat\u00e1logo no significa la conclusi\u00f3n de un proyecto con un documento terminado y cerrado, sino una puerta abierta a todo un proceso de investigaci\u00f3n que se espera pueda replicarse en todo el pa\u00eds.&nbsp;&nbsp;&nbsp;<\/p>\n\n\n\n<blockquote class=\"wp-block-quote is-layout-flow wp-block-quote-is-layout-flow\">\n<p>\u201cEsperamos que este granito de arena sea importante para todos los que trabajan en salud y podamos luego replicarlo de una manera mayor en otras poblaciones mucho m\u00e1s grandes. Porque lo que estamos haciendo no es un mito, a nivel mundial se ha demostrado que la cultura, el arte son fundamentales para mejorar la salud\u201d, se\u00f1al\u00f3 el doctor investigador del proyecto, Ronald Tapia.<\/p>\n<\/blockquote>\n\n\n\n<p><strong>Un trabajo de a\u00f1os&nbsp;<\/strong><\/p>\n\n\n\n<p>El cat\u00e1logo forma parte de un programa de investigaci\u00f3n del Centro NIHR LATAM, que une a cuatro instituciones acad\u00e9micas: Queen Mary University of London (Reino Unido), Universidad Javeriana (Colombia), Universidad Rafael Land\u00edvar (Guatemala) y Unifranz (Bolivia). Con el respaldo del Instituto Nacional de Investigaci\u00f3n en Salud del Reino Unido, el proyecto busca fortalecer la atenci\u00f3n en salud desde un enfoque cultural.<\/p>\n\n\n\n<p>Desde 2022, el centro ha desarrollado diagn\u00f3sticos, programas psicoeducativos en tres pa\u00edses. En Bolivia, identificaron barreras significativas en los centros de salud.<\/p>\n\n\n\n<p>Este proyecto marca un antes y un despu\u00e9s. En un mundo agobiado por el estr\u00e9s, la soledad y las enfermedades cr\u00f3nicas, una comunidad boliviana recuerda al mundo una verdad ancestral: sanar tambi\u00e9n es cantar, bailar, tejer y volver a nuestras ra\u00edces.<\/p>\n\n\n\n<p>El cat\u00e1logo completo est\u00e1 disponible en versi\u00f3n impresa, PDF y digital interactiva. Puede acceder a \u00e9l en el siguiente link: <a href=\"https:\/\/heyzine.com\/flip-book\/39a6c7a357.html\" target=\"_blank\" rel=\"noopener\">https:\/\/heyzine.com\/flip-book\/39a6c7a357.html<\/a>&nbsp;<\/p>","protected":false},"excerpt":{"rendered":"<p>Unifranz lanza el cat\u00e1logo \u201cArte y Cultura, una esperanza de vida\u201d, que muestra c\u00f3mo el arte y las tradiciones chiquitanas ayudan a sanar.<\/p>","protected":false},"author":50,"featured_media":706903,"comment_status":"open","ping_status":"open","sticky":false,"template":"","format":"standard","meta":{"_acf_changed":false,"footnotes":""},"categories":[60],"tags":[8578,7455,10818,1422,240,2944,242,3624],"class_list":["post-706895","post","type-post","status-publish","format-standard","has-post-thumbnail","hentry","category-blog","tag-arte-chiquitano","tag-centro-de-investigacion-global-de-america-latina","tag-centro-nihr-latam","tag-innovacion-en-educacion","tag-psicologia","tag-salud-mental","tag-unifranz","tag-unifranz-santa-cruz"],"acf":[],"_links":{"self":[{"href":"https:\/\/unifranz.edu.bo\/pt\/wp-json\/wp\/v2\/posts\/706895","targetHints":{"allow":["GET"]}}],"collection":[{"href":"https:\/\/unifranz.edu.bo\/pt\/wp-json\/wp\/v2\/posts"}],"about":[{"href":"https:\/\/unifranz.edu.bo\/pt\/wp-json\/wp\/v2\/types\/post"}],"author":[{"embeddable":true,"href":"https:\/\/unifranz.edu.bo\/pt\/wp-json\/wp\/v2\/users\/50"}],"replies":[{"embeddable":true,"href":"https:\/\/unifranz.edu.bo\/pt\/wp-json\/wp\/v2\/comments?post=706895"}],"version-history":[{"count":2,"href":"https:\/\/unifranz.edu.bo\/pt\/wp-json\/wp\/v2\/posts\/706895\/revisions"}],"predecessor-version":[{"id":706905,"href":"https:\/\/unifranz.edu.bo\/pt\/wp-json\/wp\/v2\/posts\/706895\/revisions\/706905"}],"wp:featuredmedia":[{"embeddable":true,"href":"https:\/\/unifranz.edu.bo\/pt\/wp-json\/wp\/v2\/media\/706903"}],"wp:attachment":[{"href":"https:\/\/unifranz.edu.bo\/pt\/wp-json\/wp\/v2\/media?parent=706895"}],"wp:term":[{"taxonomy":"category","embeddable":true,"href":"https:\/\/unifranz.edu.bo\/pt\/wp-json\/wp\/v2\/categories?post=706895"},{"taxonomy":"post_tag","embeddable":true,"href":"https:\/\/unifranz.edu.bo\/pt\/wp-json\/wp\/v2\/tags?post=706895"}],"curies":[{"name":"wp","href":"https:\/\/api.w.org\/{rel}","templated":true}]}}