{"id":706886,"date":"2025-07-25T20:13:36","date_gmt":"2025-07-26T00:13:36","guid":{"rendered":"https:\/\/unifranz.edu.bo\/?p=706886"},"modified":"2025-08-04T10:26:12","modified_gmt":"2025-08-04T14:26:12","slug":"grand-prix-de-la-publicidad-3-0-el-futuro-del-marketing-se-vive-en-unifranz","status":"publish","type":"post","link":"https:\/\/unifranz.edu.bo\/pt\/blog\/grand-prix-de-la-publicidad-3-0-el-futuro-del-marketing-se-vive-en-unifranz\/","title":{"rendered":"Grand Prix de la Publicidad 3.0: el futuro del marketing se vive en Unifranz"},"content":{"rendered":"<p>La industria de la publicidad y el marketing est\u00e1 cambiando a una velocidad sin precedentes. Y en ese contexto, la Universidad Franz Tamayo, Unifranz La Paz, lanza una nueva edici\u00f3n del Grand Prix de la Publicidad, esta vez en su versi\u00f3n 3.0, con un enfoque centrado en marketing digital e inteligencia artificial (IA).<\/p>\n\n\n\n<p>M\u00e1s que una competencia creativa, el Grand Prix se consolida como una plataforma real de aprendizaje, donde los estudiantes de la carrera de Publicidad y Marketing enfrentan desaf\u00edos similares a los del mundo profesional. Esta edici\u00f3n contar\u00e1 con la participaci\u00f3n especial del experto internacional Juan Merodio, referente en transformaci\u00f3n digital y autor de m\u00faltiples libros sobre innovaci\u00f3n y estrategia.<\/p>\n\n\n\n<p>Contar con la presencia de Merodio en esta edici\u00f3n del Grand Prix representa un hito para la formaci\u00f3n de los futuros publicistas y estrategas de marca. Su experiencia internacional, su enfoque en innovaci\u00f3n y su capacidad para anticiparse a las tendencias emergentes, brindar\u00e1 a los estudiantes una perspectiva global del marketing actual. Adem\u00e1s, su interacci\u00f3n directa con los participantes enriquecer\u00e1 el aprendizaje.<\/p>\n\n\n\n<blockquote class=\"wp-block-quote is-layout-flow wp-block-quote-is-layout-flow\">\n<p>\u201cEl Grand Prix de Publicidad 3.0 representa una oportunidad estrat\u00e9gica para que los estudiantes comprendan y experimenten de primera mano los cambios acelerados que est\u00e1 viviendo la industria\u201d, afirma Shirley Lozada, directora de la carrera.<\/p>\n<\/blockquote>\n\n\n\n<p>Durante el evento, los estudiantes trabajar\u00e1n con briefs reales, herramientas actuales del marketing digital, y se adentrar\u00e1n en conceptos aplicados de inteligencia artificial que ya est\u00e1n siendo utilizados por las grandes marcas para conectar con sus audiencias.<\/p>\n\n\n\n<p>Juan Merodio compartir\u00e1 no solo su experiencia, sino tambi\u00e9n su m\u00e9todo de trabajo \u201c10 Business Factors\u201d, que promueve una visi\u00f3n integral para liderar proyectos de alto impacto.<\/p>\n\n\n\n<p>\u201cLa participaci\u00f3n en este evento internacional posiciona a los estudiantes dentro de un ecosistema real de aprendizaje, donde pueden absorber conocimientos de figuras reconocidas y validar su preparaci\u00f3n acad\u00e9mica frente a desaf\u00edos del mundo profesional\u201d, remarca Lozada.<\/p>\n\n\n\n<p>Pero m\u00e1s all\u00e1 de las herramientas t\u00e9cnicas, el Grand Prix tambi\u00e9n impulsa una formaci\u00f3n con prop\u00f3sito. La mirada humanista sigue siendo un eje central, reforzando la creaci\u00f3n de marcas aut\u00e9nticas, socialmente responsables y alineadas con los nuevos consumidores.<\/p>\n\n\n\n<p>\u201cLos estudiantes no solo aprender\u00e1n sobre herramientas digitales, sino tambi\u00e9n sobre c\u00f3mo construir marcas m\u00e1s humanas y \u00e9ticas, en un entorno donde las emociones, los valores y la transparencia son clave\u201d, a\u00f1ade la directora.<\/p>\n\n\n\n<p>Adem\u00e1s, esta competencia fomenta el pensamiento estrat\u00e9gico, el trabajo colaborativo y la capacidad de adaptarse a un entorno donde lo \u00fanico constante es la transformaci\u00f3n.<\/p>\n\n\n\n<p>\u201cEl Grand Prix 3.0 no es solo una actividad extracurricular, sino una plataforma de inspiraci\u00f3n, networking y crecimiento profesional que puede marcar el inicio de sus carreras con una visi\u00f3n global y actualizada del sector\u201d, concluye Lozada.<\/p>\n\n\n\n<p>Unifranz reafirma, as\u00ed, su compromiso con una formaci\u00f3n universitaria conectada con la realidad, que prepara a sus estudiantes no solo para adaptarse al cambio, sino para liderarlo con visi\u00f3n, creatividad y conciencia. Este tipo de experiencias reflejan tambi\u00e9n el valor de una actualizaci\u00f3n acad\u00e9mica constante, que incorpora las \u00faltimas tendencias, tecnolog\u00edas y metodolog\u00edas del mercado, garantizando una educaci\u00f3n vigente, pertinente y con impacto real.<\/p>","protected":false},"excerpt":{"rendered":"<p>El Grand Prix de Publicidad 3.0 en Unifranz re\u00fane a estudiantes y al experto Juan Merodio para explorar marketing digital, inteligencia artificial y tendencias globales, impulsando una formaci\u00f3n creativa, estrat\u00e9gica y alineada con la industria.<\/p>","protected":false},"author":44,"featured_media":707143,"comment_status":"open","ping_status":"open","sticky":false,"template":"","format":"standard","meta":{"_acf_changed":false,"footnotes":""},"categories":[60],"tags":[364,53,386,1694,1422,41,328,136,218,242],"class_list":["post-706886","post","type-post","status-publish","format-standard","has-post-thumbnail","hentry","category-blog","tag-ciencia","tag-educacion","tag-estudiantes","tag-expertos","tag-innovacion-en-educacion","tag-la-paz","tag-marketing","tag-publicidad","tag-tecnologia","tag-unifranz"],"acf":[],"_links":{"self":[{"href":"https:\/\/unifranz.edu.bo\/pt\/wp-json\/wp\/v2\/posts\/706886","targetHints":{"allow":["GET"]}}],"collection":[{"href":"https:\/\/unifranz.edu.bo\/pt\/wp-json\/wp\/v2\/posts"}],"about":[{"href":"https:\/\/unifranz.edu.bo\/pt\/wp-json\/wp\/v2\/types\/post"}],"author":[{"embeddable":true,"href":"https:\/\/unifranz.edu.bo\/pt\/wp-json\/wp\/v2\/users\/44"}],"replies":[{"embeddable":true,"href":"https:\/\/unifranz.edu.bo\/pt\/wp-json\/wp\/v2\/comments?post=706886"}],"version-history":[{"count":3,"href":"https:\/\/unifranz.edu.bo\/pt\/wp-json\/wp\/v2\/posts\/706886\/revisions"}],"predecessor-version":[{"id":706893,"href":"https:\/\/unifranz.edu.bo\/pt\/wp-json\/wp\/v2\/posts\/706886\/revisions\/706893"}],"wp:featuredmedia":[{"embeddable":true,"href":"https:\/\/unifranz.edu.bo\/pt\/wp-json\/wp\/v2\/media\/707143"}],"wp:attachment":[{"href":"https:\/\/unifranz.edu.bo\/pt\/wp-json\/wp\/v2\/media?parent=706886"}],"wp:term":[{"taxonomy":"category","embeddable":true,"href":"https:\/\/unifranz.edu.bo\/pt\/wp-json\/wp\/v2\/categories?post=706886"},{"taxonomy":"post_tag","embeddable":true,"href":"https:\/\/unifranz.edu.bo\/pt\/wp-json\/wp\/v2\/tags?post=706886"}],"curies":[{"name":"wp","href":"https:\/\/api.w.org\/{rel}","templated":true}]}}