{"id":706873,"date":"2025-07-26T07:00:00","date_gmt":"2025-07-26T11:00:00","guid":{"rendered":"https:\/\/unifranz.edu.bo\/?p=706873"},"modified":"2025-07-25T18:47:22","modified_gmt":"2025-07-25T22:47:22","slug":"por-que-los-ninos-no-deben-usar-celular-antes-de-los-13-anos","status":"publish","type":"post","link":"https:\/\/unifranz.edu.bo\/pt\/blog\/por-que-los-ninos-no-deben-usar-celular-antes-de-los-13-anos\/","title":{"rendered":"Por qu\u00e9 los ni\u00f1os no deben usar celular antes de los 13 a\u00f1os"},"content":{"rendered":"<p>El uso de tel\u00e9fonos inteligentes en ni\u00f1os menores de 13 a\u00f1os puede tener consecuencias profundas en su salud mental, su desarrollo emocional y su capacidad de socializaci\u00f3n. Investigaciones recientes, junto a la opini\u00f3n de expertos en psicolog\u00eda infantil, advierten que el acceso prematuro a dispositivos electr\u00f3nicos afecta procesos esenciales como el lenguaje, la empat\u00eda y la autorregulaci\u00f3n emocional. Las organizaciones internacionales recomiendan evitar el uso de pantallas antes de los dos a\u00f1os y limitar su uso hasta despu\u00e9s de los trece.<br><\/p>\n\n\n\n<blockquote class=\"wp-block-quote is-layout-flow wp-block-quote-is-layout-flow\">\n<p>\u201cEn los primeros a\u00f1os de vida, el cerebro est\u00e1 en su etapa m\u00e1s sensible al entorno. Si se lo sobreestimula con pantallas, el ni\u00f1o pierde oportunidades clave de aprendizaje real con otros seres humanos\u201d, explica Cristofer Ortiz Flores, psic\u00f3logo y docente de la Universidad Franz Tamayo, Unifranz.<br><\/p>\n<\/blockquote>\n\n\n\n<p>Un estudio publicado en el Journal of Human Development and Capabilities, realizado por Sapien Labs y liderado por la neurocient\u00edfica Tara Thiagarajan de Stanford, analiz\u00f3 m\u00e1s de 100.000 casos y encontr\u00f3 que cada a\u00f1o de acceso temprano al celular se relaciona con un mayor deterioro en la salud mental, especialmente en mujeres j\u00f3venes. Entre las consecuencias m\u00e1s frecuentes destacan la baja autoestima, la reducci\u00f3n de la resiliencia emocional y el aumento de pensamientos suicidas.<br><\/p>\n\n\n\n<p>La investigaci\u00f3n revela que el 48% de las mujeres que accedieron a un tel\u00e9fono inteligente entre los cinco y seis a\u00f1os reportaron haber tenido pensamientos suicidas graves, frente al 28% de quienes lo hicieron despu\u00e9s de los trece. En el caso de los varones, la diferencia tambi\u00e9n es preocupante: 31% frente a 20%. Estos datos muestran una correlaci\u00f3n clara entre el uso temprano del celular y el deterioro en la salud emocional de los adolescentes.<br><\/p>\n\n\n\n<p>Ortiz explica que \u201cmuchos padres usan el celular como herramienta de distracci\u00f3n, pero no miden el impacto emocional a largo plazo. Esto puede generar dependencia, ansiedad e incluso dificultades para manejar la frustraci\u00f3n en el ni\u00f1o\u201d.<br><\/p>\n\n\n\n<p>El acceso prematuro a pantallas interfiere con procesos claves del desarrollo infantil, como el lenguaje, la atenci\u00f3n sostenida, la interacci\u00f3n cara a cara y el juego simb\u00f3lico. En lugar de tocar, explorar o comunicarse con otros, los ni\u00f1os quedan expuestos a est\u00edmulos visuales y auditivos que no promueven la interacci\u00f3n humana ni la creatividad.<br><\/p>\n\n\n\n<blockquote class=\"wp-block-quote is-layout-flow wp-block-quote-is-layout-flow\">\n<p>\u201cHemos observado casos en los que ni\u00f1os de tres o cuatro a\u00f1os presentan conductas adictivas al celular, tales como llanto inconsolable si se les retira, agresividad o aislamiento, lo cual es alarmante\u201d, alerta Ortiz.<br><\/p>\n<\/blockquote>\n\n\n\n<p>El uso excesivo tambi\u00e9n genera alteraciones en la capacidad de concentraci\u00f3n. Al acostumbrarse al ritmo r\u00e1pido de los videos o juegos, el ni\u00f1o luego no tolera actividades m\u00e1s lentas como leer un cuento, armar un rompecabezas o seguir instrucciones en el aula. Esto impacta directamente en el rendimiento escolar y la adaptaci\u00f3n a normas sociales.<br><\/p>\n\n\n\n<p>La evidencia recopilada por organismos como la Organizaci\u00f3n Mundial de la Salud (OMS), Fondo de las Naciones Unidas para la Infancia (Unicef) y la Academia Americana de Pediatr\u00eda (AAP) coincide en que la infancia necesita experiencias sensoriales reales, contacto humano, juego al aire libre y momentos de descanso sin pantallas. En sus directrices, la OMS recomienda evitar el uso de celulares en menores de dos a\u00f1os, y limitarlo a m\u00e1ximo una hora diaria entre los dos y cinco a\u00f1os, siempre con supervisi\u00f3n adulta.<br><\/p>\n\n\n\n<p>Adem\u00e1s, el uso del celular antes de dormir interfiere con la calidad del sue\u00f1o infantil, otro de los pilares fundamentales del desarrollo saludable. Las pantallas emiten luz azul que altera los ciclos de melatonina y retrasa el inicio del sue\u00f1o, lo que repercute en el estado de \u00e1nimo, la atenci\u00f3n y el comportamiento diurno.<br><\/p>\n\n\n\n<p>Ortiz advierte que muchas veces el uso del celular surge como una soluci\u00f3n inmediata a berrinches o momentos de aburrimiento, pero que en realidad responde m\u00e1s a una necesidad del adulto que del ni\u00f1o.<br><\/p>\n\n\n\n<blockquote class=\"wp-block-quote is-layout-flow wp-block-quote-is-layout-flow\">\n<p>\u201cLa mayor\u00eda de las veces, los padres no tienen intenci\u00f3n de da\u00f1ar. Solo quieren un momento de silencio o descanso, pero eso se logra mejor con rutinas afectivas, cuentos o juegos interactivos\u201d, se\u00f1ala.<br><\/p>\n<\/blockquote>\n\n\n\n<p>Desde las neurociencias tambi\u00e9n se han detectado efectos negativos del uso excesivo de pantallas en la plasticidad cerebral. El cerebro en desarrollo necesita pausas, errores, exploraci\u00f3n f\u00edsica y contacto con el entorno. Las pantallas, por el contrario, ofrecen una experiencia artificial, inmediata y muchas veces adictiva, que no prepara al ni\u00f1o para las complejidades del mundo real.<br><\/p>\n\n\n\n<p>Frente a este escenario, diversos expertos proponen postergar la entrega de tel\u00e9fonos inteligentes hasta los 13 o 14 a\u00f1os y fomentar la alfabetizaci\u00f3n digital progresiva, con acompa\u00f1amiento parental. Alternativas como los tel\u00e9fonos plegables, sin acceso a internet ni redes sociales, pueden ser \u00fatiles para mantener la comunicaci\u00f3n sin exponer a los ni\u00f1os a los riesgos del entorno digital.<br><\/p>\n\n\n\n<blockquote class=\"wp-block-quote is-layout-flow wp-block-quote-is-layout-flow\">\n<p>\u201cEl uso del celular en menores de cinco a\u00f1os debe ser m\u00ednimo, supervisado y siempre con un objetivo claro. No como un refugio para el adulto ni como un escape para el ni\u00f1o\u201d, concluye Ortiz.<br><\/p>\n<\/blockquote>\n\n\n\n<p>El objetivo no es demonizar la tecnolog\u00eda, sino entender que su introducci\u00f3n debe ser gradual, contextualizada y centrada en las necesidades reales del ni\u00f1o. Las pantallas no deben reemplazar al juego, a la conversaci\u00f3n, al contacto f\u00edsico ni al afecto. Son herramientas que pueden ser \u00fatiles, pero no deber\u00edan ocupar el centro de la infancia.<\/p>","protected":false},"excerpt":{"rendered":"<p>Ni\u00f1os y pantallas: usar el celular antes de los 13 puede afectar el cerebro, la salud mental y el rendimiento escolar, advierten estudios.<\/p>","protected":false},"author":49,"featured_media":706874,"comment_status":"open","ping_status":"open","sticky":false,"template":"","format":"standard","meta":{"_acf_changed":false,"footnotes":""},"categories":[60],"tags":[10246,9901,53,386,1422,506,240,124,218,242],"class_list":["post-706873","post","type-post","status-publish","format-standard","has-post-thumbnail","hentry","category-blog","tag-celulares","tag-dispositivos-electronicos","tag-educacion","tag-estudiantes","tag-innovacion-en-educacion","tag-ninos","tag-psicologia","tag-salud","tag-tecnologia","tag-unifranz"],"acf":[],"_links":{"self":[{"href":"https:\/\/unifranz.edu.bo\/pt\/wp-json\/wp\/v2\/posts\/706873","targetHints":{"allow":["GET"]}}],"collection":[{"href":"https:\/\/unifranz.edu.bo\/pt\/wp-json\/wp\/v2\/posts"}],"about":[{"href":"https:\/\/unifranz.edu.bo\/pt\/wp-json\/wp\/v2\/types\/post"}],"author":[{"embeddable":true,"href":"https:\/\/unifranz.edu.bo\/pt\/wp-json\/wp\/v2\/users\/49"}],"replies":[{"embeddable":true,"href":"https:\/\/unifranz.edu.bo\/pt\/wp-json\/wp\/v2\/comments?post=706873"}],"version-history":[{"count":1,"href":"https:\/\/unifranz.edu.bo\/pt\/wp-json\/wp\/v2\/posts\/706873\/revisions"}],"predecessor-version":[{"id":706875,"href":"https:\/\/unifranz.edu.bo\/pt\/wp-json\/wp\/v2\/posts\/706873\/revisions\/706875"}],"wp:featuredmedia":[{"embeddable":true,"href":"https:\/\/unifranz.edu.bo\/pt\/wp-json\/wp\/v2\/media\/706874"}],"wp:attachment":[{"href":"https:\/\/unifranz.edu.bo\/pt\/wp-json\/wp\/v2\/media?parent=706873"}],"wp:term":[{"taxonomy":"category","embeddable":true,"href":"https:\/\/unifranz.edu.bo\/pt\/wp-json\/wp\/v2\/categories?post=706873"},{"taxonomy":"post_tag","embeddable":true,"href":"https:\/\/unifranz.edu.bo\/pt\/wp-json\/wp\/v2\/tags?post=706873"}],"curies":[{"name":"wp","href":"https:\/\/api.w.org\/{rel}","templated":true}]}}