{"id":706865,"date":"2025-07-25T13:10:10","date_gmt":"2025-07-25T17:10:10","guid":{"rendered":"https:\/\/unifranz.edu.bo\/?p=706865"},"modified":"2025-11-06T16:15:11","modified_gmt":"2025-11-06T20:15:11","slug":"protesis-con-ia-el-alto","status":"publish","type":"post","link":"https:\/\/unifranz.edu.bo\/pt\/blog\/protesis-con-ia-el-alto\/","title":{"rendered":"Una soluci\u00f3n desde El Alto: estudiante crea pr\u00f3tesis controlada por IA y de bajo costo"},"content":{"rendered":"<p>Cuando Ronald Choque, un joven oriundo de El Alto, decidi\u00f3 estudiar Ingenier\u00eda de Sistemas, no imagin\u00f3 que a\u00f1os m\u00e1s tarde dise\u00f1ar\u00eda una pr\u00f3tesis de mano con potencial para cambiar vidas. Lo que naci\u00f3 como un proyecto acad\u00e9mico, hoy se convirti\u00f3 en una propuesta real, funcional y mucho m\u00e1s accesible que las opciones convencionales en el mercado.<\/p>\n\n\n\n<p><\/p>\n\n\n\n<p>\u201cLa idea nace como parte de un proyecto acad\u00e9mico donde el docente nos exigi\u00f3 que exista un aporte social y que sea base para un futuro cercano\u201d, cuenta Ronald. \u201cVimos que las pr\u00f3tesis, ya sean est\u00e9ticas o electr\u00f3nicas, ten\u00edan precios muy elevados, el aprendizaje de uso era complejo y necesitaban mucho mantenimiento. Entonces, pensamos en una alternativa intuitiva, econ\u00f3mica y f\u00e1cil de usar\u201d, dice Ronald, quien cursa el \u00faltimo semestre de su carrera en la <a href=\"https:\/\/unifranz.edu.bo\/\">Universidad Franz Tamayo, Unifranz<\/a> El Alto.<\/p>\n\n\n\n<h2 class=\"wp-block-heading\">Tecnolog\u00eda con prop\u00f3sito<\/h2>\n\n\n\n<p><\/p>\n\n\n\n<p>Datos de la <a href=\"https:\/\/www.who.int\/es\" target=\"_blank\" rel=\"noopener\">Organiza\u00e7\u00e3o Mundial da Sa\u00fade<\/a> (OMS), se\u00f1alan que m\u00e1s de 30 millones de personas en el mundo necesitan una pr\u00f3tesis o un dispositivo ortop\u00e9dico funcional. Sin embargo, apenas una de cada diez puede acceder a uno.<\/p>\n\n\n\n<p><\/p>\n\n\n\n<p>En Bolivia, seg\u00fan reportes del <a href=\"https:\/\/www.minsalud.gob.bo\/contactos\/guia-telefonica\/61-comite-nacional-de-personas-con-discapacidad-conalpedis\" target=\"_blank\" rel=\"noopener\">Comit\u00e9 Nacional de Personas con Discapacidad (CONALPEDIS)<\/a>, existen alrededor de 36.100 personas con discapacidad f\u00edsica-motora, ellas no cuentan con los recursos para adquirir una pr\u00f3tesis debido al elevado costo que, en gran parte de los casos, se constituye en una limitante.<\/p>\n\n\n\n<p><\/p>\n\n\n\n<p>A nivel nacional, los precios en el mercado pueden llegar a costar hasta los mil d\u00f3lares americanos, dependiendo de las caracter\u00edsticas como funcionalidad y est\u00e9tica; entre la gama de ofertas, existen pr\u00f3tesis personalizadas hiperrealistas, est\u00e9ticas y funcionales a trav\u00e9s de impresi\u00f3n 3D. En contraste, la propuesta de Ronald tendr\u00eda un costo estimado de entre 1.500 y 1.700 bolivianos.<\/p>\n\n\n\n<p><\/p>\n\n\n\n<h2 class=\"wp-block-heading\">Evoluci\u00f3n del proyecto<\/h2>\n\n\n\n<p>En 2023, junto a su compa\u00f1ero de clase, Aaron Huanca, crearon la primera versi\u00f3n de una pr\u00f3tesis que imitaba los movimientos de una mano humana mediante sensores y un guante conectado al cuerpo del usuario. Sin embargo, este dise\u00f1o, aunque innovador, ten\u00eda limitaciones: \u201cmucho cableado, dispositivos inc\u00f3modos y una est\u00e9tica rudimentaria\u201d, asegura Ronald.<\/p>\n\n\n\n<p><\/p>\n\n\n\n<p>Hoy, el joven alte\u00f1o presenta una segunda versi\u00f3n mucho m\u00e1s funcional gracias a los conocimientos adquiridos en la menci\u00f3n de Inteligencia Artificial (IA) que cursa en Unifranz.<\/p>\n\n\n\n<p><\/p>\n\n\n\n<p>Desarroll\u00f3 un modelo de IA que replica los movimientos de una mano anat\u00f3mica captada por la c\u00e1mara de un celular. Esa imagen se comunica con la pr\u00f3tesis v\u00eda Bluetooth, eliminando cables, sensores y mejorando la comodidad del usuario. Esta mejora reduce el mantenimiento, facilita el aprendizaje de uso e integra tecnolog\u00eda cotidiana \u2014como los smartphones\u2014 para generar mayor accesibilidad.<\/p>\n\n\n\n<p><\/p>\n\n\n\n<h2 class=\"wp-block-heading\">Formaci\u00f3n que transforma<\/h2>\n\n\n\n<p>Ronald reconoce el rol que ha jugado su formaci\u00f3n en Unifranz en este proceso. \u201cEl aprender haciendo es una exigencia constante para operar en entornos reales. La menci\u00f3n de especializaci\u00f3n en IA me ayud\u00f3 a identificar las tecnolog\u00edas que deb\u00eda implementar, el Proyecto Integrador me exigi\u00f3 investigaci\u00f3n rigurosa y, participar en las Jornadas de Investigaci\u00f3n Unifranz \u2013 evento acad\u00e9mico nacional organizado para fomentar y premiar la investigaci\u00f3n realizada por estudiantes y docentes de la universidad -, valid\u00f3 mi propuesta con profesionales\u201d, detalla.<\/p>\n\n\n\n<p><\/p>\n\n\n\n<p>M\u00e1s all\u00e1 de lo t\u00e9cnico, el proyecto le permiti\u00f3 crecer profesionalmente y reafirmar su compromiso social. \u201cA los estudiantes que dudan de sus capacidades, mi mensaje es claro: \u00a1Atr\u00e9vanse a intentarlo! En el proceso adquirir\u00e1n habilidades y experiencia necesarias para superar cualquier desaf\u00edo\u201d, dice.<\/p>\n\n\n\n<p><\/p>\n\n\n\n<p>En cuanto a su posible futura incursi\u00f3n en el mercado, Ronald afirma que es viable. Gestiona apoyo y retroalimentaci\u00f3n de expertos para avanzar en el registro legal y mejoras t\u00e9cnicas, adem\u00e1s de buscar alianzas para llegar a m\u00e1s personas, optimizando costos y funcionalidad.<\/p>\n\n\n\n<p><\/p>\n\n\n\n<p>Ronald resume el prop\u00f3sito de su iniciativa con claridad: \u201cEstos proyectos fomentan una mentalidad innovadora y solidaria, vinculando teor\u00eda con pr\u00e1ctica para resolver problemas reales. Desarrollamos empat\u00eda y responsabilidad, demostrando que la tecnolog\u00eda puede mejorar vidas\u201d.<\/p>\n\n\n\n<h2 class=\"wp-block-heading\"><\/h2>\n\n\n\n<figure class=\"wp-block-embed is-type-video is-provider-youtube wp-block-embed-youtube wp-embed-aspect-16-9 wp-has-aspect-ratio\"><div class=\"wp-block-embed__wrapper\">\n<iframe loading=\"lazy\" title=\"PR\u00d3TESIS CONTROLADA CON IA\" width=\"500\" height=\"281\" src=\"https:\/\/www.youtube.com\/embed\/nfuoF_5EFls?feature=oembed\" frameborder=\"0\" allow=\"accelerometer; autoplay; clipboard-write; encrypted-media; gyroscope; picture-in-picture; web-share\" referrerpolicy=\"strict-origin-when-cross-origin\" allowfullscreen><\/iframe>\n<\/div><\/figure>","protected":false},"excerpt":{"rendered":"<p>Ronald, estudiante de Unifranz El Alto, crea pr\u00f3tesis accesible con IA. Una soluci\u00f3n real, innovadora y con profundo impacto social.<\/p>","protected":false},"author":25,"featured_media":706868,"comment_status":"open","ping_status":"open","sticky":false,"template":"","format":"standard","meta":{"_acf_changed":false,"footnotes":""},"categories":[11083,60,302,2250,1708,2858,2388,4452,1686,1782,10374],"tags":[53,47,386,1422,218,242],"class_list":["post-706865","post","type-post","status-publish","format-standard","has-post-thumbnail","hentry","category-unifranzelalto","category-blog","category-el-alto","category-ingenieria-de-sistemas","category-innovacion","category-innovacion-en-educacion","category-jovenes","category-responsabilidad-social","category-tecnologia","category-unifranz","category-unifranz-el-alto","tag-educacion","tag-el-alto","tag-estudiantes","tag-innovacion-en-educacion","tag-tecnologia","tag-unifranz"],"acf":[],"_links":{"self":[{"href":"https:\/\/unifranz.edu.bo\/pt\/wp-json\/wp\/v2\/posts\/706865","targetHints":{"allow":["GET"]}}],"collection":[{"href":"https:\/\/unifranz.edu.bo\/pt\/wp-json\/wp\/v2\/posts"}],"about":[{"href":"https:\/\/unifranz.edu.bo\/pt\/wp-json\/wp\/v2\/types\/post"}],"author":[{"embeddable":true,"href":"https:\/\/unifranz.edu.bo\/pt\/wp-json\/wp\/v2\/users\/25"}],"replies":[{"embeddable":true,"href":"https:\/\/unifranz.edu.bo\/pt\/wp-json\/wp\/v2\/comments?post=706865"}],"version-history":[{"count":4,"href":"https:\/\/unifranz.edu.bo\/pt\/wp-json\/wp\/v2\/posts\/706865\/revisions"}],"predecessor-version":[{"id":709529,"href":"https:\/\/unifranz.edu.bo\/pt\/wp-json\/wp\/v2\/posts\/706865\/revisions\/709529"}],"wp:featuredmedia":[{"embeddable":true,"href":"https:\/\/unifranz.edu.bo\/pt\/wp-json\/wp\/v2\/media\/706868"}],"wp:attachment":[{"href":"https:\/\/unifranz.edu.bo\/pt\/wp-json\/wp\/v2\/media?parent=706865"}],"wp:term":[{"taxonomy":"category","embeddable":true,"href":"https:\/\/unifranz.edu.bo\/pt\/wp-json\/wp\/v2\/categories?post=706865"},{"taxonomy":"post_tag","embeddable":true,"href":"https:\/\/unifranz.edu.bo\/pt\/wp-json\/wp\/v2\/tags?post=706865"}],"curies":[{"name":"wp","href":"https:\/\/api.w.org\/{rel}","templated":true}]}}