{"id":706853,"date":"2025-07-24T19:11:38","date_gmt":"2025-07-24T23:11:38","guid":{"rendered":"https:\/\/unifranz.edu.bo\/?p=706853"},"modified":"2025-07-24T19:16:38","modified_gmt":"2025-07-24T23:16:38","slug":"cuando-el-arte-cura-el-alma-hoy-presentan-catalogo-que-fortalece-el-tejido-social-en-san-jose-de-chiquitos","status":"publish","type":"post","link":"https:\/\/unifranz.edu.bo\/pt\/blog\/cuando-el-arte-cura-el-alma-hoy-presentan-catalogo-que-fortalece-el-tejido-social-en-san-jose-de-chiquitos\/","title":{"rendered":"Unifranz presenta hoy cat\u00e1logo que fortalece el tejido social en San Jos\u00e9 de Chiquitos"},"content":{"rendered":"<p>Este viernes, San Jos\u00e9 de Chiquitos se convierte en referente de un modelo innovador de bienestar comunitario con el lanzamiento del cat\u00e1logo <em>Arte y Cultura, una esperanza de vida<\/em>, una publicaci\u00f3n que va m\u00e1s all\u00e1 del registro patrimonial. Este proyecto, resultado de una investigaci\u00f3n internacional, visibiliza c\u00f3mo las expresiones culturales y art\u00edsticas pueden incidir positivamente en la salud emocional, el tejido social y la identidad local.<\/p>\n\n\n\n<p>La presentaci\u00f3n del cat\u00e1logo se realizar\u00e1 este 25 de julio en las instalaciones de la Universidad Franz Tamayo, Unifranz, en Santa Cruz de la Sierra. El acto contar\u00e1 con la presencia de autoridades departamentales y municipales de San Jos\u00e9 de Chiquitos, personalidades cruce\u00f1as, comunidad estudiantil y docentes. La Orquesta de la Escuela de M\u00fasica Misional de San Jos\u00e9 de Chiquitos llenar\u00e1 el ambiente de magia y emoci\u00f3n con la interpretaci\u00f3n de melod\u00edas especiales de su repertorio.<\/p>\n\n\n\n<p>La iniciativa fue impulsada por el Global Health Research Center \u2013 Community Management of Long-Term Conditions in Latin America (NIHR \u2013 LATAM), con la participaci\u00f3n de la Queen Mary University de Londres, la Pontificia Universidad Javeriana de Colombia, la Universidad Rafael Land\u00edvar de Guatemala y la Universidad Franz Tamayo de Bolivia, Unifranz, a trav\u00e9s de su carrera de Dise\u00f1o Gr\u00e1fico y Producci\u00f3n Crossmedia, con el acompa\u00f1amiento del equipo m\u00e9dico del NHIR.<\/p>\n\n\n\n<blockquote class=\"wp-block-quote is-layout-flow wp-block-quote-is-layout-flow\">\n<p>\u201cEste cat\u00e1logo es un espejo que devuelve a los josesanos su riqueza simb\u00f3lica y su capacidad de sanar desde el arte, la memoria y la fe\u201d, destaca Lita Dom\u00ednguez, directora de la carrera de Dise\u00f1o Gr\u00e1fico y Producci\u00f3n Crossmedia en Unifranz y coautora de la publicaci\u00f3n. Desde su visi\u00f3n como dise\u00f1adora y acad\u00e9mica, considera que el dise\u00f1o debe tener prop\u00f3sito, v\u00ednculo y sensibilidad social.<\/p>\n\n\n\n<figure class=\"wp-block-embed is-type-video is-provider-youtube wp-block-embed-youtube wp-embed-aspect-16-9 wp-has-aspect-ratio\"><div class=\"wp-block-embed__wrapper\">\n<iframe loading=\"lazy\" title=\"Presentan cat\u00e1logo que fortalece el tejido social en San Jos\u00e9 de Chiquitos\" width=\"500\" height=\"281\" src=\"https:\/\/www.youtube.com\/embed\/Uj0P3f1pfm4?feature=oembed\" frameborder=\"0\" allow=\"accelerometer; autoplay; clipboard-write; encrypted-media; gyroscope; picture-in-picture; web-share\" referrerpolicy=\"strict-origin-when-cross-origin\" allowfullscreen><\/iframe>\n<\/div><\/figure>\n<\/blockquote>\n\n\n\n<p>El cat\u00e1logo tambi\u00e9n fue dise\u00f1ado por Mauricio Baspineiro, quien combin\u00f3 el rigor metodol\u00f3gico de una investigaci\u00f3n cient\u00edfica con la creatividad del dise\u00f1o participativo. Se nutre de testimonios, s\u00edmbolos identitarios y expresiones culturales de la comunidad para construir una narrativa visual accesible y emocionalmente conectiva. La propuesta trasciende el formato impreso mediante recursos crossmedia como piezas audiovisuales, c\u00f3digos QR y contenidos para redes sociales.<\/p>\n\n\n\n<blockquote class=\"wp-block-quote is-layout-flow wp-block-quote-is-layout-flow\">\n<p>Desde la perspectiva m\u00e9dica, Estela Tango, coordinadora regional del NHIR, resalta el impacto del arte en la salud comunitaria. \u201cIncorporar espacios culturales en estrategias de salud permite conectar con emociones e identidades locales, favoreciendo la cohesi\u00f3n social y el bienestar colectivo, especialmente en comunidades hist\u00f3ricamente excluidas\u201d.<\/p>\n<\/blockquote>\n\n\n\n<p>El proceso investigativo evidenci\u00f3 la riqueza intangible de San Jos\u00e9 de Chiquitos, incluyendo saberes ancestrales, pr\u00e1cticas cotidianas y una fuerte transmisi\u00f3n intergeneracional del conocimiento. Estos elementos se integraron en el cat\u00e1logo como herramientas de preservaci\u00f3n cultural y fortalecimiento del sentido de pertenencia.<\/p>\n\n\n\n<p>Adem\u00e1s de su valor art\u00edstico y acad\u00e9mico, esta experiencia plantea nuevas rutas para la formulaci\u00f3n de pol\u00edticas p\u00fablicas interculturales e integrales en salud. \u201cEl objetivo es que estas experiencias se traduzcan en modelos de atenci\u00f3n sostenibles, donde la cultura y el territorio sean parte del derecho a la salud\u201d, enfatiza Tango. Para lograrlo, el proyecto planea dialogar con autoridades locales y nacionales con el fin de incidir en pol\u00edticas p\u00fablicas que integren el arte como una herramienta de resiliencia y cohesi\u00f3n social.<\/p>\n\n\n\n<p>El cat\u00e1logo Arte y Cultura, una esperanza de vida demuestra que la academia boliviana tiene la capacidad de liderar proyectos internacionales de alto impacto, integrando el dise\u00f1o, la investigaci\u00f3n y el compromiso social para transformar realidades desde el territorio. Esta experiencia plantea la necesidad de apostar por un ecosistema universitario regional, donde universidades, comunidades y actores internacionales trabajen juntos para crear soluciones innovadoras y sostenibles.<\/p>","protected":false},"excerpt":{"rendered":"<p>El cat\u00e1logo Arte y Cultura, una esperanza de vida en San Jos\u00e9 de Chiquitos muestra c\u00f3mo el arte fortalece el tejido social y la identidad local.<\/p>","protected":false},"author":50,"featured_media":706854,"comment_status":"open","ping_status":"open","sticky":false,"template":"","format":"standard","meta":{"_acf_changed":false,"footnotes":""},"categories":[60],"tags":[10818,6356,53,1422,7764,124,4434,242],"class_list":["post-706853","post","type-post","status-publish","format-standard","has-post-thumbnail","hentry","category-blog","tag-centro-nihr-latam","tag-diseno-grafico-y-produccion-cross-media","tag-educacion","tag-innovacion-en-educacion","tag-investigacion-cientifica","tag-salud","tag-san-jose-de-chiquitos","tag-unifranz"],"acf":[],"_links":{"self":[{"href":"https:\/\/unifranz.edu.bo\/pt\/wp-json\/wp\/v2\/posts\/706853","targetHints":{"allow":["GET"]}}],"collection":[{"href":"https:\/\/unifranz.edu.bo\/pt\/wp-json\/wp\/v2\/posts"}],"about":[{"href":"https:\/\/unifranz.edu.bo\/pt\/wp-json\/wp\/v2\/types\/post"}],"author":[{"embeddable":true,"href":"https:\/\/unifranz.edu.bo\/pt\/wp-json\/wp\/v2\/users\/50"}],"replies":[{"embeddable":true,"href":"https:\/\/unifranz.edu.bo\/pt\/wp-json\/wp\/v2\/comments?post=706853"}],"version-history":[{"count":2,"href":"https:\/\/unifranz.edu.bo\/pt\/wp-json\/wp\/v2\/posts\/706853\/revisions"}],"predecessor-version":[{"id":706858,"href":"https:\/\/unifranz.edu.bo\/pt\/wp-json\/wp\/v2\/posts\/706853\/revisions\/706858"}],"wp:featuredmedia":[{"embeddable":true,"href":"https:\/\/unifranz.edu.bo\/pt\/wp-json\/wp\/v2\/media\/706854"}],"wp:attachment":[{"href":"https:\/\/unifranz.edu.bo\/pt\/wp-json\/wp\/v2\/media?parent=706853"}],"wp:term":[{"taxonomy":"category","embeddable":true,"href":"https:\/\/unifranz.edu.bo\/pt\/wp-json\/wp\/v2\/categories?post=706853"},{"taxonomy":"post_tag","embeddable":true,"href":"https:\/\/unifranz.edu.bo\/pt\/wp-json\/wp\/v2\/tags?post=706853"}],"curies":[{"name":"wp","href":"https:\/\/api.w.org\/{rel}","templated":true}]}}