{"id":706813,"date":"2025-07-23T17:05:19","date_gmt":"2025-07-23T21:05:19","guid":{"rendered":"https:\/\/unifranz.edu.bo\/?p=706813"},"modified":"2025-08-05T10:31:58","modified_gmt":"2025-08-05T14:31:58","slug":"semana-internacional-de-diseno","status":"publish","type":"post","link":"https:\/\/unifranz.edu.bo\/pt\/blog\/semana-internacional-de-diseno\/","title":{"rendered":"El Alto llega a la Semana Internacional de Dise\u00f1o de Argentina de la mano de Unifranz"},"content":{"rendered":"<p>La <a href=\"https:\/\/unifranz.edu.bo\/\">Universidad Franz Tamayo, Unifranz<\/a>, estuvo presente en uno de los encuentros acad\u00e9micos m\u00e1s relevantes del continente: la Semana Internacional de Dise\u00f1o organizada por la <a href=\"https:\/\/www.palermo.edu\/\" target=\"_blank\" rel=\"noopener\">Universidad de Palermo (UP)<\/a> en Buenos Aires, Argentina. El evento, que este a\u00f1o celebr\u00f3 su vig\u00e9sima edici\u00f3n, reuni\u00f3 a cientos de profesionales, investigadores y acad\u00e9micos del dise\u00f1o de toda Iberoam\u00e9rica bajo el eje Agenda del Dise\u00f1o 2026\u20132030.<\/p>\n\n\n\n<p><\/p>\n\n\n\n<p>La representaci\u00f3n de Unifranz estuvo a cargo de Luis Palacios, director de la carrera de <a href=\"https:\/\/ux.unifranz.edu.bo\/diseno-grafico-y-produccion-crossmedia\">Design Gr\u00e1fico e Produ\u00e7\u00e3o Multim\u00eddia<\/a> del campus acad\u00e9mico de El Alto y expositor dentro del Simposio internacional. Su participaci\u00f3n se enmarca dentro de la pol\u00edtica institucional de internacionalizaci\u00f3n docente, uno de los pilares estrat\u00e9gicos de la universidad junto a la innovaci\u00f3n educativa.<\/p>\n\n\n\n<p>\u201cEl dise\u00f1o debe tener una postura \u00e9tica clara y un prop\u00f3sito social, invitando a la comunidad internacional a construir una agenda com\u00fan donde lo local tenga voz propia y se convierta en motor de innovaci\u00f3n y cambio para el periodo 2026\u20132030\u201d, fue parte de la propuesta del profesional.<\/p>\n\n\n\n<p><\/p>\n\n\n\n<h2 class=\"wp-block-heading\"><strong>Innovaci\u00f3n educativa e impacto regional desde El Alto<\/strong><\/h2>\n\n\n\n<p>Con la ponencia titulada \u201cDise\u00f1o con sentido: educar, investigar y construir futuro desde Am\u00e9rica Latina\u201d, Palacios comparti\u00f3 con la comunidad acad\u00e9mica internacional la experiencia formativa de la carrera de Dise\u00f1o en Unifranz El Alto. Desde una visi\u00f3n latinoamericana y con fuerte anclaje en la realidad alte\u00f1a, abord\u00f3 la necesidad de un dise\u00f1o \u00e9tico, contextualizado y con capacidad de transformaci\u00f3n social.<\/p>\n\n\n\n<p><\/p>\n\n\n\n<p>\u201cRepresentar a Unifranz El Alto en un espacio de esta magnitud es siempre una gran responsabilidad que asumo con entusiasmo, sabiendo que generamos nuevas oportunidades para nuestros estudiantes y docentes\u201d, afirm\u00f3 Palacios. \u201cNuestra propuesta se basa en un dise\u00f1o con identidad local y mirada global, que entiende al dise\u00f1ador como un agente de cambio\u201d, puntualiz\u00f3.<\/p>\n\n\n\n<p><\/p>\n\n\n\n<p>Durante el evento, se debatieron temas como el rol de la inteligencia artificial en el dise\u00f1o, la sostenibilidad, la \u00e9tica profesional y los desaf\u00edos que enfrentar\u00e1 la disciplina en los pr\u00f3ximos cinco a\u00f1os, como la Inteligencia Artificial (IA), la \u00e9tica en el dise\u00f1o, el rol de las nuevas tecnolog\u00edas y el compromiso del dise\u00f1o con las comunidades. Para Unifranz, este enfoque coincide con su visi\u00f3n de impulsar una educaci\u00f3n transformadora que prepare a los estudiantes para liderar procesos de cambio desde sus territorios.<\/p>\n\n\n\n<p><\/p>\n\n\n\n<h2 class=\"wp-block-heading\"><strong>Internacionalizaci\u00f3n que transforma<\/strong><\/h2>\n\n\n\n<p>La participaci\u00f3n en la Semana Internacional de Dise\u00f1o permiti\u00f3 tambi\u00e9n afianzar v\u00ednculos con instituciones acad\u00e9micas de Argentina, Colombia, M\u00e9xico, Ecuador, Chile, Paraguay, Espa\u00f1a y Canad\u00e1. De este intercambio nace la iniciativa de conformar la Red Hispanoamericana por y para el Dise\u00f1o, una plataforma que buscar\u00e1 articular investigaciones, clases espejo, publicaciones conjuntas y movilidad acad\u00e9mica.<\/p>\n\n\n\n<p><\/p>\n\n\n\n<p>\u201cEstas redes acad\u00e9micas son fundamentales para consolidar una comunidad de aprendizaje que trascienda fronteras\u201d, explic\u00f3 el docente. Adem\u00e1s, como miembro activo de la Red de Investigadores en Dise\u00f1o, Palacios contribuy\u00f3 al desarrollo de los simposios tem\u00e1ticos y la promoci\u00f3n de nuevas l\u00edneas de investigaci\u00f3n interinstitucionales.<\/p>\n\n\n\n<p><\/p>\n\n\n\n<p>Consider\u00f3 que este tipo de experiencias internacionales no solo benefician el desarrollo profesional de los docentes, sino que impactan directamente en la calidad de la formaci\u00f3n que reciben los estudiantes. \u201cParticipar en estos espacios nos permite incorporar de forma estrat\u00e9gica tendencias globales al curr\u00edculo y proyectar a nuestros estudiantes como dise\u00f1adores de clase mundial\u201d, agreg\u00f3.<\/p>\n\n\n\n<p><\/p>\n\n\n\n<p>Unifranz fomenta activamente la participaci\u00f3n de sus docentes y estudiantes en espacios internacionales e innovadores que promuevan el intercambio de ideas, criterios y visiones sobre el futuro de las profesiones. En el caso de la carrera de Dise\u00f1o Gr\u00e1fico y Producci\u00f3n Crossmedia, esto se plasma a trav\u00e9s de la generaci\u00f3n de aportes desde una perspectiva local, con alcance global.<\/p>\n\n\n\n<p><\/p>\n\n\n\n<p>\u201cEl dise\u00f1o es universal, pero debe construirse tambi\u00e9n desde nuestras narrativas, nuestros territorios y nuestras urgencias. En ese camino, estamos formando profesionales que no solo se adaptan al cambio, sino que lo lideran\u201d, concluy\u00f3 Palacios.<\/p>\n\n\n\n<figure class=\"wp-block-embed is-type-video is-provider-youtube wp-block-embed-youtube wp-embed-aspect-16-9 wp-has-aspect-ratio\"><div class=\"wp-block-embed__wrapper\">\n<iframe loading=\"lazy\" title=\"#Internacional\u00edzate en la Universidad de Palermo \ud83c\udf0e\u2708\ufe0f\" width=\"500\" height=\"281\" src=\"https:\/\/www.youtube.com\/embed\/eWx-WKoPP8Q?feature=oembed\" frameborder=\"0\" allow=\"accelerometer; autoplay; clipboard-write; encrypted-media; gyroscope; picture-in-picture; web-share\" referrerpolicy=\"strict-origin-when-cross-origin\" allowfullscreen><\/iframe>\n<\/div><\/figure>","protected":false},"excerpt":{"rendered":"<p>El Alto presente en la Semana Internacional de Dise\u00f1o en Buenos Aires con Unifranz: dise\u00f1o \u00e9tico, educaci\u00f3n transformadora y visi\u00f3n global.<\/p>","protected":false},"author":25,"featured_media":706814,"comment_status":"open","ping_status":"open","sticky":false,"template":"","format":"standard","meta":{"_acf_changed":false,"footnotes":""},"categories":[11083,60,2314,2516,1708,2858,1608,2028,1782,10374],"tags":[53,47,386,1422,242],"class_list":["post-706813","post","type-post","status-publish","format-standard","has-post-thumbnail","hentry","category-unifranzelalto","category-blog","category-diseno-grafico","category-diseno-grafico-y-produccion-crossmedia","category-innovacion","category-innovacion-en-educacion","category-internacionalizacion","category-internacionalizacion-es","category-unifranz","category-unifranz-el-alto","tag-educacion","tag-el-alto","tag-estudiantes","tag-innovacion-en-educacion","tag-unifranz"],"acf":[],"_links":{"self":[{"href":"https:\/\/unifranz.edu.bo\/pt\/wp-json\/wp\/v2\/posts\/706813","targetHints":{"allow":["GET"]}}],"collection":[{"href":"https:\/\/unifranz.edu.bo\/pt\/wp-json\/wp\/v2\/posts"}],"about":[{"href":"https:\/\/unifranz.edu.bo\/pt\/wp-json\/wp\/v2\/types\/post"}],"author":[{"embeddable":true,"href":"https:\/\/unifranz.edu.bo\/pt\/wp-json\/wp\/v2\/users\/25"}],"replies":[{"embeddable":true,"href":"https:\/\/unifranz.edu.bo\/pt\/wp-json\/wp\/v2\/comments?post=706813"}],"version-history":[{"count":2,"href":"https:\/\/unifranz.edu.bo\/pt\/wp-json\/wp\/v2\/posts\/706813\/revisions"}],"predecessor-version":[{"id":707168,"href":"https:\/\/unifranz.edu.bo\/pt\/wp-json\/wp\/v2\/posts\/706813\/revisions\/707168"}],"wp:featuredmedia":[{"embeddable":true,"href":"https:\/\/unifranz.edu.bo\/pt\/wp-json\/wp\/v2\/media\/706814"}],"wp:attachment":[{"href":"https:\/\/unifranz.edu.bo\/pt\/wp-json\/wp\/v2\/media?parent=706813"}],"wp:term":[{"taxonomy":"category","embeddable":true,"href":"https:\/\/unifranz.edu.bo\/pt\/wp-json\/wp\/v2\/categories?post=706813"},{"taxonomy":"post_tag","embeddable":true,"href":"https:\/\/unifranz.edu.bo\/pt\/wp-json\/wp\/v2\/tags?post=706813"}],"curies":[{"name":"wp","href":"https:\/\/api.w.org\/{rel}","templated":true}]}}