{"id":706786,"date":"2025-07-23T07:00:00","date_gmt":"2025-07-23T11:00:00","guid":{"rendered":"https:\/\/unifranz.edu.bo\/?p=706786"},"modified":"2025-07-22T17:45:35","modified_gmt":"2025-07-22T21:45:35","slug":"como-la-inteligencia-artificial-transformara-el-aprendizaje-en-la-proxima-decada","status":"publish","type":"post","link":"https:\/\/unifranz.edu.bo\/pt\/blog\/como-la-inteligencia-artificial-transformara-el-aprendizaje-en-la-proxima-decada\/","title":{"rendered":"C\u00f3mo la inteligencia artificial transformar\u00e1 el aprendizaje en la pr\u00f3xima d\u00e9cada"},"content":{"rendered":"<p>La inteligencia artificial (IA) est\u00e1 revolucionando el panorama educativo, con herramientas que personalizan el aprendizaje, apoyan a los docentes y democratizan el acceso al conocimiento. En los pr\u00f3ximos 10 a\u00f1os, se espera que estas tecnolog\u00edas remodelen profundamente las aulas, haciendo del aprendizaje una experiencia m\u00e1s inclusiva, efectiva y humana.<\/p>\n\n\n\n<p><\/p>\n\n\n\n<blockquote class=\"wp-block-quote is-layout-flow wp-block-quote-is-layout-flow\">\n<p>\u201cLa inteligencia artificial tiene el potencial de adaptar los contenidos educativos a las necesidades individuales de los estudiantes, mejorando significativamente los resultados de aprendizaje\u201d, se\u00f1ala Francesc Pedr\u00f3, director del Instituto Internacional de la UNESCO para la Educaci\u00f3n Superior en Am\u00e9rica Latina y el Caribe (UNESCO IESALC) e invitado de honor en el Foro Internacional de Innovaci\u00f3n Educativa (FIIE 2025), evento organizado por la Universidad Franz Tamayo, Unifranz y realizado los primeros d\u00edas de julio en Santa Cruz de la Sierra.<\/p>\n<\/blockquote>\n\n\n\n<p><\/p>\n\n\n\n<p>Pedr\u00f3 indica que la educaci\u00f3n atraviesa una etapa de transformaci\u00f3n sin precedentes. Lo que hoy parece innovaci\u00f3n, en 2035 ser\u00e1 la norma. En este contexto, la IA no solo ha llegado para quedarse, sino para convertirse en un eje central de los procesos de ense\u00f1anza y aprendizaje.&nbsp;<\/p>\n\n\n\n<p><\/p>\n\n\n\n<p>Esta adaptaci\u00f3n se manifestar\u00e1 en todos los niveles del sistema educativo. En los primeros a\u00f1os, la IA permitir\u00e1 abordar el aprendizaje de manera l\u00fadica y personalizada.&nbsp;<\/p>\n\n\n\n<p>\u201cUn ejemplo pr\u00e1ctico es el uso de aplicaciones que ofrecen actividades personalizadas seg\u00fan los progresos del ni\u00f1o. Este enfoque no solo aumenta la efectividad del aprendizaje, sino que tambi\u00e9n permite identificar \u00e1reas de desarrollo temprano, ofreciendo apoyo adicional donde sea necesario\u201d, explica Pedr\u00f3.<\/p>\n\n\n\n<p><\/p>\n\n\n\n<p>En secundaria, las simulaciones virtuales y los tutores inteligentes har\u00e1n que materias como ciencias o matem\u00e1ticas sean m\u00e1s accesibles y din\u00e1micas. \u201cEstos sistemas identifican patrones de dificultad en los estudiantes y ajustan su m\u00e9todo de ense\u00f1anza, proporcionando una experiencia educativa personalizada\u201d, a\u00f1ade el experto.<\/p>\n\n\n\n<p><\/p>\n\n\n\n<p>En la universidad, la IA promete una transformaci\u00f3n en la producci\u00f3n acad\u00e9mica. Gracias al an\u00e1lisis masivo de datos, se podr\u00e1 investigar y generar conocimiento con mayor profundidad y en menos tiempo. Pedr\u00f3 sostiene que \u201cla educaci\u00f3n debe preparar a los estudiantes para vivir y trabajar en un mundo impulsado por la IA, desarrollando competencias digitales y \u00e9ticas\u201d.<\/p>\n\n\n\n<p><\/p>\n\n\n\n<p><strong>Tecnolog\u00eda al servicio del docente<\/strong><\/p>\n\n\n\n<p>Lejos de sustituir a los educadores, la IA se perfila como una aliada. Automatiza tareas repetitivas como la revisi\u00f3n de trabajos y permite retroalimentar a los estudiantes de manera inmediata. Esta optimizaci\u00f3n del tiempo permitir\u00e1 a los docentes enfocarse en la parte m\u00e1s humana y creativa del proceso educativo.&nbsp;<\/p>\n\n\n\n<p><\/p>\n\n\n\n<blockquote class=\"wp-block-quote is-layout-flow wp-block-quote-is-layout-flow\">\n<p>\u201cLa IA permite individualizar contenidos y ser m\u00e1s creativos, ajustando los materiales a las habilidades y necesidades de cada estudiante\u201d, se\u00f1ala Whara Solano Garvizu, docente y miembro de la Jefatura de Ense\u00f1anza y Aprendizaje (JEA) de la Universidad Franz Tamayo, Unifranz.<\/p>\n<\/blockquote>\n\n\n\n<p><\/p>\n\n\n\n<p>Adem\u00e1s, Solano destaca los beneficios que estas herramientas ofrecen en materia de inclusi\u00f3n. \u201cEntre sus principales beneficios se encuentran el aprendizaje adaptativo, la inclusi\u00f3n de estudiantes con discapacidades mediante herramientas como audiolibros y juegos educativos, y la retroalimentaci\u00f3n inmediata, que permite corregir errores y mejorar la autonom\u00eda\u201d, explica.<\/p>\n\n\n\n<p><\/p>\n\n\n\n<blockquote class=\"wp-block-quote is-layout-flow wp-block-quote-is-layout-flow\">\n<p>La posibilidad de combinar educaci\u00f3n personalizada con modalidades h\u00edbridas abre nuevas puertas al aprendizaje.&nbsp;<\/p>\n\n\n\n<p><\/p>\n\n\n\n<p>\u201cLa tecnolog\u00eda, hoy en d\u00eda, se convirti\u00f3 en una herramienta casi indispensable en el aprendizaje. Podemos individualizar, ser m\u00e1s creativos al elaborar nuestro material para que se ajuste a las necesidades y niveles de habilidades de los estudiantes\u201d, resalta la acad\u00e9mica.<\/p>\n<\/blockquote>\n\n\n\n<p><\/p>\n\n\n\n<p><strong>Evaluaciones m\u00e1s efectivas<\/strong><\/p>\n\n\n\n<p><\/p>\n\n\n\n<p>La IA tambi\u00e9n est\u00e1 redefiniendo la manera en que se eval\u00faa el conocimiento. Herramientas basadas en procesamiento del lenguaje natural permitir\u00e1n calificar respuestas complejas, identificar errores comunes y sugerir mejoras instant\u00e1neamente. Pedr\u00f3 advierte que este cambio obliga a replantear las formas tradicionales de evaluaci\u00f3n:.<\/p>\n\n\n\n<p><\/p>\n\n\n\n<p>\u201cEl objetivo es poner a prueba habilidades que la IA no puede replicar completamente, como el pensamiento cr\u00edtico genuino, la autorreflexi\u00f3n y el an\u00e1lisis \u00e9tico\u201d.<\/p>\n\n\n\n<p>Las pruebas adaptativas tambi\u00e9n marcar\u00e1n una diferencia: ajustar\u00e1n su nivel de dificultad en funci\u00f3n del desempe\u00f1o del estudiante, generando una medici\u00f3n m\u00e1s precisa del aprendizaje. A la par, las evaluaciones deber\u00e1n hacerse \u00abconscientes de la IA\u00bb, es decir, que valoren el proceso m\u00e1s que el resultado, evitando depender de trabajos generados por algoritmos.<\/p>\n\n\n\n<p><\/p>\n\n\n\n<p><strong>Inclusi\u00f3n y equidad: el gran reto<\/strong><\/p>\n\n\n\n<p><\/p>\n\n\n\n<p>La IA tiene el potencial de democratizar la educaci\u00f3n, pero su implementaci\u00f3n debe hacerse con criterios de justicia social. \u201cLa tecnolog\u00eda es un puente hacia la equidad, pero debe construirse con participaci\u00f3n humana y sentido pedag\u00f3gico\u201d, enfatiza Solano, subrayando la necesidad de un enfoque \u00e9tico.<\/p>\n\n\n\n<p><\/p>\n\n\n\n<p>Pedr\u00f3 coincide en que la equidad debe estar al centro. En su informe \u201c<em>Artificial Intelligence in Education: Challenges and Opportunities for Sustainable Development\u201d<\/em>, UNESCO se\u00f1ala que \u201cla implementaci\u00f3n de la inteligencia artificial en la educaci\u00f3n debe hacerse con cautela\u201d y exige pol\u00edticas p\u00fablicas que garanticen acceso universal, formaci\u00f3n docente y desarrollo de infraestructura tecnol\u00f3gica.<\/p>\n\n\n\n<p><\/p>\n\n\n\n<p>El verdadero valor de la IA en educaci\u00f3n no radica en sustituir a los profesores, sino en liberar su potencial. En lugar de corregir decenas de ex\u00e1menes, podr\u00e1n dedicar ese tiempo a dise\u00f1ar mejores experiencias de aprendizaje. En lugar de adaptarse a un curr\u00edculo r\u00edgido, podr\u00e1n personalizar cada clase gracias a los datos que ofrecen las plataformas inteligentes.<\/p>\n\n\n\n<p><\/p>\n\n\n\n<p>Con herramientas bien dise\u00f1adas, un marco \u00e9tico s\u00f3lido y una visi\u00f3n pedag\u00f3gica clara, la IA puede llevarnos hacia una educaci\u00f3n m\u00e1s inclusiva, personalizada y de calidad. Como resume Pedr\u00f3: \u201cLa IA no debe sustituir a los docentes, sino complementar su labor, proporcionando herramientas que enriquezcan el proceso educativo\u201d.<\/p>","protected":false},"excerpt":{"rendered":"<p>En la pr\u00f3xima d\u00e9cada, la IA ser\u00e1 clave en la educaci\u00f3n: m\u00e1s inclusi\u00f3n, aprendizaje adaptativo y docentes empoderados por la tecnolog\u00eda.<\/p>","protected":false},"author":49,"featured_media":706787,"comment_status":"open","ping_status":"open","sticky":false,"template":"","format":"standard","meta":{"_acf_changed":false,"footnotes":""},"categories":[60],"tags":[53,11018,210,1422,3446,3816,2214,6406,10793,242],"class_list":["post-706786","post","type-post","status-publish","format-standard","has-post-thumbnail","hentry","category-blog","tag-educacion","tag-fiie-unifranz-2025","tag-innovacion","tag-innovacion-en-educacion","tag-inteligencia-artificial","tag-jea","tag-modelo-educativo-innovador","tag-pedagogia","tag-tecnologia-2","tag-unifranz"],"acf":[],"_links":{"self":[{"href":"https:\/\/unifranz.edu.bo\/pt\/wp-json\/wp\/v2\/posts\/706786","targetHints":{"allow":["GET"]}}],"collection":[{"href":"https:\/\/unifranz.edu.bo\/pt\/wp-json\/wp\/v2\/posts"}],"about":[{"href":"https:\/\/unifranz.edu.bo\/pt\/wp-json\/wp\/v2\/types\/post"}],"author":[{"embeddable":true,"href":"https:\/\/unifranz.edu.bo\/pt\/wp-json\/wp\/v2\/users\/49"}],"replies":[{"embeddable":true,"href":"https:\/\/unifranz.edu.bo\/pt\/wp-json\/wp\/v2\/comments?post=706786"}],"version-history":[{"count":3,"href":"https:\/\/unifranz.edu.bo\/pt\/wp-json\/wp\/v2\/posts\/706786\/revisions"}],"predecessor-version":[{"id":706791,"href":"https:\/\/unifranz.edu.bo\/pt\/wp-json\/wp\/v2\/posts\/706786\/revisions\/706791"}],"wp:featuredmedia":[{"embeddable":true,"href":"https:\/\/unifranz.edu.bo\/pt\/wp-json\/wp\/v2\/media\/706787"}],"wp:attachment":[{"href":"https:\/\/unifranz.edu.bo\/pt\/wp-json\/wp\/v2\/media?parent=706786"}],"wp:term":[{"taxonomy":"category","embeddable":true,"href":"https:\/\/unifranz.edu.bo\/pt\/wp-json\/wp\/v2\/categories?post=706786"},{"taxonomy":"post_tag","embeddable":true,"href":"https:\/\/unifranz.edu.bo\/pt\/wp-json\/wp\/v2\/tags?post=706786"}],"curies":[{"name":"wp","href":"https:\/\/api.w.org\/{rel}","templated":true}]}}