{"id":706767,"date":"2025-07-22T07:00:00","date_gmt":"2025-07-22T11:00:00","guid":{"rendered":"https:\/\/unifranz.edu.bo\/?p=706767"},"modified":"2025-07-21T19:35:33","modified_gmt":"2025-07-21T23:35:33","slug":"internacionalizacion-universitaria-el-pasaporte-estudiantil-hacia-un-mundo-sin-fronteras","status":"publish","type":"post","link":"https:\/\/unifranz.edu.bo\/pt\/blog\/internacionalizacion-universitaria-el-pasaporte-estudiantil-hacia-un-mundo-sin-fronteras\/","title":{"rendered":"Internacionalizaci\u00f3n universitaria: el pasaporte estudiantil hacia un mundo sin fronteras"},"content":{"rendered":"<p><\/p>\n\n\n\n<p>A sus 22 a\u00f1os, Jos\u00e9 Manuel Pereira est\u00e1 a punto de embarcarse en una experiencia que transformar\u00e1 no s\u00f3lo su carrera profesional, sino tambi\u00e9n su visi\u00f3n del mundo. Este joven estudiante de Ingenier\u00eda Comercial cursar\u00e1 el \u00faltimo a\u00f1o de su carrera en Colombia gracias a un programa de doble titulaci\u00f3n entre la Universidad Franz Tamayo, Unifranz y la Universidad de Investigaci\u00f3n y Desarrollo (UDI) de ese pa\u00eds, la que le permitir\u00e1 obtener dos t\u00edtulos universitarios: uno boliviano y otro colombiano.<\/p>\n\n\n\n<p><\/p>\n\n\n\n<blockquote class=\"wp-block-quote is-layout-flow wp-block-quote-is-layout-flow\">\n<p>M\u00e1s all\u00e1 de lo acad\u00e9mico, lo que motiva a Jos\u00e9 Manuel es la posibilidad de vivir en otro pa\u00eds, aprender desde otro contexto y desarrollar una mentalidad global. \u201cMis pap\u00e1s est\u00e1n orgullosos, y yo tambi\u00e9n. Me siento feliz por formar parte de esto. Es una oportunidad que no tiene cualquiera\u201d, expres\u00f3 con entusiasmo d\u00edas antes de partir.<\/p>\n<\/blockquote>\n\n\n\n<p><\/p>\n\n\n\n<p>Este tipo de experiencias est\u00e1n dejando de ser la excepci\u00f3n y comienzan a consolidarse como una nueva norma en el \u00e1mbito educativo: la internacionalizaci\u00f3n acad\u00e9mica ya no es un lujo, sino una necesidad.<\/p>\n\n\n\n<p><\/p>\n\n\n\n<p><strong>\u00bfPor qu\u00e9 internacionalizarse?<\/strong><\/p>\n\n\n\n<p>El mundo laboral exige hoy mucho m\u00e1s que un t\u00edtulo universitario. Las empresas buscan profesionales que no solo dominen su \u00e1rea t\u00e9cnica, sino que adem\u00e1s tengan habilidades blandas, capacidad de adaptaci\u00f3n cultural y una comprensi\u00f3n global de los negocios. En ese marco, programas como el que beneficia a Jos\u00e9 Manuel se vuelven vitales.<\/p>\n\n\n\n<p><\/p>\n\n\n\n<p>El convenio entre la UDI y Unifranz permite que estudiantes como Pereira puedan completar su formaci\u00f3n en el extranjero y acceder a un t\u00edtulo en Administraci\u00f3n de Empresas con validez plena en ambos pa\u00edses. La posibilidad de trabajar tanto en Bolivia como en Colombia sin necesidad de revalidaci\u00f3n es uno de los beneficios m\u00e1s tangibles de esta alianza.<\/p>\n\n\n\n<p><\/p>\n\n\n\n<blockquote class=\"wp-block-quote is-layout-flow wp-block-quote-is-layout-flow\">\n<p>Pero m\u00e1s all\u00e1 del reconocimiento formal, la experiencia de estudiar fuera brinda otros beneficios igual de importantes. \u201cS\u00e9 que voy a aprender m\u00e1s que teor\u00eda. Aprender a moverme solo, adaptarme a otra cultura y ver c\u00f3mo se vive all\u00e1 me ayudar\u00e1 a crecer como persona y profesional\u201d, reflexiona el futuro administrador de empresas.<\/p>\n<\/blockquote>\n\n\n\n<p><\/p>\n\n\n\n<p><strong>Una oportunidad con efecto multiplicador<\/strong><\/p>\n\n\n\n<p>Este tipo de convenios no s\u00f3lo ampl\u00edan la formaci\u00f3n de los estudiantes, sino que tienen un efecto multiplicador en sus trayectorias profesionales. Seg\u00fan datos de organismos internacionales, los egresados que han participado en programas de movilidad tienen mayores posibilidades de inserci\u00f3n laboral y suelen acceder a mejores condiciones de trabajo.<\/p>\n\n\n\n<p><\/p>\n\n\n\n<p>El convenio beneficia, inicialmente, a los estudiantes de Ingenier\u00eda Comercial de Unifranz, quienes podr\u00e1n obtener tambi\u00e9n el t\u00edtulo en Administraci\u00f3n de Empresas otorgado por UDI. Seg\u00fan Mar\u00eda Fernanda Oll\u00e9, coordinadora nacional de Movilidad Estudiantil de Unifranz, este programa no solo ampl\u00eda las opciones acad\u00e9micas, sino tambi\u00e9n las perspectivas profesionales, ofreciendo la posibilidad de trabajar tanto en Bolivia como en Colombia.<\/p>\n\n\n\n<p><\/p>\n\n\n\n<blockquote class=\"wp-block-quote is-layout-flow wp-block-quote-is-layout-flow\">\n<p>Adem\u00e1s, Oll\u00e9 subray\u00f3 que la doble titulaci\u00f3n no implica la obtenci\u00f3n de dos t\u00edtulos id\u00e9nticos, sino de dos t\u00edtulos complementarios en diferentes carreras. \u201cEn un mundo tan competitivo, es importante crear y generar lazos no solo a nivel personal, sino tambi\u00e9n a nivel profesional (\u2026). Queremos otorgarles estas herramientas a trav\u00e9s de la internacionalizaci\u00f3n\u201d.<\/p>\n\n\n\n<p><\/p>\n<\/blockquote>\n\n\n\n<figure class=\"wp-block-embed is-type-video is-provider-youtube wp-block-embed-youtube wp-embed-aspect-16-9 wp-has-aspect-ratio\"><div class=\"wp-block-embed__wrapper\">\n<iframe loading=\"lazy\" title=\"Internacionalizaci\u00f3n universitaria: el pasaporte estudiantil hacia un mundo sin fronteras\" width=\"500\" height=\"281\" src=\"https:\/\/www.youtube.com\/embed\/3pLxvLg89bI?feature=oembed\" frameborder=\"0\" allow=\"accelerometer; autoplay; clipboard-write; encrypted-media; gyroscope; picture-in-picture; web-share\" referrerpolicy=\"strict-origin-when-cross-origin\" allowfullscreen><\/iframe>\n<\/div><\/figure>\n\n\n\n<p><\/p>\n\n\n\n<p><strong>Red de contactos y visi\u00f3n global<\/strong><\/p>\n\n\n\n<p>Una de las mayores riquezas de los programas de doble titulaci\u00f3n es la red de contactos que se construye a lo largo del proceso. Estudiar junto a pares de otras nacionalidades, interactuar con docentes de distintas escuelas de pensamiento y experimentar otras formas de vida, crea v\u00ednculos que muchas veces perduran m\u00e1s all\u00e1 de lo acad\u00e9mico.<\/p>\n\n\n\n<p><\/p>\n\n\n\n<blockquote class=\"wp-block-quote is-layout-flow wp-block-quote-is-layout-flow\">\n<p>\u201cEl mundo es muy grande y hay mucho por aprender afuera. Esta es mi oportunidad para ver c\u00f3mo se hacen las cosas en otro lugar y traer lo mejor de all\u00e1 a Bolivia\u201d, agrega Jos\u00e9 Manuel, convencido de que su paso por Colombia ser\u00e1 un punto de inflexi\u00f3n en su vida.<\/p>\n<\/blockquote>\n\n\n\n<p><\/p>\n\n\n\n<p>No es casual que programas como este est\u00e9n ganando terreno en Latinoam\u00e9rica. Universidades de todo el continente comienzan a mirar hacia fuera, generando alianzas que permitan a sus estudiantes insertarse en circuitos internacionales, sin perder de vista su identidad y compromiso local.<\/p>\n\n\n\n<p><\/p>\n\n\n\n<p><strong>Internacionalizarse: \u00bfuna tendencia o una necesidad?<\/strong><\/p>\n\n\n\n<p>Los estudiantes que acceden a programas de internacionalizaci\u00f3n son vistos con buenos ojos por los reclutadores. La experiencia de vivir en otro pa\u00eds y completar estudios en un entorno diferente no solo habla de capacidad acad\u00e9mica, sino de autonom\u00eda, resiliencia y visi\u00f3n global.<\/p>\n\n\n\n<p><\/p>\n\n\n\n<p>La doble titulaci\u00f3n \u2014lejos de ser solo una formalidad\u2014 se traduce en mejores oportunidades de empleo, mayor movilidad profesional y un abanico de posibilidades que trasciende las fronteras. Los estudiantes que apuestan por esta v\u00eda no solo acumulan t\u00edtulos, sino tambi\u00e9n vivencias, contactos y perspectivas que los hacen m\u00e1s competitivos.<\/p>\n\n\n\n<p><\/p>\n\n\n\n<p><strong>Alianzas que construyen<\/strong><\/p>\n\n\n\n<p><\/p>\n\n\n\n<p>Con cuatro sedes en el pa\u00eds (La Paz, El Alto, Cochabamba y Santa Cruz), Unifranz es la primera universidad boliviana en promover la internacionalizaci\u00f3n y la formaci\u00f3n de profesionales globales a trav\u00e9s de programas de intercambio, doble titulaci\u00f3n y colaboraciones con universidades, organizaciones e instituciones de todo el mundo. El 25% de su poblaci\u00f3n estudiantil es extranjera, constituy\u00e9ndose en referente de formaci\u00f3n profesional en Latinoam\u00e9rica.&nbsp;<\/p>\n\n\n\n<p>La UDI, ubicada en Bucaramanga, Colombia, est\u00e1 comprometida con la calidad educativa y la internacionalizaci\u00f3n, estableciendo alianzas con universidades, organismos gubernamentales, ONGs y el sector productivo de Am\u00e9rica y el mundo. Esto le permite ofrecer programas como la doble titulaci\u00f3n con universidades de prestigio internacional.<\/p>","protected":false},"excerpt":{"rendered":"<p>Vive, estudia y crece fuera de tu pa\u00eds: descubre c\u00f3mo la doble titulaci\u00f3n potencia tu futuro profesional y tu mentalidad global.<\/p>","protected":false},"author":49,"featured_media":706768,"comment_status":"open","ping_status":"open","sticky":false,"template":"","format":"standard","meta":{"_acf_changed":false,"footnotes":""},"categories":[60],"tags":[198,37,1166,10491,386,174,1422,248,10989,242],"class_list":["post-706767","post","type-post","status-publish","format-standard","has-post-thumbnail","hentry","category-blog","tag-administracion-de-empresas","tag-cochabamba","tag-convenio-interinstitucional","tag-doble-titulacion","tag-estudiantes","tag-ingenieria-comercial","tag-innovacion-en-educacion","tag-internacionalizacion","tag-udi","tag-unifranz"],"acf":[],"_links":{"self":[{"href":"https:\/\/unifranz.edu.bo\/pt\/wp-json\/wp\/v2\/posts\/706767","targetHints":{"allow":["GET"]}}],"collection":[{"href":"https:\/\/unifranz.edu.bo\/pt\/wp-json\/wp\/v2\/posts"}],"about":[{"href":"https:\/\/unifranz.edu.bo\/pt\/wp-json\/wp\/v2\/types\/post"}],"author":[{"embeddable":true,"href":"https:\/\/unifranz.edu.bo\/pt\/wp-json\/wp\/v2\/users\/49"}],"replies":[{"embeddable":true,"href":"https:\/\/unifranz.edu.bo\/pt\/wp-json\/wp\/v2\/comments?post=706767"}],"version-history":[{"count":2,"href":"https:\/\/unifranz.edu.bo\/pt\/wp-json\/wp\/v2\/posts\/706767\/revisions"}],"predecessor-version":[{"id":706770,"href":"https:\/\/unifranz.edu.bo\/pt\/wp-json\/wp\/v2\/posts\/706767\/revisions\/706770"}],"wp:featuredmedia":[{"embeddable":true,"href":"https:\/\/unifranz.edu.bo\/pt\/wp-json\/wp\/v2\/media\/706768"}],"wp:attachment":[{"href":"https:\/\/unifranz.edu.bo\/pt\/wp-json\/wp\/v2\/media?parent=706767"}],"wp:term":[{"taxonomy":"category","embeddable":true,"href":"https:\/\/unifranz.edu.bo\/pt\/wp-json\/wp\/v2\/categories?post=706767"},{"taxonomy":"post_tag","embeddable":true,"href":"https:\/\/unifranz.edu.bo\/pt\/wp-json\/wp\/v2\/tags?post=706767"}],"curies":[{"name":"wp","href":"https:\/\/api.w.org\/{rel}","templated":true}]}}