{"id":706745,"date":"2025-07-19T07:26:00","date_gmt":"2025-07-19T11:26:00","guid":{"rendered":"https:\/\/unifranz.edu.bo\/?p=706745"},"modified":"2025-07-18T22:01:37","modified_gmt":"2025-07-19T02:01:37","slug":"san-jose-de-chiquitos-demuestra-que-el-arte-y-la-educacion-pueden-sanar-comunidades","status":"publish","type":"post","link":"https:\/\/unifranz.edu.bo\/pt\/blog\/san-jose-de-chiquitos-demuestra-que-el-arte-y-la-educacion-pueden-sanar-comunidades\/","title":{"rendered":"San Jos\u00e9 de Chiquitos demuestra que el arte y la educaci\u00f3n pueden sanar comunidades"},"content":{"rendered":"<p>San Jos\u00e9 de Chiquitos, con su historia viva y sus tradiciones profundamente arraigadas, se ha convertido en el epicentro de una experiencia innovadora que une cultura, salud y educaci\u00f3n superior. Con el lanzamiento del cat\u00e1logo \u201cArte y Cultura, una esperanza de vida\u201d, este municipio chiquitano se proyecta como un referente de c\u00f3mo la academia, la investigaci\u00f3n internacional y la creatividad local pueden trabajar juntas para fortalecer el bienestar emocional y social de las comunidades.<\/p>\n\n\n\n<blockquote class=\"wp-block-quote is-layout-flow wp-block-quote-is-layout-flow\">\n<p>\u201cIncorporar espacios culturales en estrategias de salud permite conectar con emociones e identidades locales, favoreciendo la cohesi\u00f3n social y el bienestar colectivo, especialmente en comunidades hist\u00f3ricamente excluidas\u201d, se\u00f1ala Estela Tango, coordinadora del proyecto NIHR-LATAM.<\/p>\n<\/blockquote>\n\n\n\n<p>Para ella, el arte es una puerta abierta hacia nuevas formas de comprender el bienestar. \u201cLa m\u00fasica, la pintura, los murales, las danzas o los relatos orales permiten comunicar mensajes de autocuidado y salud emocional de manera m\u00e1s accesible y con un lenguaje propio de las comunidades\u201d, a\u00f1ade.<\/p>\n\n\n\n<p>El cat\u00e1logo no es solo una publicaci\u00f3n patrimonial; es un mapa emocional de San Jos\u00e9 de Chiquitos. Se nutre de testimonios de pobladores, expresiones art\u00edsticas, s\u00edmbolos identitarios y pr\u00e1cticas ancestrales que dan vida a una narrativa visual y cultural pensada para fortalecer la identidad y el sentido de pertenencia.<\/p>\n\n\n\n<p><strong>Proyecto integral en San Jos\u00e9 de Chiquitos<\/strong><\/p>\n\n\n\n<p>Desde el 2022, el Centro de Investigaci\u00f3n en Salud de Am\u00e9rica Latina NIHR-LATAM, financiado por el Instituto Nacional para la Investigaci\u00f3n de Salud y Atenci\u00f3n del Gobierno Brit\u00e1nico (NIHR, por sus siglas en ingl\u00e9s), a trav\u00e9s del fondo concursable NIHR203266, busca mejorar la salud y la calidad de vida de las personas que viven con enfermedades cr\u00f3nicas no transmisibles y trastornos de salud mental en Latinoam\u00e9rica, con un enfoque especial en las comunidades ind\u00edgenas.<\/p>\n\n\n\n<p>La iniciativa cuenta con la participaci\u00f3n de la Queen Mary University de Londres, la Pontificia Universidad Javeriana de Colombia, la Universidad Rafael Land\u00edvar de Guatemala y la Universidad Franz Tamayo de Bolivia. A nivel nacional, el proyecto es liderado por Unifranz y tiene como base de operaciones la ciudad de Santa Cruz de la Sierra.<\/p>\n\n\n\n<p>Tango destaca que esta investigaci\u00f3n surge de una alianza internacional que busca comprender c\u00f3mo el arte y la cultura influyen en el bienestar f\u00edsico y emocional.<\/p>\n\n\n\n<blockquote class=\"wp-block-quote is-layout-flow wp-block-quote-is-layout-flow\">\n<p>\u201cLa idea de investigar el v\u00ednculo entre el arte y la salud naci\u00f3 de un programa pionero del Centro NIHR-LATAM que ya hab\u00eda tenido experiencias exitosas en comunidades vulnerables de Brasil. En Bolivia, San Jos\u00e9 de Chiquitos nos mostr\u00f3 que su patrimonio intangible \u2014la m\u00fasica misional, los bordados, las esculturas, los murales\u2014 son tambi\u00e9n medicinas para el alma, herramientas que promueven la resiliencia y fortalecen la salud mental\u201d, explica.<\/p>\n<\/blockquote>\n\n\n\n<p>Uno de los hallazgos m\u00e1s significativos del proceso investigativo fue la capacidad de la comunidad para transmitir saberes intergeneracionales.&nbsp;<\/p>\n\n\n\n<p>\u201cIdentificamos tradiciones vivas, pr\u00e1cticas cotidianas y expresiones art\u00edsticas que fortalecen la autoestima colectiva. Todo eso se integr\u00f3 al cat\u00e1logo como una herramienta de preservaci\u00f3n cultural y de sanaci\u00f3n emocional\u201d, afirma Tango.<\/p>\n\n\n\n<p><strong>Dise\u00f1o con prop\u00f3sito y sensibilidad social<\/strong><\/p>\n\n\n\n<p>El dise\u00f1o de la publicaci\u00f3n estuvo a cargo de Lita Dom\u00ednguez, directora de la carrera de Dise\u00f1o Gr\u00e1fico y Producci\u00f3n Crossmedia de Unifranz, y del dise\u00f1ador Mauricio Baspineiro. Para ambos, el reto fue traducir una investigaci\u00f3n cient\u00edfica en una experiencia visual que tocara el coraz\u00f3n de la gente.<\/p>\n\n\n\n<p>\u201cEste cat\u00e1logo es un espejo que devuelve a los josesanos su riqueza simb\u00f3lica, sus saberes cotidianos y su capacidad de sanar desde el arte, la memoria y la fe\u201d, comenta Dom\u00ednguez. Su participaci\u00f3n en el proyecto fue, en sus palabras, \u201cuna oportunidad transformadora y profundamente coherente con mi forma de ver el dise\u00f1o: con prop\u00f3sito, con v\u00ednculo y con sensibilidad social. No se trata solo de dise\u00f1ar, sino de escuchar, de construir desde la voz de la comunidad\u201d.<\/p>\n\n\n\n<p>La acad\u00e9mica explica que el proceso creativo fue un di\u00e1logo constante entre la investigaci\u00f3n acad\u00e9mica y la comunidad local. \u201cFue un trabajo de co-creaci\u00f3n. Escuchamos a los pobladores, revisamos sus s\u00edmbolos y colores, interpretamos sus historias. Quer\u00edamos que cada p\u00e1gina del cat\u00e1logo respirara territorio, que la gente se reconociera en sus texturas, en sus fotograf\u00edas, en sus c\u00f3digos visuales\u201d, detalla.<\/p>\n\n\n\n<p>El cat\u00e1logo trasciende el formato impreso. Gracias al enfoque crossmedia, incluye c\u00f3digos QR, piezas audiovisuales y contenidos interactivos para redes sociales que amplifican su alcance. A trav\u00e9s de estos recursos, el proyecto busca no solo preservar el patrimonio cultural, sino tambi\u00e9n generar conversaciones intergeneracionales, promover el orgullo local y abrir un espacio de reflexi\u00f3n sobre c\u00f3mo el arte contribuye al bienestar colectivo.<\/p>\n\n\n\n<p><strong>El papel transformador de la academia regional<\/strong><\/p>\n\n\n\n<p>Para Tango, esta experiencia es un ejemplo del papel clave que la academia boliviana puede desempe\u00f1ar en investigaciones internacionales.<\/p>\n\n\n\n<p>\u201cLa academia nacional no es solo un actor operativo, es un socio estrat\u00e9gico que aporta conocimiento situado, comprensi\u00f3n de la realidad sociocultural y capacidad para articular a la comunidad con redes internacionales de investigaci\u00f3n\u201d, resalta.<\/p>\n\n\n\n<p>La participaci\u00f3n de Unifranz permiti\u00f3 que el proyecto no solo documentara el patrimonio cultural de San Jos\u00e9 de Chiquitos, sino que lo integrara como parte de una visi\u00f3n m\u00e1s amplia de salud comunitaria, donde las emociones, el arte y las tradiciones forman parte de una estrategia integral de bienestar.<\/p>\n\n\n\n<p><strong>Impacto y proyecci\u00f3n hacia pol\u00edticas p\u00fablicas<\/strong><\/p>\n\n\n\n<p>El cat\u00e1logo no es un fin, sino un punto de partida. El objetivo, seg\u00fan la investigadora, es que estas experiencias se traduzcan en modelos de atenci\u00f3n sostenibles, donde la cultura y el territorio sean reconocidos como ejes del derecho a la salud. Para lograrlo, el proyecto planea dialogar con autoridades locales y nacionales con el fin de incidir en pol\u00edticas p\u00fablicas que integren el arte como una herramienta de resiliencia y cohesi\u00f3n social.<\/p>\n\n\n\n<blockquote class=\"wp-block-quote is-layout-flow wp-block-quote-is-layout-flow\">\n<p>\u201cEste proyecto demuestra que cuando la academia se abre al territorio y dialoga con las comunidades, se generan resultados que van m\u00e1s all\u00e1 del conocimiento. Se crean v\u00ednculos, se construyen identidades y se mejora la calidad de vida de la gente\u201d, reflexiona Lita Dom\u00ednguez.<\/p>\n<\/blockquote>\n\n\n\n<p>La experiencia de San Jos\u00e9 de Chiquitos plantea la necesidad de apostar por un ecosistema universitario regional, donde universidades, comunidades y actores internacionales trabajen juntos para crear soluciones innovadoras y sostenibles.<\/p>\n\n\n\n<p>\u201cEl cambio comienza cuando sumamos esfuerzos, cuando entendemos que el conocimiento no es solo acad\u00e9mico, sino tambi\u00e9n comunitario. Un ecosistema universitario regional nos permite crecer, compartir experiencias y dise\u00f1ar respuestas a los retos sociales desde nuestra propia realidad\u201d, concluye Tango.<\/p>","protected":false},"excerpt":{"rendered":"<p>San Jos\u00e9 de Chiquitos usa arte y cultura como terapia. Proyecto internacional revela su impacto en salud mental y bienestar emocional de comunidades.<\/p>","protected":false},"author":50,"featured_media":706748,"comment_status":"open","ping_status":"open","sticky":false,"template":"","format":"standard","meta":{"_acf_changed":false,"footnotes":""},"categories":[60],"tags":[8578,10818,53,1422,240,124,2944,4434,242],"class_list":["post-706745","post","type-post","status-publish","format-standard","has-post-thumbnail","hentry","category-blog","tag-arte-chiquitano","tag-centro-nihr-latam","tag-educacion","tag-innovacion-en-educacion","tag-psicologia","tag-salud","tag-salud-mental","tag-san-jose-de-chiquitos","tag-unifranz"],"acf":[],"_links":{"self":[{"href":"https:\/\/unifranz.edu.bo\/pt\/wp-json\/wp\/v2\/posts\/706745","targetHints":{"allow":["GET"]}}],"collection":[{"href":"https:\/\/unifranz.edu.bo\/pt\/wp-json\/wp\/v2\/posts"}],"about":[{"href":"https:\/\/unifranz.edu.bo\/pt\/wp-json\/wp\/v2\/types\/post"}],"author":[{"embeddable":true,"href":"https:\/\/unifranz.edu.bo\/pt\/wp-json\/wp\/v2\/users\/50"}],"replies":[{"embeddable":true,"href":"https:\/\/unifranz.edu.bo\/pt\/wp-json\/wp\/v2\/comments?post=706745"}],"version-history":[{"count":1,"href":"https:\/\/unifranz.edu.bo\/pt\/wp-json\/wp\/v2\/posts\/706745\/revisions"}],"predecessor-version":[{"id":706750,"href":"https:\/\/unifranz.edu.bo\/pt\/wp-json\/wp\/v2\/posts\/706745\/revisions\/706750"}],"wp:featuredmedia":[{"embeddable":true,"href":"https:\/\/unifranz.edu.bo\/pt\/wp-json\/wp\/v2\/media\/706748"}],"wp:attachment":[{"href":"https:\/\/unifranz.edu.bo\/pt\/wp-json\/wp\/v2\/media?parent=706745"}],"wp:term":[{"taxonomy":"category","embeddable":true,"href":"https:\/\/unifranz.edu.bo\/pt\/wp-json\/wp\/v2\/categories?post=706745"},{"taxonomy":"post_tag","embeddable":true,"href":"https:\/\/unifranz.edu.bo\/pt\/wp-json\/wp\/v2\/tags?post=706745"}],"curies":[{"name":"wp","href":"https:\/\/api.w.org\/{rel}","templated":true}]}}