{"id":706702,"date":"2025-07-18T11:24:43","date_gmt":"2025-07-18T15:24:43","guid":{"rendered":"https:\/\/unifranz.edu.bo\/?p=706702"},"modified":"2025-07-18T11:24:48","modified_gmt":"2025-07-18T15:24:48","slug":"aprender-desaprender-y-reaprender-la-clave-para-seguir-creciendo-en-un-mundo-cambiante","status":"publish","type":"post","link":"https:\/\/unifranz.edu.bo\/pt\/blog\/aprender-desaprender-y-reaprender-la-clave-para-seguir-creciendo-en-un-mundo-cambiante\/","title":{"rendered":"Aprender, desaprender y reaprender: la clave para seguir creciendo en un mundo cambiante"},"content":{"rendered":"<p>En una era marcada por la velocidad del cambio, la tecnolog\u00eda disruptiva y una constante transformaci\u00f3n del conocimiento, la habilidad de seguir aprendiendo se ha convertido en una de las competencias m\u00e1s importantes del siglo XXI. Ya no basta con adquirir un t\u00edtulo o una certificaci\u00f3n; el aprendizaje debe ser permanente, adaptable y din\u00e1mico. Esta mentalidad de crecimiento continuo no solo garantiza la competitividad profesional, sino que tambi\u00e9n es clave para la adaptaci\u00f3n, la innovaci\u00f3n y el desarrollo humano.<\/p>\n\n\n\n<p><\/p>\n\n\n\n<blockquote class=\"wp-block-quote is-layout-flow wp-block-quote-is-layout-flow\">\n<p>\u201cEn lugar de limitarse a la educaci\u00f3n formal, como en la escuela o la universidad, este tipo de aprendizaje ocurre en diversos entornos, incluyendo el lugar de trabajo, cursos en l\u00ednea, lectura independiente, y la experiencia pr\u00e1ctica\u201d, afirma Ariel Villarroel, docente de Unifranz y responsable de la Jefatura de Ense\u00f1anza y Aprendizaje (JEA).<\/p>\n<\/blockquote>\n\n\n\n<p><\/p>\n\n\n\n<p>El concepto de aprendizaje continuo, tambi\u00e9n conocido como lifelong learning, ha ganado relevancia a medida que las industrias evolucionan, las tecnolog\u00edas se reinventan y las habilidades requeridas en el \u00e1mbito laboral cambian aceleradamente. En este contexto, el desaf\u00edo ya no es solo aprender, sino tambi\u00e9n desaprender y reaprender. Estos dos \u00faltimos procesos, aunque menos intuitivos, son esenciales para mantener la vigencia del conocimiento en un entorno donde la informaci\u00f3n tiene fecha de caducidad.<\/p>\n\n\n\n<p><\/p>\n\n\n\n<p>El futurista Alvin Toffler anticip\u00f3 esta realidad en su obra El shock del futuro, donde sostuvo que los analfabetos del siglo XXI no ser\u00edan quienes no sepan leer y escribir, sino quienes no sepan aprender, desaprender y reaprender. Hoy sus palabras cobran un nuevo significado.<\/p>\n\n\n\n<p><\/p>\n\n\n\n<p>Seg\u00fan los especialistas, desaprender no implica olvidar, sino tener la capacidad de cuestionar lo aprendido, reformular ideas y adaptarlas a nuevos contextos. Reaprender, por su parte, es el proceso que permite reconstruir ese conocimiento desde nuevas perspectivas, m\u00e1s alineadas con las demandas actuales.<\/p>\n\n\n\n<p><\/p>\n\n\n\n<blockquote class=\"wp-block-quote is-layout-flow wp-block-quote-is-layout-flow\">\n<p>\u201cEl cerebro humano, gracias a su plasticidad, es capaz de crear nuevas conexiones neuronales y adaptarse a nuevas circunstancias, pero esto exige esfuerzo, intenci\u00f3n y apertura\u201d, se\u00f1ala Villarroel. Adem\u00e1s, destaca cinco beneficios fundamentales del aprendizaje constante: la adaptaci\u00f3n al cambio, el desarrollo profesional, el crecimiento personal, la creatividad y la motivaci\u00f3n.<\/p>\n<\/blockquote>\n\n\n\n<p><\/p>\n\n\n\n<p>Para Jorge Bland\u00f3 Mart\u00ednez, presidente de la Red de Educaci\u00f3n Continua de Latinoam\u00e9rica y Europa (RECLA), las universidades deben asumir un nuevo rol frente al aprendizaje permanente. \u201cTenemos que aprender a lo largo de toda la vida, adaptarnos a los cambios que se presentan y las universidades tienen que colaborar en ese aspecto. Esa es la importancia de ayudar a la sociedad: que nadie se quede atr\u00e1s y que todos tengan oportunidad\u201d, sostiene.<\/p>\n\n\n\n<p><\/p>\n\n\n\n<p>Bland\u00f3 advierte que los conocimientos cambian m\u00e1s r\u00e1pido de lo que los sistemas educativos pueden reaccionar, por lo que urge la implementaci\u00f3n de programas m\u00e1s flexibles, cortos y adaptables, que puedan brindar respuestas inmediatas a las necesidades del mercado laboral. En lugar de esperar a\u00f1os para modificar una malla curricular, propone el dise\u00f1o de microcredenciales y cursos acelerados que respondan a competencias espec\u00edficas.<\/p>\n\n\n\n<p><\/p>\n\n\n\n<p>Adem\u00e1s, hace un llamado a transformar el enfoque institucional del aprendizaje continuo. \u201cEl problema que tenemos ahora es que las universidades lo ven como una extensi\u00f3n, como algo que si te da tiempo lo haces, o hasta lo ven como una forma de generar ingresos. Cuando en realidad deber\u00edan verlo como algo misional\u201d, sentencia.<\/p>\n\n\n\n<p><\/p>\n\n\n\n<p>Seg\u00fan estudios recientes, el 55% de los conocimientos requeridos en las empresas cambiar\u00e1 en los pr\u00f3ximos a\u00f1os. Frente a esto, se necesita una respuesta coordinada entre empresas, universidades y el Estado.<\/p>\n\n\n\n<p><\/p>\n\n\n\n<p><strong>Claves para desarrollar una mentalidad de aprendizaje continuo<\/strong><\/p>\n\n\n\n<p><\/p>\n\n\n\n<p>El aprendizaje permanente no ocurre de forma autom\u00e1tica. Requiere de ciertas pr\u00e1cticas y h\u00e1bitos que fomenten la exploraci\u00f3n, la curiosidad y la adaptaci\u00f3n. Seg\u00fan Villarroel, estos son algunos consejos clave para integrar el aprendizaje continuo en la vida cotidiana:<\/p>\n\n\n\n<div class=\"wp-block-group is-layout-constrained wp-block-group-is-layout-constrained\">\n<ul class=\"wp-block-list\">\n<li>Establecer metas claras de aprendizaje, con objetivos medibles.<\/li>\n\n\n\n<li>Aprovechar recursos digitales como cursos en l\u00ednea, tutoriales y podcasts especializados.<\/li>\n<\/ul>\n\n\n\n<ul class=\"wp-block-list\">\n<li>Leer regularmente e informarse con criterio.<\/li>\n\n\n\n<li>Buscar mentores y redes de apoyo que fomenten el intercambio de experiencias.<\/li>\n\n\n\n<li>Practicar lo aprendido, aplicando los conocimientos en la vida laboral o personal.<\/li>\n\n\n\n<li>Reflexionar sobre el proceso de aprendizaje y adaptarlo a las necesidades cambiantes.<\/li>\n\n\n\n<li>Integrar tiempos de estudio en la rutina diaria.<\/li>\n\n\n\n<li>Llevar un registro o diario de aprendizaje, que ayude a consolidar lo aprendido.<\/li>\n<\/ul>\n<\/div>\n\n\n\n<p><\/p>\n\n\n\n<p>Adem\u00e1s, se recomienda valorar el error como fuente de conocimiento, priorizar el proceso por sobre el resultado y mantenerse abierto a experimentar, incluso si eso implica cuestionar creencias firmemente arraigadas.<\/p>\n\n\n\n<p><\/p>\n\n\n\n<blockquote class=\"wp-block-quote is-layout-flow wp-block-quote-is-layout-flow\">\n<p>\u201cAprender toda la vida es m\u00e1s que una estrategia laboral. Es una filosof\u00eda de crecimiento personal\u201d, concluye Villarroel. Y en un mundo donde las verdades de hoy pueden ser obsoletas ma\u00f1ana, esa capacidad de evolucionar se transforma en el mayor valor del ser humano moderno.<\/p>\n<\/blockquote>","protected":false},"excerpt":{"rendered":"<p>Aprender toda la vida ya no es una opci\u00f3n, es una necesidad. Conoce por qu\u00e9 desaprender y reaprender es vital para seguir vigente.<\/p>","protected":false},"author":49,"featured_media":706703,"comment_status":"open","ping_status":"open","sticky":false,"template":"","format":"standard","meta":{"_acf_changed":false,"footnotes":""},"categories":[60],"tags":[8754,37,53,386,1422,6985,2214,218,1592,242],"class_list":["post-706702","post","type-post","status-publish","format-standard","has-post-thumbnail","hentry","category-blog","tag-aprendizaje-a-lo-largo-de-la-vida","tag-cochabamba","tag-educacion","tag-estudiantes","tag-innovacion-en-educacion","tag-mentores","tag-modelo-educativo-innovador","tag-tecnologia","tag-trabajo","tag-unifranz"],"acf":[],"_links":{"self":[{"href":"https:\/\/unifranz.edu.bo\/pt\/wp-json\/wp\/v2\/posts\/706702","targetHints":{"allow":["GET"]}}],"collection":[{"href":"https:\/\/unifranz.edu.bo\/pt\/wp-json\/wp\/v2\/posts"}],"about":[{"href":"https:\/\/unifranz.edu.bo\/pt\/wp-json\/wp\/v2\/types\/post"}],"author":[{"embeddable":true,"href":"https:\/\/unifranz.edu.bo\/pt\/wp-json\/wp\/v2\/users\/49"}],"replies":[{"embeddable":true,"href":"https:\/\/unifranz.edu.bo\/pt\/wp-json\/wp\/v2\/comments?post=706702"}],"version-history":[{"count":2,"href":"https:\/\/unifranz.edu.bo\/pt\/wp-json\/wp\/v2\/posts\/706702\/revisions"}],"predecessor-version":[{"id":706705,"href":"https:\/\/unifranz.edu.bo\/pt\/wp-json\/wp\/v2\/posts\/706702\/revisions\/706705"}],"wp:featuredmedia":[{"embeddable":true,"href":"https:\/\/unifranz.edu.bo\/pt\/wp-json\/wp\/v2\/media\/706703"}],"wp:attachment":[{"href":"https:\/\/unifranz.edu.bo\/pt\/wp-json\/wp\/v2\/media?parent=706702"}],"wp:term":[{"taxonomy":"category","embeddable":true,"href":"https:\/\/unifranz.edu.bo\/pt\/wp-json\/wp\/v2\/categories?post=706702"},{"taxonomy":"post_tag","embeddable":true,"href":"https:\/\/unifranz.edu.bo\/pt\/wp-json\/wp\/v2\/tags?post=706702"}],"curies":[{"name":"wp","href":"https:\/\/api.w.org\/{rel}","templated":true}]}}