{"id":706586,"date":"2025-07-14T18:53:58","date_gmt":"2025-07-14T22:53:58","guid":{"rendered":"https:\/\/unifranz.edu.bo\/?p=706586"},"modified":"2025-07-15T18:03:33","modified_gmt":"2025-07-15T22:03:33","slug":"inclusion-plena-un-reto-que-exige-la-participacion-de-todos","status":"publish","type":"post","link":"https:\/\/unifranz.edu.bo\/pt\/blog\/inclusion-plena-un-reto-que-exige-la-participacion-de-todos\/","title":{"rendered":"Inclusi\u00f3n plena: un reto que exige la participaci\u00f3n de todos"},"content":{"rendered":"<p>En la actualidad, la inclusi\u00f3n plena de las personas con discapacidad sigue siendo un desaf\u00edo pendiente en muchos \u00e1mbitos de la sociedad. A pesar de los avances en leyes y pol\u00edticas p\u00fablicas, las barreras f\u00edsicas, sociales y culturales persisten, limitando el acceso equitativo a derechos fundamentales como la educaci\u00f3n, la salud, el empleo y la participaci\u00f3n social. Ante esta realidad, la ayuda con enfoques multidisciplinarios se presenta como una herramienta clave para construir sociedades m\u00e1s inclusivas, justas y accesibles.<\/p>\n\n\n\n<blockquote class=\"wp-block-quote is-layout-flow wp-block-quote-is-layout-flow\">\n<p>\u201cLa inclusi\u00f3n no es un privilegio, es un derecho humano b\u00e1sico. Un derecho que empieza por la detecci\u00f3n temprana, contin\u00faa con el acompa\u00f1amiento profesional y se fortalece con una sociedad que derribe barreras f\u00edsicas, sociales y culturales\u201d, sostiene Liudmila Loayza, directora de la carrera de Psicolog\u00eda en la Universidad Franz Tamayo, Unifranz.<\/p>\n<\/blockquote>\n\n\n\n<p>La discapacidad no debe entenderse s\u00f3lo desde una perspectiva. M\u00e1s bien, debe abordarse como un fen\u00f3meno complejo que involucra factores f\u00edsicos, psicol\u00f3gicos, sociales, culturales y econ\u00f3micos. La inclusi\u00f3n integral de las personas con discapacidad implica la participaci\u00f3n activa y coordinada de diversos sectores profesionales. \u201cUna discapacidad no solo toma a un \u00e1rea como la fisioterapia, la psicolog\u00eda, o la fonoaudiolog\u00eda, afecta a muchas \u00e1reas\u201d, sostiene Benedetta Polentes, fisioterapeuta voluntaria proveniente de Italia.&nbsp;<\/p>\n\n\n\n<p>Cada disciplina aporta conocimientos, herramientas y estrategias espec\u00edficas para derribar barreras. Por ejemplo, desde la arquitectura y la ingenier\u00eda, se promueve la accesibilidad f\u00edsica mediante el dise\u00f1o de espacios sin obst\u00e1culos, rampas adecuadas, se\u00f1alizaci\u00f3n inclusiva y sistemas de transporte accesible. La tecnolog\u00eda, por su parte, ofrece soluciones como softwares de asistencia, dispositivos de comunicaci\u00f3n aumentativa y alternativa, aplicaciones m\u00f3viles y sistemas de voz que permiten la autonom\u00eda de las personas con discapacidad.<\/p>\n\n\n\n<blockquote class=\"wp-block-quote is-layout-flow wp-block-quote-is-layout-flow\">\n<p>\u201cLas personas con discapacidad tienen los mismos derechos que nosotros, adem\u00e1s pueden hacer todo lo que la gente sin discapacidad hace como encontrar trabajo, tener una familia , hacer deporte, solamente de una manera diferente. Entonces tenemos que buscar la justa estrategia para incluirlos m\u00e1s en la vida cotidiana que las personas tambi\u00e9n hacemos\u201d, destaca Polentes.<\/p>\n<\/blockquote>\n\n\n\n<p>La Organizaci\u00f3n Panamericana de la Salud (OPS) subraya la necesidad de enfoques multidisciplinarios para abordar desigualdades en salud. La instituci\u00f3n internacional propone la colaboraci\u00f3n entre profesionales m\u00e9dicos, organizaciones de personas con discapacidad y gobiernos para mejorar la accesibilidad.<\/p>\n\n\n\n<p>Otro ejemplo es el Fondo de las Naciones Unidas para la Infancia (Unicef, por sus siglas en ingl\u00e9s) que promueve modelos educativos inclusivos que involucran a docentes, psic\u00f3logos, familias y autoridades educativas para adaptar entornos escolares a estudiantes con discapacidad. Estas personas enfrentan barreras en salud, educaci\u00f3n y empleo, que se reducen mediante pol\u00edticas inclusivas y adaptaciones tecnol\u00f3gicas.<\/p>\n\n\n\n<blockquote class=\"wp-block-quote is-layout-flow wp-block-quote-is-layout-flow\">\n<p>\u201cNo se trata solo de incluir al otro en el entorno com\u00fan, sino de incluirnos nosotros al mundo de esa persona. Comprender sus desaf\u00edos, acompa\u00f1ar sus procesos y respetar sus tiempos. S\u00f3lo as\u00ed podremos realmente hablar de empat\u00eda e inclusi\u00f3n real\u201d, sostiene Loayza, la acad\u00e9mica de Unifranz.<\/p>\n<\/blockquote>\n\n\n\n<p>Para Matilde Fantoni, fonoaudi\u00f3loga y tambi\u00e9n voluntaria italiana, sostiene que el proceso de inclusi\u00f3n comienza desde la infancia y es fundamental garantizar desde los primeros a\u00f1os de vida para que estas personas lleven una vida lo m\u00e1s plena y aut\u00f3noma posible. \u201cDetectar a tiempo (se\u00f1ales de alerta) permite iniciar terapias adecuadas lo antes posible, y eso marca una gran diferencia en la calidad de vida del ni\u00f1o\u201d<\/p>\n\n\n\n<p><\/p>\n\n\n\n<figure class=\"wp-block-embed is-type-video is-provider-youtube wp-block-embed-youtube wp-embed-aspect-16-9 wp-has-aspect-ratio\"><div class=\"wp-block-embed__wrapper\">\n<iframe loading=\"lazy\" title=\"Inclusi\u00f3n plena: un reto que exige la participaci\u00f3n de todos\" width=\"500\" height=\"281\" src=\"https:\/\/www.youtube.com\/embed\/3IOaZfm95TI?feature=oembed\" frameborder=\"0\" allow=\"accelerometer; autoplay; clipboard-write; encrypted-media; gyroscope; picture-in-picture; web-share\" referrerpolicy=\"strict-origin-when-cross-origin\" allowfullscreen><\/iframe>\n<\/div><\/figure>\n\n\n\n<p><\/p>\n\n\n\n<p>Los enfoques multidisciplinarios para la inclusi\u00f3n de personas con discapacidad se centran en la colaboraci\u00f3n de diversos profesionales y sectores para eliminar barreras y promover la participaci\u00f3n plena en la sociedad. Tiene principios fundamentales como:<\/p>\n\n\n\n<p><\/p>\n\n\n\n<p>&#8211; Colaboraci\u00f3n intersectorial: Involucra a profesionales de salud, educaci\u00f3n, trabajo social, tecnolog\u00eda y urbanismo, entre los habituales, para asegurar soluciones integrales.<\/p>\n\n\n\n<p>&#8211; Participaci\u00f3n activa: Promueve la consulta a las personas con discapacidad, y sus organizaciones, en el dise\u00f1o e implementaci\u00f3n de programas de apoyo.<\/p>\n\n\n\n<p>&#8211; Capacitaci\u00f3n continua: Permite la formaci\u00f3n de profesionales y comunidades en temas de accesibilidad, diversidad y eliminaci\u00f3n de prejuicios.<\/p>\n\n\n\n<p>&#8211; Adaptaciones contextuales: consideran factores como el entorno (rural o urbano), g\u00e9nero y tipo de discapacidad.<\/p>\n\n\n\n<p><\/p>\n\n\n\n<p>La inclusi\u00f3n no es responsabilidad de un solo actor. Requiere un trabajo articulado, donde los gobiernos, la academia, la empresa privada, las organizaciones sociales y la ciudadan\u00eda en general asuman un compromiso real. La cooperaci\u00f3n multidisciplinaria permite abordar la discapacidad desde diferentes \u00e1ngulos, con miradas complementarias, construyendo soluciones m\u00e1s efectivas y sostenibles.<\/p>\n\n\n\n<blockquote class=\"wp-block-quote is-layout-flow wp-block-quote-is-layout-flow\">\n<p>\u201cEs clave capacitar a todos los sectores para conocer las caracter\u00edsticas de las personas con discapacidad y evitar actitudes discriminatorias. Hay que construir una sociedad donde todos participemos en igualdad de condiciones\u201d, sostiene Alberto Salamanca, director de la carrera de Derecho de la Unifranz.<\/p>\n<\/blockquote>\n\n\n\n<p>Incluir es reconocer la diversidad humana como un valor, no como una limitaci\u00f3n. Es crear sociedades donde todas las personas, sin importar sus condiciones, puedan desarrollarse plenamente, participar activamente y ejercer sus derechos en igualdad de condiciones. Solo con enfoques multidisciplinarios ser\u00e1 posible avanzar hacia ese objetivo com\u00fan de justicia, equidad y dignidad para todos.<\/p>","protected":false},"excerpt":{"rendered":"<p>La inclusi\u00f3n de personas con discapacidad exige enfoques multidisciplinarios que eliminen barreras y garanticen el ejercicio pleno de sus derechos.<\/p>","protected":false},"author":51,"featured_media":706587,"comment_status":"open","ping_status":"open","sticky":false,"template":"","format":"standard","meta":{"_acf_changed":false,"footnotes":""},"categories":[60],"tags":[39,8238,53,10537,1258,1422,3016,240,124,218],"class_list":["post-706586","post","type-post","status-publish","format-standard","has-post-thumbnail","hentry","category-blog","tag-derecho","tag-derechos","tag-educacion","tag-fonoaudiologia","tag-inclusion","tag-innovacion-en-educacion","tag-personas-con-discapacidad","tag-psicologia","tag-salud","tag-tecnologia"],"acf":[],"_links":{"self":[{"href":"https:\/\/unifranz.edu.bo\/pt\/wp-json\/wp\/v2\/posts\/706586","targetHints":{"allow":["GET"]}}],"collection":[{"href":"https:\/\/unifranz.edu.bo\/pt\/wp-json\/wp\/v2\/posts"}],"about":[{"href":"https:\/\/unifranz.edu.bo\/pt\/wp-json\/wp\/v2\/types\/post"}],"author":[{"embeddable":true,"href":"https:\/\/unifranz.edu.bo\/pt\/wp-json\/wp\/v2\/users\/51"}],"replies":[{"embeddable":true,"href":"https:\/\/unifranz.edu.bo\/pt\/wp-json\/wp\/v2\/comments?post=706586"}],"version-history":[{"count":2,"href":"https:\/\/unifranz.edu.bo\/pt\/wp-json\/wp\/v2\/posts\/706586\/revisions"}],"predecessor-version":[{"id":706602,"href":"https:\/\/unifranz.edu.bo\/pt\/wp-json\/wp\/v2\/posts\/706586\/revisions\/706602"}],"wp:featuredmedia":[{"embeddable":true,"href":"https:\/\/unifranz.edu.bo\/pt\/wp-json\/wp\/v2\/media\/706587"}],"wp:attachment":[{"href":"https:\/\/unifranz.edu.bo\/pt\/wp-json\/wp\/v2\/media?parent=706586"}],"wp:term":[{"taxonomy":"category","embeddable":true,"href":"https:\/\/unifranz.edu.bo\/pt\/wp-json\/wp\/v2\/categories?post=706586"},{"taxonomy":"post_tag","embeddable":true,"href":"https:\/\/unifranz.edu.bo\/pt\/wp-json\/wp\/v2\/tags?post=706586"}],"curies":[{"name":"wp","href":"https:\/\/api.w.org\/{rel}","templated":true}]}}