{"id":706558,"date":"2025-07-11T17:38:42","date_gmt":"2025-07-11T21:38:42","guid":{"rendered":"https:\/\/unifranz.edu.bo\/?p=706558"},"modified":"2025-07-15T12:29:22","modified_gmt":"2025-07-15T16:29:22","slug":"catalogo-arte-y-cultura-una-esperanza-de-vida-un-puente-entre-salud-identidad-y-diseno","status":"publish","type":"post","link":"https:\/\/unifranz.edu.bo\/pt\/blog\/catalogo-arte-y-cultura-una-esperanza-de-vida-un-puente-entre-salud-identidad-y-diseno\/","title":{"rendered":"Cat\u00e1logo \u201cArte y Cultura, una esperanza de vida\u201d: un puente entre salud, identidad y dise\u00f1o"},"content":{"rendered":"<p>San Jos\u00e9 de Chiquitos se convierte en referente de un modelo innovador de bienestar comunitario con el lanzamiento del cat\u00e1logo <em>Arte y Cultura, una esperanza de vida<\/em>, una publicaci\u00f3n que va m\u00e1s all\u00e1 del registro patrimonial. Este proyecto, resultado de una investigaci\u00f3n internacional, visibiliza c\u00f3mo las expresiones culturales y art\u00edsticas pueden incidir positivamente en la salud emocional, el tejido social y la identidad local.<\/p>\n\n\n\n<p>La iniciativa fue impulsada por el NIHR Global Health Research Center \u2013 Community Management of Long-Term Conditions in Latin America, con participaci\u00f3n de instituciones acad\u00e9micas de Colombia, Guatemala, Reino Unido y Bolivia. En el pa\u00eds, el proyecto fue liderado por la Universidad Franz Tamayo, Unifranz, a trav\u00e9s de su carrera de Dise\u00f1o Gr\u00e1fico y Producci\u00f3n Crossmedia, con el acompa\u00f1amiento del equipo m\u00e9dico del NIHR.<\/p>\n\n\n\n<blockquote class=\"wp-block-quote is-layout-flow wp-block-quote-is-layout-flow\">\n<p>\u201cEste cat\u00e1logo es un espejo que devuelve a los josesanos su riqueza simb\u00f3lica y su capacidad de sanar desde el arte, la memoria y la fe\u201d, destaca Lita Dom\u00ednguez, directora de la carrera de Dise\u00f1o Gr\u00e1fico y Producci\u00f3n Crossmedia en Unifranz y coautora de la publicaci\u00f3n. Desde su visi\u00f3n como dise\u00f1adora y acad\u00e9mica, considera que el dise\u00f1o debe tener prop\u00f3sito, v\u00ednculo y sensibilidad social.<\/p>\n\n\n\n<figure class=\"wp-block-image size-large\"><img loading=\"lazy\" decoding=\"async\" width=\"1024\" height=\"527\" src=\"https:\/\/unifranz.edu.bo\/wp-content\/uploads\/2025\/07\/Picsart_25-07-11_17-31-27-743-1024x527.jpg\" alt=\"\" class=\"wp-image-706560\" srcset=\"https:\/\/unifranz.edu.bo\/wp-content\/uploads\/2025\/07\/Picsart_25-07-11_17-31-27-743-1024x527.jpg 1024w, https:\/\/unifranz.edu.bo\/wp-content\/uploads\/2025\/07\/Picsart_25-07-11_17-31-27-743-300x154.jpg 300w, https:\/\/unifranz.edu.bo\/wp-content\/uploads\/2025\/07\/Picsart_25-07-11_17-31-27-743-768x395.jpg 768w, https:\/\/unifranz.edu.bo\/wp-content\/uploads\/2025\/07\/Picsart_25-07-11_17-31-27-743-1536x790.jpg 1536w, https:\/\/unifranz.edu.bo\/wp-content\/uploads\/2025\/07\/Picsart_25-07-11_17-31-27-743-2048x1054.jpg 2048w, https:\/\/unifranz.edu.bo\/wp-content\/uploads\/2025\/07\/Picsart_25-07-11_17-31-27-743-18x9.jpg 18w\" sizes=\"auto, (max-width: 1024px) 100vw, 1024px\" \/><figcaption class=\"wp-element-caption\">Los dise\u00f1adores Mauricio Baspineiro y Lita Dom\u00ednguez<\/figcaption><\/figure>\n<\/blockquote>\n\n\n\n<p>El cat\u00e1logo tambi\u00e9n fue dise\u00f1ado por Mauricio Baspineiro, quien combin\u00f3 el rigor metodol\u00f3gico de una investigaci\u00f3n cient\u00edfica con la creatividad del dise\u00f1o participativo. Se nutre de testimonios, s\u00edmbolos identitarios y expresiones culturales de la comunidad para construir una narrativa visual accesible y emocionalmente conectiva. La propuesta trasciende el formato impreso mediante recursos crossmedia como piezas audiovisuales, c\u00f3digos QR y contenidos para redes sociales.<\/p>\n\n\n\n<blockquote class=\"wp-block-quote is-layout-flow wp-block-quote-is-layout-flow\">\n<p>Desde la perspectiva m\u00e9dica, Estela Tango, coordinadora regional del NIHR, resalta el impacto del arte en la salud comunitaria: \u201cIncorporar espacios culturales en estrategias de salud permite conectar con emociones e identidades locales, favoreciendo la cohesi\u00f3n social y el bienestar colectivo, especialmente en comunidades hist\u00f3ricamente excluidas\u201d.<\/p>\n<\/blockquote>\n\n\n\n<p>El proceso investigativo evidenci\u00f3 la riqueza intangible de San Jos\u00e9 de Chiquitos, incluyendo saberes ancestrales, pr\u00e1cticas cotidianas y una fuerte transmisi\u00f3n intergeneracional del conocimiento. Estos elementos se integraron en el cat\u00e1logo como herramientas de preservaci\u00f3n cultural y fortalecimiento del sentido de pertenencia.<\/p>\n\n\n\n<p>Adem\u00e1s de su valor art\u00edstico y acad\u00e9mico, esta experiencia plantea nuevas rutas para la formulaci\u00f3n de pol\u00edticas p\u00fablicas interculturales e integrales en salud. \u201cEl objetivo es que estas experiencias se traduzcan en modelos de atenci\u00f3n sostenibles, donde la cultura y el territorio sean parte del derecho a la salud\u201d, enfatiza Tango.<\/p>\n\n\n\n<p>El cat\u00e1logo Arte y Cultura, una esperanza de vida demuestra que la academia boliviana tiene la capacidad de liderar proyectos internacionales de alto impacto, integrando el dise\u00f1o, la investigaci\u00f3n y el compromiso social para transformar realidades desde el territorio.<\/p>\n\n\n\n<p>La presentaci\u00f3n del cat\u00e1logo ser\u00e1 en Santa Cruz el 25 de julio en instalaciones del auditorio principal de Unifranz Santa Cruz. El acto contar\u00e1 con la presencia de autoridades, personalidades cruce\u00f1as. comunidad estudiantil y docentes.<\/p>","protected":false},"excerpt":{"rendered":"<p>San Jos\u00e9 de Chiquitos se convierte en referente de un modelo innovador de bienestar comunitario con el lanzamiento del cat\u00e1logo Arte y Cultura, una esperanza de vida, una publicaci\u00f3n que va m\u00e1s all\u00e1 del registro patrimonial. Este proyecto, resultado de una investigaci\u00f3n internacional, visibiliza c\u00f3mo las expresiones culturales y art\u00edsticas pueden incidir positivamente en la &hellip; <a href=\"https:\/\/unifranz.edu.bo\/pt\/blog\/catalogo-arte-y-cultura-una-esperanza-de-vida-un-puente-entre-salud-identidad-y-diseno\/\">Continued<\/a><\/p>","protected":false},"author":33,"featured_media":706559,"comment_status":"open","ping_status":"open","sticky":false,"template":"","format":"standard","meta":{"_acf_changed":false,"footnotes":""},"categories":[2576,60],"tags":[43,242,3624],"class_list":["post-706558","post","type-post","status-publish","format-standard","has-post-thumbnail","hentry","category-unifranz-santa-cruz","category-blog","tag-santa-cruz","tag-unifranz","tag-unifranz-santa-cruz"],"acf":[],"_links":{"self":[{"href":"https:\/\/unifranz.edu.bo\/pt\/wp-json\/wp\/v2\/posts\/706558","targetHints":{"allow":["GET"]}}],"collection":[{"href":"https:\/\/unifranz.edu.bo\/pt\/wp-json\/wp\/v2\/posts"}],"about":[{"href":"https:\/\/unifranz.edu.bo\/pt\/wp-json\/wp\/v2\/types\/post"}],"author":[{"embeddable":true,"href":"https:\/\/unifranz.edu.bo\/pt\/wp-json\/wp\/v2\/users\/33"}],"replies":[{"embeddable":true,"href":"https:\/\/unifranz.edu.bo\/pt\/wp-json\/wp\/v2\/comments?post=706558"}],"version-history":[{"count":3,"href":"https:\/\/unifranz.edu.bo\/pt\/wp-json\/wp\/v2\/posts\/706558\/revisions"}],"predecessor-version":[{"id":706609,"href":"https:\/\/unifranz.edu.bo\/pt\/wp-json\/wp\/v2\/posts\/706558\/revisions\/706609"}],"wp:featuredmedia":[{"embeddable":true,"href":"https:\/\/unifranz.edu.bo\/pt\/wp-json\/wp\/v2\/media\/706559"}],"wp:attachment":[{"href":"https:\/\/unifranz.edu.bo\/pt\/wp-json\/wp\/v2\/media?parent=706558"}],"wp:term":[{"taxonomy":"category","embeddable":true,"href":"https:\/\/unifranz.edu.bo\/pt\/wp-json\/wp\/v2\/categories?post=706558"},{"taxonomy":"post_tag","embeddable":true,"href":"https:\/\/unifranz.edu.bo\/pt\/wp-json\/wp\/v2\/tags?post=706558"}],"curies":[{"name":"wp","href":"https:\/\/api.w.org\/{rel}","templated":true}]}}