{"id":706479,"date":"2025-07-10T12:33:50","date_gmt":"2025-07-10T16:33:50","guid":{"rendered":"https:\/\/unifranz.edu.bo\/?p=706479"},"modified":"2026-01-08T09:45:02","modified_gmt":"2026-01-08T13:45:02","slug":"unifranz-impulsa-la-transformacion-educativa-con-el-vi-foro-internacional-de-innovacion-educativa","status":"publish","type":"post","link":"https:\/\/unifranz.edu.bo\/pt\/blog\/unifranz-impulsa-la-transformacion-educativa-con-el-vi-foro-internacional-de-innovacion-educativa\/","title":{"rendered":"Unifranz impulsa la transformaci\u00f3n educativa con el VI Foro Internacional de Innovaci\u00f3n Educativa"},"content":{"rendered":"<p>Con una apuesta decidida por una educaci\u00f3n sostenible, la Universidad Franz Tamayo, Unifranz, reuni\u00f3 a representantes de instituciones p\u00fablicas, privadas y organismos internacionales en la sexta edici\u00f3n del Foro Internacional de Innovaci\u00f3n Educativa (FIIE), el evento acad\u00e9mico m\u00e1s influyente del pa\u00eds. Bajo el lema \u201cEducaci\u00f3n para la sostenibilidad\u201d, el foro se consolid\u00f3 como un espacio de di\u00e1logo y acci\u00f3n colaborativa para repensar el sistema educativo desde Bolivia hacia el mundo.<\/p>\n\n\n\n<p>Durante el evento, realizado en Santa Cruz, se reflexion\u00f3 sobre la transformaci\u00f3n urgente de la educaci\u00f3n como motor del desarrollo inclusivo, equitativo y productivo. Se abordaron temas clave como las pol\u00edticas p\u00fablicas en la econom\u00eda del conocimiento, los desaf\u00edos de la educaci\u00f3n superior y la necesidad de integrar modelos de evaluaci\u00f3n y acreditaci\u00f3n innovadores, basados en la calidad y la pertinencia local.<\/p>\n\n\n\n<blockquote class=\"wp-block-quote is-layout-flow wp-block-quote-is-layout-flow\">\n<p>Marioly Rodr\u00edguez, directora departamental de Juventud de la Gobernaci\u00f3n de Santa Cruz, subray\u00f3 el compromiso regional con la educaci\u00f3n extensa. \u201cEste foro ha sido una oportunidad magn\u00edfica para abrir nuestro coraz\u00f3n y repensar la educaci\u00f3n. Santa Cruz ha sido declarado territorio STEM+, lo que implica un compromiso real con la educaci\u00f3n inclusiva y transformadora para ni\u00f1os, adolescentes y j\u00f3venes\u201d.<\/p>\n\n\n\n<figure class=\"wp-block-image size-large\"><img loading=\"lazy\" decoding=\"async\" width=\"1024\" height=\"677\" src=\"https:\/\/unifranz.edu.bo\/wp-content\/uploads\/2025\/07\/FB_IMG_1752163446994-1024x677.jpg\" alt=\"\" class=\"wp-image-706481\" srcset=\"https:\/\/unifranz.edu.bo\/wp-content\/uploads\/2025\/07\/FB_IMG_1752163446994-1024x677.jpg 1024w, https:\/\/unifranz.edu.bo\/wp-content\/uploads\/2025\/07\/FB_IMG_1752163446994-300x198.jpg 300w, https:\/\/unifranz.edu.bo\/wp-content\/uploads\/2025\/07\/FB_IMG_1752163446994-768x507.jpg 768w, https:\/\/unifranz.edu.bo\/wp-content\/uploads\/2025\/07\/FB_IMG_1752163446994-1536x1015.jpg 1536w, https:\/\/unifranz.edu.bo\/wp-content\/uploads\/2025\/07\/FB_IMG_1752163446994-18x12.jpg 18w, https:\/\/unifranz.edu.bo\/wp-content\/uploads\/2025\/07\/FB_IMG_1752163446994.jpg 2048w\" sizes=\"auto, (max-width: 1024px) 100vw, 1024px\" \/><\/figure>\n<\/blockquote>\n\n\n\n<blockquote class=\"wp-block-quote is-layout-flow wp-block-quote-is-layout-flow\">\n<p>Por su parte, Mar\u00eda Laura Mendoza, gerente de Marca y Comunicaci\u00f3n de Tigo, valor\u00f3 el evento como un espacio enriquecedor para compartir experiencias entre sectores. \u201cRealmente estoy gratamente sorprendida. Estos espacios permiten entender que todos tenemos ganas de mejorar la educaci\u00f3n en Bolivia. Compartimos nuestros programas educativos y aprovechamos para invitar a m\u00e1s empresas a ver la educaci\u00f3n como una inversi\u00f3n, no como un gasto\u201d, manifest\u00f3.<\/p>\n<\/blockquote>\n\n\n\n<p>El foro tambi\u00e9n permiti\u00f3 visibilizar buenas pr\u00e1cticas de calidad educativa en Am\u00e9rica Latina. Expertas como Ximena C\u00f3rdova, del Consejo de Aseguramiento de la Calidad de la Educaci\u00f3n Superior de Ecuador (CACES), y Lady Mel\u00e9ndez, de Costa Rica, compartieron experiencias de evaluaci\u00f3n que buscan elevar los est\u00e1ndares educativos sin perder de vista el contexto local.<\/p>\n\n\n\n<figure class=\"wp-block-embed is-type-video is-provider-youtube wp-block-embed-youtube wp-embed-aspect-16-9 wp-has-aspect-ratio\"><div class=\"wp-block-embed__wrapper\">\n<iframe loading=\"lazy\" title=\"FIIE Unifranz impulsa una nueva visi\u00f3n educativa para Bolivia: equidad, calidad y sostenibilidad\" width=\"500\" height=\"281\" src=\"https:\/\/www.youtube.com\/embed\/aKNa8SoO8gk?feature=oembed\" frameborder=\"0\" allow=\"accelerometer; autoplay; clipboard-write; encrypted-media; gyroscope; picture-in-picture; web-share\" referrerpolicy=\"strict-origin-when-cross-origin\" allowfullscreen><\/iframe>\n<\/div><\/figure>\n\n\n\n<p>Uno de los momentos m\u00e1s significativos fue el homenaje al acad\u00e9mico Francesc Pedr\u00f3, referente regional en transformaci\u00f3n educativa. En su intervenci\u00f3n, reconoci\u00f3 el compromiso de las universidades bolivianas con la sostenibilidad y advirti\u00f3 sobre un desaf\u00edo pendiente: \u201cBolivia es hoy el \u00fanico pa\u00eds del Cono Sur sin una agencia de aseguramiento de calidad, lo que afecta la confianza sobre los egresados y dificulta la integraci\u00f3n internacional\u201d.<\/p>\n\n\n\n<figure class=\"wp-block-image size-large\"><img loading=\"lazy\" decoding=\"async\" width=\"1024\" height=\"759\" src=\"https:\/\/unifranz.edu.bo\/wp-content\/uploads\/2025\/07\/FB_IMG_1752163405768-1024x759.jpg\" alt=\"\" class=\"wp-image-706482\" srcset=\"https:\/\/unifranz.edu.bo\/wp-content\/uploads\/2025\/07\/FB_IMG_1752163405768-1024x759.jpg 1024w, https:\/\/unifranz.edu.bo\/wp-content\/uploads\/2025\/07\/FB_IMG_1752163405768-300x222.jpg 300w, https:\/\/unifranz.edu.bo\/wp-content\/uploads\/2025\/07\/FB_IMG_1752163405768-768x569.jpg 768w, https:\/\/unifranz.edu.bo\/wp-content\/uploads\/2025\/07\/FB_IMG_1752163405768-1536x1138.jpg 1536w, https:\/\/unifranz.edu.bo\/wp-content\/uploads\/2025\/07\/FB_IMG_1752163405768-16x12.jpg 16w, https:\/\/unifranz.edu.bo\/wp-content\/uploads\/2025\/07\/FB_IMG_1752163405768.jpg 2048w\" sizes=\"auto, (max-width: 1024px) 100vw, 1024px\" \/><\/figure>\n\n\n\n<p>El FIIE 2025 reafirm\u00f3 que avanzar hacia una educaci\u00f3n sostenible requiere no solo de innovaci\u00f3n, sino tambi\u00e9n de voluntad pol\u00edtica, articulaci\u00f3n multisectorial y compromiso \u00e9tico. La participaci\u00f3n de organismos como UNESCO-IESALC y CEPAL reforz\u00f3 la visi\u00f3n de que Bolivia puede ser un referente regional en la construcci\u00f3n de una educaci\u00f3n con prop\u00f3sito.<\/p>\n\n\n\n<p>Con esta sexta edici\u00f3n, Unifranz contin\u00faa posicionando al FIIE como un catalizador de ideas transformadoras que trascienden fronteras, impulsando alianzas estrat\u00e9gicas para un futuro educativo m\u00e1s justo, equitativo y sostenible para las pr\u00f3ximas generaciones.<\/p>","protected":false},"excerpt":{"rendered":"<p>Con una apuesta decidida por una educaci\u00f3n sostenible, la Universidad Franz Tamayo, Unifranz, reuni\u00f3 a representantes de instituciones p\u00fablicas, privadas y organismos internacionales en la sexta edici\u00f3n del Foro Internacional de Innovaci\u00f3n Educativa (FIIE), el evento acad\u00e9mico m\u00e1s influyente del pa\u00eds. Bajo el lema \u201cEducaci\u00f3n para la sostenibilidad\u201d, el foro se consolid\u00f3 como un espacio &hellip; <a href=\"https:\/\/unifranz.edu.bo\/pt\/blog\/unifranz-impulsa-la-transformacion-educativa-con-el-vi-foro-internacional-de-innovacion-educativa\/\">Continued<\/a><\/p>","protected":false},"author":33,"featured_media":706480,"comment_status":"open","ping_status":"open","sticky":false,"template":"","format":"standard","meta":{"_acf_changed":false,"footnotes":""},"categories":[2576,60,10303,1782],"tags":[11059,11117,11172,11173,1422,43,11171,242,3624],"class_list":["post-706479","post","type-post","status-publish","format-standard","has-post-thumbnail","hentry","category-unifranz-santa-cruz","category-blog","category-foro-internacional-de-economia-creativa","category-unifranz","tag-fiie","tag-foro-internacional-de-innovacion-educativa-2","tag-gam","tag-gobernacion-de-santa-cruz-2","tag-innovacion-en-educacion","tag-santa-cruz","tag-tigo-bolivia","tag-unifranz","tag-unifranz-santa-cruz"],"acf":[],"_links":{"self":[{"href":"https:\/\/unifranz.edu.bo\/pt\/wp-json\/wp\/v2\/posts\/706479","targetHints":{"allow":["GET"]}}],"collection":[{"href":"https:\/\/unifranz.edu.bo\/pt\/wp-json\/wp\/v2\/posts"}],"about":[{"href":"https:\/\/unifranz.edu.bo\/pt\/wp-json\/wp\/v2\/types\/post"}],"author":[{"embeddable":true,"href":"https:\/\/unifranz.edu.bo\/pt\/wp-json\/wp\/v2\/users\/33"}],"replies":[{"embeddable":true,"href":"https:\/\/unifranz.edu.bo\/pt\/wp-json\/wp\/v2\/comments?post=706479"}],"version-history":[{"count":2,"href":"https:\/\/unifranz.edu.bo\/pt\/wp-json\/wp\/v2\/posts\/706479\/revisions"}],"predecessor-version":[{"id":711008,"href":"https:\/\/unifranz.edu.bo\/pt\/wp-json\/wp\/v2\/posts\/706479\/revisions\/711008"}],"wp:featuredmedia":[{"embeddable":true,"href":"https:\/\/unifranz.edu.bo\/pt\/wp-json\/wp\/v2\/media\/706480"}],"wp:attachment":[{"href":"https:\/\/unifranz.edu.bo\/pt\/wp-json\/wp\/v2\/media?parent=706479"}],"wp:term":[{"taxonomy":"category","embeddable":true,"href":"https:\/\/unifranz.edu.bo\/pt\/wp-json\/wp\/v2\/categories?post=706479"},{"taxonomy":"post_tag","embeddable":true,"href":"https:\/\/unifranz.edu.bo\/pt\/wp-json\/wp\/v2\/tags?post=706479"}],"curies":[{"name":"wp","href":"https:\/\/api.w.org\/{rel}","templated":true}]}}