{"id":706402,"date":"2025-07-07T18:20:46","date_gmt":"2025-07-07T22:20:46","guid":{"rendered":"https:\/\/unifranz.edu.bo\/?p=706402"},"modified":"2025-07-07T18:20:51","modified_gmt":"2025-07-07T22:20:51","slug":"candidatos-presidenciales-debaten-en-el-alto-sobre-economia-salud-educacion-y-justicia","status":"publish","type":"post","link":"https:\/\/unifranz.edu.bo\/pt\/blog\/candidatos-presidenciales-debaten-en-el-alto-sobre-economia-salud-educacion-y-justicia\/","title":{"rendered":"Candidatos presidenciales debaten en El Alto sobre econom\u00eda, salud, educaci\u00f3n y justicia"},"content":{"rendered":"<p>Propuestas sobre econom\u00eda, salud, educaci\u00f3n, justicia, medio ambiente y relaciones exteriores fueron parte del evento que reuni\u00f3 a cuatro candidatos a la presidencia en el Foro Econ\u00f3mico Empresarial 2025, desarrollado en el auditorio de la Universidad Franz Tamayo, Unifranz sede El Alto, en colaboraci\u00f3n con CAINCO El Alto. El encuentro se consolid\u00f3 como un espacio t\u00e9cnico y plural que permiti\u00f3 a los aspirantes presentar sus ideas ante un panel de expertos y una audiencia compuesta por estudiantes, empresarios, representantes de colegios profesionales y medios de comunicaci\u00f3n.<\/p>\n\n\n\n<p><\/p>\n\n\n\n<p>Participaron del foro Samuel Doria Medina (Alianza Unidad), Eduardo del Castillo (Movimiento al Socialismo MAS), Pavel Aracena (Acci\u00f3n Democr\u00e1tica Nacionalista ADN), Jaime Dunn (Nueva Generaci\u00f3n Patri\u00f3tica NGP), entre otros. A lo largo de m\u00e1s de dos horas, cada postulante respondi\u00f3 a preguntas previamente sorteadas, enfocadas en los grandes desaf\u00edos estructurales del pa\u00eds.<\/p>\n\n\n\n<p><\/p>\n\n\n\n<p>El panel estuvo compuesto por Diego Ayo (economista), Valkiria Lira (abogada), Franklin Pareja (analista pol\u00edtico), Diego Ayo (polit\u00f3logo), Alberto Bonadona (analista econ\u00f3mico), Jimena Costa (analista pol\u00edtica) y Armando Gutierrez (contador).<\/p>\n\n\n\n<p><\/p>\n\n\n\n<p>\u201cEste foro se desarrolla en la ciudad de El Alto, joven, emprendedora y resiliente, que presenta con fuerza el dinamismo productivo de Bolivia\u201d, destac\u00f3 Eve G\u00f3mez, vicerrectora de Unifranz El Alto, al dar la bienvenida. Remarc\u00f3 el compromiso de la universidad con la formaci\u00f3n de l\u00edderes con visi\u00f3n global y valores democr\u00e1ticos.&nbsp;<\/p>\n\n\n\n<p><\/p>\n\n\n\n<p>Por su parte, Mar\u00eda Cristina Soto, presidenta de la CAINCO El Alto subray\u00f3 la necesidad de construir espacios plurales para contrastar propuestas en un contexto electoral marcado por la incertidumbre y el desencanto ciudadano.<\/p>\n\n\n\n<p><\/p>\n\n\n\n<p>Con una metodolog\u00eda rigurosa \u2014tiempos cronometrados y participaci\u00f3n equitativa\u2014, cada candidato tuvo la oportunidad de responder preguntas espec\u00edficas en temas econ\u00f3micos, sociales y pol\u00edticos. A continuaci\u00f3n, se resumen algunas de las principales posturas de los postulantes presentes:<\/p>\n\n\n\n<p><\/p>\n\n\n\n<p><strong>Educaci\u00f3n y salud<\/strong><\/p>\n\n\n\n<p>Los candidatos coincidieron en que el pa\u00eds requiere reformas urgentes. Del Castillo propuso una consulta nacional para unificar competencias en salud y evitar los actuales conflictos de responsabilidad entre municipios, gobernaciones y el Estado central.<\/p>\n\n\n\n<p>Aracena propuso aplicar telemedicina en zonas rurales, integrando la medicina tradicional al sistema nacional. En educaci\u00f3n, llam\u00f3 a reformar contenidos y actualizar las mallas curriculares en base a ciencia y tecnolog\u00eda.<\/p>\n\n\n\n<p>Doria Medina plante\u00f3 la creaci\u00f3n de institutos t\u00e9cnicos descentralizados y aumentar la inversi\u00f3n en formaci\u00f3n para el empleo. En tanto, Dunn critic\u00f3 que el sistema educativo est\u00e9 \u201cideologizado\u201d y propuso privatizar algunos servicios como parte de una descentralizaci\u00f3n funcional.<\/p>\n\n\n\n<p><\/p>\n\n\n\n<p><strong>Modelo econ\u00f3mico y producci\u00f3n<\/strong><\/p>\n\n\n\n<p>Uno de los puntos m\u00e1s debatidos fue el modelo econ\u00f3mico boliviano y las alternativas que cada candidato propuso para afrontar la escasez de d\u00f3lares, el d\u00e9ficit fiscal y el bajo crecimiento. Doria Medina plante\u00f3 un enfoque basado en estabilizaci\u00f3n macroecon\u00f3mica y atracci\u00f3n de divisas a trav\u00e9s del agro y el turismo:<\/p>\n\n\n\n<p><\/p>\n\n\n\n<p>\u201cEn los primeros 100 d\u00edas resolveremos la crisis de los carburantes y de d\u00f3lares, y reduciremos el d\u00e9ficit con recortes de gasto in\u00fatil\u201d, afirm\u00f3.<\/p>\n\n\n\n<p><\/p>\n\n\n\n<p>A su turno, Del Castillo propuso un modelo que denomin\u00f3 agrominero &#8211; hidrocarbur\u00edfero exportador, con una meta ambiciosa de captar 12 mil millones de d\u00f3lares al a\u00f1o mediante reformas estructurales:<\/p>\n\n\n\n<p><\/p>\n\n\n\n<p>\u201cTenemos que cambiar las leyes de inversiones, tierras, hidrocarburos y tributaci\u00f3n si queremos resultados distintos\u201d.<\/p>\n\n\n\n<p><\/p>\n\n\n\n<p>Aracena, con un enfoque m\u00e1s empresarial, sugiri\u00f3 crear un Ministerio de Comercio Exterior y revisar la pol\u00edtica tributaria para aliviar la carga sobre peque\u00f1as y medianas empresas. Por su parte, Dunn insisti\u00f3 en reducir el tama\u00f1o del Estado: \u201cHay que eliminar monopolios, achicar el aparato p\u00fablico y abrirnos al mundo sin ideolog\u00edas\u201d.<\/p>\n\n\n\n<p><\/p>\n\n\n\n<p><strong>Justicia, transparencia y estado de derecho<\/strong><\/p>\n\n\n\n<p><\/p>\n\n\n\n<p>La crisis judicial y la corrupci\u00f3n fueron parte central del foro. Doria Medina fue enf\u00e1tico: \u201cLos que incumplan la ley deben ir directo a Chonchocoro. Vamos a aplicar tolerancia cero\u201d.<\/p>\n\n\n\n<p><\/p>\n\n\n\n<p>Del Castillo defendi\u00f3 su gesti\u00f3n en el Ministerio de Gobierno y se\u00f1al\u00f3 avances en la lucha contra el narcotr\u00e1fico y los avasallamientos de tierras. \u201cM\u00e1s de 14.000 personas detenidas y cientos de laboratorios destruidos. No es discurso, son hechos\u201d, dijo.<\/p>\n\n\n\n<p><\/p>\n\n\n\n<p>Dunn, desde una perspectiva liberal, sostuvo que el problema es estructural y est\u00e1 relacionado con el tama\u00f1o del Estado. \u201cM\u00e1s Estado significa m\u00e1s corrupci\u00f3n. El sector privado puede gestionar mejor servicios como derechos reales\u201d.<\/p>\n\n\n\n<p><\/p>\n\n\n\n<p>Jimena Costa, desde el panel, apunt\u00f3 a la necesidad de una reforma judicial integral y cuestion\u00f3 el uso pol\u00edtico de la justicia. Franklin Pareja complement\u00f3 que \u201cno basta con voluntad pol\u00edtica, se requiere redise\u00f1ar el sistema institucional desde sus cimientos\u201d.<\/p>\n\n\n\n<p><\/p>\n\n\n\n<p><strong>Relaciones internacionales y pol\u00edtica exterior<\/strong><\/p>\n\n\n\n<p><\/p>\n\n\n\n<p>En un contexto global, los candidatos plantearon distintas estrategias. Doria Medina y Dunn coincidieron en la necesidad de relaciones exteriores sin ideolog\u00eda. \u201cBolivia debe relacionarse en funci\u00f3n de sus intereses, no de su militancia pol\u00edtica\u201d, expres\u00f3 Doria Medina.<\/p>\n\n\n\n<p><\/p>\n\n\n\n<p>Aracena, con tono firme, indic\u00f3 que en sugobierno negociar\u00e1 \u201ccon todos los pa\u00edses, menos con aquellos que financien terrorismo. La soberan\u00eda tambi\u00e9n se defiende desde la pol\u00edtica exterior\u201d.<\/p>\n\n\n\n<p><\/p>\n\n\n\n<p>Del Castillo, aunque no descart\u00f3 nuevos acercamientos, defendi\u00f3 la pol\u00edtica de integraci\u00f3n regional y cooperaci\u00f3n con aliados estrat\u00e9gicos.<\/p>\n\n\n\n<p><\/p>\n\n\n\n<p>Desde el panel, Alberto Bonadona subray\u00f3 la urgencia de reposicionar a Bolivia como actor confiable en la regi\u00f3n. Diego Ayo reforz\u00f3 la importancia de una pol\u00edtica exterior coherente con el desarrollo interno.<\/p>\n\n\n\n<p><\/p>\n\n\n\n<p><strong>Visi\u00f3n pa\u00eds y participaci\u00f3n ciudadana<\/strong><\/p>\n\n\n\n<p>El evento cerr\u00f3 con reflexiones sobre el futuro de Bolivia. Los candidatos coincidieron en la necesidad de recuperar la confianza ciudadana, fomentar el empleo digno y reactivar la econom\u00eda con base en reglas claras y estabilidad.<\/p>\n\n\n\n<p><\/p>\n\n\n\n<p>Armando Guti\u00e9rrez, del panel de expertos, destac\u00f3 el valor del debate t\u00e9cnico. \u201cEsto es lo que necesita el pa\u00eds: propuestas, no discursos vac\u00edos\u201d.<\/p>\n\n\n\n<p>En tanto, la vicerrectora de Unifranz El Alto expres\u00f3 que el foro fue una oportunidad para que la ciudadan\u00eda escuche, compare y decida. \u201cEn El Alto se gestan ideas, empresas y sue\u00f1os. Nuestra universidad seguir\u00e1 apostando por el pensamiento cr\u00edtico y la participaci\u00f3n democr\u00e1tica\u201d.<\/p>\n\n\n\n<p><\/p>\n\n\n\n<p>El foro fue transmitido en vivo por distintas plataformas digitales de Unifranz y la CAINCO, y cont\u00f3 con la asistencia de m\u00e1s de un centenar de invitados, entre ellos autoridades diplom\u00e1ticas, representantes empresariales, colegios profesionales y estudiantes universitarios.<\/p>\n\n\n\n<p><\/p>\n\n\n\n<p>\u201cEste no es un espacio de slogans, sino una oportunidad para escuchar ideas, confrontar visiones y fortalecer la participaci\u00f3n ciudadana\u201d, reiter\u00f3 la vicerrectora de Unifranz al cierre del evento.<\/p>\n\n\n\n<p><\/p>\n\n\n\n<p>La realizaci\u00f3n del foro marc\u00f3 un precedente. La ciudad de El Alto, con su energ\u00eda joven, su diversidad y su protagonismo creciente, ofreci\u00f3 un escenario ideal para el rescate del debate de ideas como motor de una democracia m\u00e1s participativa, cr\u00edtica y propositiva.<\/p>","protected":false},"excerpt":{"rendered":"<p>Unifranz y CAINCO lideran foro en El Alto donde candidatos a la presidencia presentan propuestas en econom\u00eda, salud, educaci\u00f3n y justicia.<\/p>","protected":false},"author":49,"featured_media":706403,"comment_status":"open","ping_status":"open","sticky":false,"template":"","format":"standard","meta":{"_acf_changed":false,"footnotes":""},"categories":[60],"tags":[11156,1894,1222,53,47,386,1116,124,218,242],"class_list":["post-706402","post","type-post","status-publish","format-standard","has-post-thumbnail","hentry","category-blog","tag-candidatos-presidenciales","tag-comercio-exterior","tag-economia","tag-educacion","tag-el-alto","tag-estudiantes","tag-foro-debate","tag-salud","tag-tecnologia","tag-unifranz"],"acf":[],"_links":{"self":[{"href":"https:\/\/unifranz.edu.bo\/pt\/wp-json\/wp\/v2\/posts\/706402","targetHints":{"allow":["GET"]}}],"collection":[{"href":"https:\/\/unifranz.edu.bo\/pt\/wp-json\/wp\/v2\/posts"}],"about":[{"href":"https:\/\/unifranz.edu.bo\/pt\/wp-json\/wp\/v2\/types\/post"}],"author":[{"embeddable":true,"href":"https:\/\/unifranz.edu.bo\/pt\/wp-json\/wp\/v2\/users\/49"}],"replies":[{"embeddable":true,"href":"https:\/\/unifranz.edu.bo\/pt\/wp-json\/wp\/v2\/comments?post=706402"}],"version-history":[{"count":1,"href":"https:\/\/unifranz.edu.bo\/pt\/wp-json\/wp\/v2\/posts\/706402\/revisions"}],"predecessor-version":[{"id":706404,"href":"https:\/\/unifranz.edu.bo\/pt\/wp-json\/wp\/v2\/posts\/706402\/revisions\/706404"}],"wp:featuredmedia":[{"embeddable":true,"href":"https:\/\/unifranz.edu.bo\/pt\/wp-json\/wp\/v2\/media\/706403"}],"wp:attachment":[{"href":"https:\/\/unifranz.edu.bo\/pt\/wp-json\/wp\/v2\/media?parent=706402"}],"wp:term":[{"taxonomy":"category","embeddable":true,"href":"https:\/\/unifranz.edu.bo\/pt\/wp-json\/wp\/v2\/categories?post=706402"},{"taxonomy":"post_tag","embeddable":true,"href":"https:\/\/unifranz.edu.bo\/pt\/wp-json\/wp\/v2\/tags?post=706402"}],"curies":[{"name":"wp","href":"https:\/\/api.w.org\/{rel}","templated":true}]}}