{"id":706370,"date":"2025-07-06T11:22:43","date_gmt":"2025-07-06T15:22:43","guid":{"rendered":"https:\/\/unifranz.edu.bo\/?p=706370"},"modified":"2025-07-06T11:25:43","modified_gmt":"2025-07-06T15:25:43","slug":"dibujar-la-verdad-el-poder-del-periodismo-de-opinion-desde-la-caricatura","status":"publish","type":"post","link":"https:\/\/unifranz.edu.bo\/pt\/blog\/dibujar-la-verdad-el-poder-del-periodismo-de-opinion-desde-la-caricatura\/","title":{"rendered":"Dibujar la verdad: el poder del periodismo de opini\u00f3n desde la caricatura"},"content":{"rendered":"<p>Con un l\u00e1piz en la mano y una sensibilidad aguda para retratar la realidad, Abel Bellido C\u00f3rdoba, conocido art\u00edsticamente como \u00abAbecor\u00bb, se ha convertido en una de las voces m\u00e1s potentes del periodismo de opini\u00f3n en Bolivia. A trav\u00e9s de sus caricaturas, este artista no solo roba sonrisas o sorpresa; genera conciencia, reflexi\u00f3n y, muchas veces, incomodidad.&nbsp;<\/p>\n\n\n\n<p>Su trazo, cargado de intenci\u00f3n y profundidad, se ha convertido en una herramienta de resistencia y denuncia social. Por este motivo, adem\u00e1s de su defensa firme de la libertad de expresi\u00f3n, su compromiso con la verdad y su valioso aporte al desarrollo del periodismo boliviano, Abecor<strong>&nbsp;recibi\u00f3 recientemente el \u201cReconocimiento Franz Tamayo al M\u00e9rito Profesional en Periodismo\u201d de Unifranz,<\/strong>&nbsp;un galard\u00f3n avalado por la Sociedad Interamericana de Prensa (SIP) y el Congreso Hispanoamericano de la Prensa.<\/p>\n\n\n\n<blockquote class=\"wp-block-quote is-layout-flow wp-block-quote-is-layout-flow\">\n<p>\u00abSiempre,&nbsp;<strong>trato de resumir el poder de la imagen\u00bb, se\u00f1ala Abecor<\/strong>&nbsp;con humildad y firmeza. Desde sus inicios escolares, donde una caricatura colgada en la ventanilla de la direcci\u00f3n causaba revuelo, hasta hoy, sus dibujos han tenido la capacidad de movilizar emociones, revelar verdades ocultas y poner temas urgentes sobre la mesa.<\/p>\n<\/blockquote>\n\n\n\n<p>Aunque su herramienta ha evolucionado del papel al l\u00e1piz digital, la esencia de su trabajo se mantiene intacta:&nbsp;<strong>observar, interpretar y traducir<\/strong>&nbsp;lo que respira la sociedad en l\u00edneas expresivas.<\/p>\n\n\n\n<p>\u00abAntes usaba tinta china, ahora dibujo con una Mac Pro y una tableta gr\u00e1fica, pero el mensaje sigue siendo el mismo\u00bb, afirma. La tecnolog\u00eda, m\u00e1s que cambiar su arte, ha potenciado su alcance.<\/p>\n\n\n\n<p>Para Arturo Torres, psic\u00f3logo graduado de la Universitat Aut\u00f3noma de Barcelona (Espa\u00f1a), la caricatura period\u00edstica es uno de los elementos de comunicaci\u00f3n de actualidad m\u00e1s poderosos.<\/p>\n\n\n\n<p>\u201cUnas pocas im\u00e1genes pueden expresar mucho, incluso partiendo de ideas muy abstractas. Esta mezcla entre actualidad, carga emocional y (normalmente) humor y sarcasmo vuelven a estas&nbsp;<strong>piezas muy atractivas a los ojos de los lectores (\u2026)\u201d, explica.<\/strong><\/p>\n\n\n\n<figure class=\"wp-block-embed is-type-video is-provider-youtube wp-block-embed-youtube wp-embed-aspect-16-9 wp-has-aspect-ratio\"><div class=\"wp-block-embed__wrapper\">\n<iframe loading=\"lazy\" title=\"EDUCACI\u00d3N Y SOCIEDAD | El poder de la imagen\" width=\"500\" height=\"281\" src=\"https:\/\/www.youtube.com\/embed\/R5CC6wgR574?feature=oembed\" frameborder=\"0\" allow=\"accelerometer; autoplay; clipboard-write; encrypted-media; gyroscope; picture-in-picture; web-share\" referrerpolicy=\"strict-origin-when-cross-origin\" allowfullscreen><\/iframe>\n<\/div><\/figure>\n\n\n\n<h3 class=\"wp-block-heading\"><strong>Caricaturas que recogen el sentir popular<\/strong><\/h3>\n\n\n\n<p>Las caricaturas de Abecor, a menudo \u00e1cidas y directas, son el&nbsp;<strong>resultado de una escucha activa&nbsp;<\/strong>a la calle, a las noticias, al sentir popular.&nbsp;<\/p>\n\n\n\n<p>\u00abYo s\u00e9 que contribuye mucho a mi trabajo el estar aqu\u00ed, el pisar tierra, el ver a la gente, caminar (&#8230;), saber qu\u00e9 es lo que habla la gente\u00bb, explica a tiempo de aclarar que&nbsp;<strong>el dibujo no es solo un acto creativo, es una forma de contacto profundo con la realidad<\/strong>.<\/p>\n\n\n\n<p>Aunque muchos lo asocian con la s\u00e1tira, Abecor aclara que su enfoque va m\u00e1s all\u00e1. \u00abNo tanto humor, a veces soy muy \u00e1cido con las noticias. A veces aparece un poco de s\u00e1tira, pero en realidad es m\u00e1s que todo la reflexi\u00f3n en cualquier tema y cualquier forma\u00bb.&nbsp;<\/p>\n\n\n\n<p>Su estilo es reconocible al instante; basta un rasgo como la nariz de Evo Morales en una esquina del dibujo para que el lector identifique al personaje y, obviamente, al artista. Ese es el sello de quien ha cultivado una marca personal con coherencia y pasi\u00f3n.<\/p>\n\n\n\n<h3 class=\"wp-block-heading\"><strong>El poder de la imagen<\/strong><\/h3>\n\n\n\n<p>Este compromiso con la verdad tambi\u00e9n ha tenido un alto costo. \u00abTuve que salir del pa\u00eds\u00bb, confiesa. Ha vivido amenazas, agresiones y momentos de angustia junto a su familia.&nbsp;<\/p>\n\n\n\n<p>\u00abUna vez vinieron a la casa y tiraron piedras a las ventanas, pero se equivocaron de casa y le dieron al vecino\u00bb. Estas experiencias, lejos de detenerlo, reforzaron su convicci\u00f3n. \u00abHay cosas m\u00e1s importantes.<strong>&nbsp;Tengo que seguir tajando el l\u00e1piz,<\/strong>&nbsp;porque hay que decir las cosas con el poder de la imagen\u00bb.<\/p>\n\n\n\n<p>Pero tambi\u00e9n ha habido alegr\u00edas. El reconocimiento del p\u00fablico, los viajes como activista y el respeto de sus colegas lo alimentan emocionalmente. \u00abLa alegr\u00eda que siente mucha gente que no me conoce y dice: &#8216;Este es el Abecor&#8217;. Eso es una satisfacci\u00f3n enorme\u00bb, comenta. El cari\u00f1o de su familia, que comparte con orgullo sus logros, es otro motor que lo impulsa a seguir.<\/p>\n\n\n\n<p>Hoy, su trabajo vive principalmente en el mundo digital, donde la inmediatez es clave. \u00abTienes que ser directo. Las herramientas tecnol\u00f3gicas te ayudan a hacer r\u00e1pido las cosas.&nbsp;<strong>El caricaturista est\u00e1 siempre al filo<\/strong>\u00ab, dice. Esa urgencia diaria exige agilidad mental y emocional. Pocas veces hay tiempo para varios bocetos; el cierre editorial no espera.<\/p>\n\n\n\n<p>El caso de Abecor es un ejemplo vivo de que el periodismo de opini\u00f3n no solo se escribe, tambi\u00e9n se dibuja y cuando se lo hace con convicci\u00f3n, conocimiento y sensibilidad,&nbsp;<strong>puede ser tan potente como un editorial o una cr\u00f3nica.&nbsp;<\/strong>Su obra se inscribe en esa tradici\u00f3n de caricaturistas que han transformado la opini\u00f3n p\u00fablica desde el humor, la cr\u00edtica y la observaci\u00f3n profunda.<\/p>\n\n\n\n<p>Para la Universidad Franz Tamayo, Unifranz, el reconocimiento a Abecor es un mensaje potente sobre la importancia del arte visual en la construcci\u00f3n de una sociedad cr\u00edtica y libre. De ah\u00ed la importancia de impulsar carreras como Periodismo o Dise\u00f1o Gr\u00e1fico y Producci\u00f3n Crossmedia, que forman profesionales capaces de comunicar con responsabilidad, creatividad y compromiso social, utilizando el poder de la imagen y la narrativa para generar impacto y transformaci\u00f3n.<\/p>\n\n\n\n<p>\u00abEstoy realmente muy orgulloso. Mi familia igual. Tenemos presente este reconocimiento y<strong>&nbsp;es un impulso m\u00e1s<\/strong>. S\u00e9 que son d\u00edas dif\u00edciles donde estas cosas ayudan mucho a seguir\u00bb, concluye.<\/p>\n\n\n\n<p>Abecor nos recuerda que la opini\u00f3n tambi\u00e9n tiene forma, color y trazo. Y que, a veces, una sola imagen puede decir m\u00e1s que mil palabras. Su arte es un puente entre la noticia y la conciencia, entre la denuncia y la esperanza. Porque dibujar la verdad tambi\u00e9n es un acto de valent\u00eda.<\/p>","protected":false},"excerpt":{"rendered":"<p>Con un l\u00e1piz en la mano y una sensibilidad aguda para retratar la realidad, Abel Bellido C\u00f3rdoba, conocido art\u00edsticamente como \u00abAbecor\u00bb, se ha convertido en una de las voces m\u00e1s potentes del periodismo de opini\u00f3n en Bolivia. A trav\u00e9s de sus caricaturas, este artista no solo roba sonrisas o sorpresa; genera conciencia, reflexi\u00f3n y, muchas veces, incomodidad.\u00a0<\/p>","protected":false},"author":45,"featured_media":706371,"comment_status":"open","ping_status":"open","sticky":false,"template":"","format":"standard","meta":{"_acf_changed":false,"footnotes":""},"categories":[60],"tags":[],"class_list":["post-706370","post","type-post","status-publish","format-standard","has-post-thumbnail","hentry","category-blog"],"acf":[],"_links":{"self":[{"href":"https:\/\/unifranz.edu.bo\/pt\/wp-json\/wp\/v2\/posts\/706370","targetHints":{"allow":["GET"]}}],"collection":[{"href":"https:\/\/unifranz.edu.bo\/pt\/wp-json\/wp\/v2\/posts"}],"about":[{"href":"https:\/\/unifranz.edu.bo\/pt\/wp-json\/wp\/v2\/types\/post"}],"author":[{"embeddable":true,"href":"https:\/\/unifranz.edu.bo\/pt\/wp-json\/wp\/v2\/users\/45"}],"replies":[{"embeddable":true,"href":"https:\/\/unifranz.edu.bo\/pt\/wp-json\/wp\/v2\/comments?post=706370"}],"version-history":[{"count":2,"href":"https:\/\/unifranz.edu.bo\/pt\/wp-json\/wp\/v2\/posts\/706370\/revisions"}],"predecessor-version":[{"id":706373,"href":"https:\/\/unifranz.edu.bo\/pt\/wp-json\/wp\/v2\/posts\/706370\/revisions\/706373"}],"wp:featuredmedia":[{"embeddable":true,"href":"https:\/\/unifranz.edu.bo\/pt\/wp-json\/wp\/v2\/media\/706371"}],"wp:attachment":[{"href":"https:\/\/unifranz.edu.bo\/pt\/wp-json\/wp\/v2\/media?parent=706370"}],"wp:term":[{"taxonomy":"category","embeddable":true,"href":"https:\/\/unifranz.edu.bo\/pt\/wp-json\/wp\/v2\/categories?post=706370"},{"taxonomy":"post_tag","embeddable":true,"href":"https:\/\/unifranz.edu.bo\/pt\/wp-json\/wp\/v2\/tags?post=706370"}],"curies":[{"name":"wp","href":"https:\/\/api.w.org\/{rel}","templated":true}]}}