{"id":706344,"date":"2025-07-04T09:38:40","date_gmt":"2025-07-04T13:38:40","guid":{"rendered":"https:\/\/unifranz.edu.bo\/?p=706344"},"modified":"2025-12-30T02:32:00","modified_gmt":"2025-12-30T06:32:00","slug":"estudiantes-unifranz-intercambio-internacional","status":"publish","type":"post","link":"https:\/\/unifranz.edu.bo\/pt\/blog\/estudiantes-unifranz-intercambio-internacional\/","title":{"rendered":"Una maleta, mil sue\u00f1os: estudiantes de Unifranz El Alto se internacionalizan este semestre"},"content":{"rendered":"<p>Los d\u00edas se sienten m\u00e1s cortos desde que recibi\u00f3 la noticia. Entre tr\u00e1mites, listas de cosas por llevar y despedidas anticipadas, Nayely Aruquipa a\u00fan no asimila del todo que en unas semanas estar\u00e1 en Brasil, estudiando Odontolog\u00eda en una de las universidades m\u00e1s reconocidas del pa\u00eds. \u201cTodav\u00eda me cuesta creerlo. Siento emoci\u00f3n, algo de nervios, y mucha gratitud. Voy a crecer profesionalmente\u2026 pero tambi\u00e9n voy a reencontrarme con mis padres, que viven all\u00e1\u201d, confiesa.<\/p>\n\n\n\n<p><\/p>\n\n\n\n<p>Como ella, tres estudiantes m\u00e1s de la <a href=\"https:\/\/unifranz.edu.bo\/\">Universidad Franz Tamayo<\/a>, Unifranz El Alto \u2014todas mujeres\u2014 cumplieron todos los requisitos para vivir un semestre acad\u00e9mico fuera del pa\u00eds como parte del programa Internacional\u00edzate, que abre las puertas del mundo a quienes apuestan por una formaci\u00f3n con visi\u00f3n global.<\/p>\n\n\n\n<p><\/p>\n\n\n\n<p>\u00abEl objetivo es que no adquieran \u00fanicamente conocimientos t\u00e9cnicos, sino tambi\u00e9n una visi\u00f3n renovada que impulse la innovaci\u00f3n y el progreso de nuestra regi\u00f3n\u00bb, motiv\u00f3 Eve Gomez, vicerrectora de Unifranz El Alto, durante la despedida de los estudiantes.<\/p>\n\n\n\n<p><\/p>\n\n\n\n<p>Quienes vivir\u00e1n la experiencia de internacionalizaci\u00f3n este semestre, son:<\/p>\n\n\n\n<ul class=\"wp-block-list\">\n<li><strong>Betzaida Buezo Choque<\/strong>, de Contadur\u00eda P\u00fablica, rumbo a la <a href=\"https:\/\/www.udp.cl\/\" target=\"_blank\" rel=\"noopener\">Universidad Diego Portales<\/a> (Chile).<\/li>\n<\/ul>\n\n\n\n<ul class=\"wp-block-list\">\n<li><strong>Nayely Aruquipa Yujra<\/strong>, de Odontolog\u00eda, viajar\u00e1 a la <a href=\"https:\/\/www.unip.br\/\" target=\"_blank\" rel=\"noopener\">Universidade Paulista \u2013 UNIP<\/a> (Brasil).<\/li>\n<\/ul>\n\n\n\n<ul class=\"wp-block-list\">\n<li><strong>Alizon Cabezas Huajlla<\/strong>, de Ingenier\u00eda Comercial, ser\u00e1 parte de la <a href=\"https:\/\/www.unab.cl\/\" target=\"_blank\" rel=\"noopener\">Universidad Andr\u00e9s Bello<\/a> (Chile).<\/li>\n<\/ul>\n\n\n\n<ul class=\"wp-block-list\">\n<li><strong>Yanira Paucara P\u00e9rez<\/strong>, tambi\u00e9n de Ingenier\u00eda Comercial, ir\u00e1 a la <a href=\"https:\/\/www.ubo.cl\/\" target=\"_blank\" rel=\"noopener\">Universidad Bernardo O\u2019Higgins<\/a> (Chile).<\/li>\n<\/ul>\n\n\n\n<ul class=\"wp-block-list\">\n<li><strong>Dudby Quispe Mamani<\/strong>, de Ingenier\u00eda Comercial, vivir\u00e1 la experiencia de movilidad inter sedes en la sede Cochabamba de Unifranz.<\/li>\n<\/ul>\n\n\n\n<p><\/p>\n\n\n\n<h2 class=\"wp-block-heading\"><strong>La internacionalizaci\u00f3n como parte del camino<\/strong><\/h2>\n\n\n\n<p>La Universidad Franz Tamayo promueve desde hace a\u00f1os una pol\u00edtica activa de movilidad acad\u00e9mica a trav\u00e9s de su programa Internacional\u00edzate, que ya ha beneficiado a m\u00e1s de 4.200 estudiantes con experiencias internacionales, tanto presenciales como virtuales.<\/p>\n\n\n\n<p><\/p>\n\n\n\n<p>Unifranz cuenta con m\u00e1s de 70 convenios activos con universidades extranjeras, a trav\u00e9s de los cuales sus estudiantes pueden cursar un semestre acad\u00e9mico en instituciones de renombre en Am\u00e9rica Latina, Europa y Norteam\u00e9rica.<\/p>\n\n\n\n<p><\/p>\n\n\n\n<p>Para Betzaida Buezo, estudiante de Contadur\u00eda P\u00fablica, la emoci\u00f3n fue doble: volver\u00e1 a Chile, un pa\u00eds donde ya vivi\u00f3 en el pasado. \u201cEs como una segunda oportunidad para seguir creciendo y dar lo mejor de m\u00ed. Me entusiasma aprender m\u00e1s, conocer nuevas personas, y tambi\u00e9n volver a probar la comida chilena\u201d, dice entre risas.<\/p>\n\n\n\n<p><\/p>\n\n\n\n<p>La oportunidad no solo transforma su vida acad\u00e9mica, sino su mirada del mundo. \u201cSalir de tu contexto te hace m\u00e1s fuerte, m\u00e1s abierta. Aprendes a valorar lo tuyo y a respetar otras culturas. Es una experiencia que te forma como profesional y como persona\u201d, destaca.<\/p>\n\n\n\n<p><\/p>\n\n\n\n<p>Lo mismo siente Nayely, quien, adem\u00e1s de profundizar sus estudios en Odontolog\u00eda, espera encontrar nuevas t\u00e9cnicas, metodolog\u00edas, y formas de ver su profesi\u00f3n. \u201cEstoy practicando portugu\u00e9s, organizando mis documentos y prepar\u00e1ndome emocionalmente para todo lo nuevo. S\u00e9 que voy a cambiar\u201d, afirma.<\/p>\n\n\n\n<p><\/p>\n\n\n\n<h2 class=\"wp-block-heading\"><strong>Movilidad nacional<\/strong><\/h2>\n\n\n\n<p>Adem\u00e1s de la movilidad internacional, Unifranz tambi\u00e9n brinda a sus estudiantes la posibilidad de vivir experiencias acad\u00e9micas en otras regiones, gracias a su presencia en cuatro ciudades. Este semestre, Dudby Quispe, estudiante de Ingenier\u00eda Comercial, realizar\u00e1 su intercambio en la sede Unifranz Cochabamba, una oportunidad que le permitir\u00e1 expandir su red de contactos, vivir otras din\u00e1micas de aprendizaje y crecer profesionalmente en un entorno diferente, sin salir de Bolivia.<\/p>\n\n\n\n<p><\/p>\n\n\n\n<h2 class=\"wp-block-heading\"><strong>Aprender haciendo, tambi\u00e9n fuera de casa<\/strong><\/h2>\n\n\n\n<p>La internacionalizaci\u00f3n es un pilar esencial en el modelo educativo de Unifranz. El objetivo es que los graduados no solo sean capaces de resolver problemas locales, sino tambi\u00e9n que cuenten con las competencias necesarias para desenvolverse en escenarios internacionales. Con el fin de alcanzar este prop\u00f3sito, Unifranz ha establecido alianzas con instituciones internacionales y promueve la movilidad acad\u00e9mica, permitiendo que sus estudiantes adquieran una visi\u00f3n global.<\/p>\n\n\n\n<p><\/p>\n\n\n\n<p>\u201cTengo muchas ganas de llegar all\u00e1, dar lo mejor de m\u00ed, aprender m\u00e1s y capacitarme con todo lo que me ofrezca esta experiencia. Voy con la confianza de que mis pap\u00e1s y mi familia est\u00e1n bien y que estar\u00e1n muy orgullosos de m\u00ed. Eso me motiva mucho. Claro que hay un poco de nervios, pero las ganas superan cualquier miedo\u201d, asegura Betzaida.<\/p>\n\n\n\n<p><\/p>\n\n\n\n<p>Adem\u00e1s, recomienda a otros estudiantes no tener miedo a postular. \u201cUno cree que estas oportunidades son para otros, pero si das el paso, puedes descubrir de lo que eres capaz. Lo dif\u00edcil es animarse, pero todo lo que vivas se queda contigo para siempre\u201d.<\/p>\n\n\n\n<p><\/p>\n\n\n\n<p>Este semestre, cinco estudiantes de Unifranz El Alto vivir\u00e1n la experiencia de movilidad acad\u00e9mica nacional e internacional gracias al programa Internacional\u00edzate. Son j\u00f3venes, son talentosas, son mujeres, y est\u00e1n listas para aprender, crecer y representar a Bolivia con orgullo m\u00e1s all\u00e1 de sus fronteras.<\/p>\n\n\n\n<figure class=\"wp-block-image size-large\"><img loading=\"lazy\" decoding=\"async\" width=\"1024\" height=\"707\" src=\"https:\/\/unifranz.edu.bo\/wp-content\/uploads\/2025\/07\/Copia-de-rev-8-1024x707.jpg\" alt=\"\" class=\"wp-image-706347\" srcset=\"https:\/\/unifranz.edu.bo\/wp-content\/uploads\/2025\/07\/Copia-de-rev-8-1024x707.jpg 1024w, https:\/\/unifranz.edu.bo\/wp-content\/uploads\/2025\/07\/Copia-de-rev-8-300x207.jpg 300w, https:\/\/unifranz.edu.bo\/wp-content\/uploads\/2025\/07\/Copia-de-rev-8-768x530.jpg 768w, https:\/\/unifranz.edu.bo\/wp-content\/uploads\/2025\/07\/Copia-de-rev-8-1536x1060.jpg 1536w, https:\/\/unifranz.edu.bo\/wp-content\/uploads\/2025\/07\/Copia-de-rev-8-2048x1413.jpg 2048w, https:\/\/unifranz.edu.bo\/wp-content\/uploads\/2025\/07\/Copia-de-rev-8-18x12.jpg 18w\" sizes=\"auto, (max-width: 1024px) 100vw, 1024px\" \/><figcaption class=\"wp-element-caption\">Autoridades acad\u00e9micas de la universidad despidieron a las cinco estudiantes<\/figcaption><\/figure>\n\n\n\n<ul class=\"wp-block-list\">\n<li><\/li>\n<\/ul>\n\n\n\n<figure class=\"wp-block-embed is-type-video is-provider-youtube wp-block-embed-youtube wp-embed-aspect-16-9 wp-has-aspect-ratio\"><div class=\"wp-block-embed__wrapper\">\n<iframe loading=\"lazy\" title=\"\u00a1Internacional\u00edzate con Unifranz! \ud83e\udde1\ud83c\udf0e\u2708\ufe0f\" width=\"500\" height=\"281\" src=\"https:\/\/www.youtube.com\/embed\/FfLi2MhUBIg?feature=oembed\" frameborder=\"0\" allow=\"accelerometer; autoplay; clipboard-write; encrypted-media; gyroscope; picture-in-picture; web-share\" referrerpolicy=\"strict-origin-when-cross-origin\" allowfullscreen><\/iframe>\n<\/div><\/figure>\n\n\n\n<p><\/p>","protected":false},"excerpt":{"rendered":"<p>Desde El Alto al mundo: estudiantes de Unifranz se internacionalizan este semestre y fortalecen su formaci\u00f3n con visi\u00f3n global.<\/p>","protected":false},"author":25,"featured_media":706346,"comment_status":"open","ping_status":"open","sticky":false,"template":"","format":"standard","meta":{"_acf_changed":false,"footnotes":""},"categories":[11083,60,302,178,2028,1782,10374],"tags":[47,386,1422,242],"class_list":["post-706344","post","type-post","status-publish","format-standard","has-post-thumbnail","hentry","category-unifranzelalto","category-blog","category-el-alto","category-intercambios","category-internacionalizacion-es","category-unifranz","category-unifranz-el-alto","tag-el-alto","tag-estudiantes","tag-innovacion-en-educacion","tag-unifranz"],"acf":[],"_links":{"self":[{"href":"https:\/\/unifranz.edu.bo\/pt\/wp-json\/wp\/v2\/posts\/706344","targetHints":{"allow":["GET"]}}],"collection":[{"href":"https:\/\/unifranz.edu.bo\/pt\/wp-json\/wp\/v2\/posts"}],"about":[{"href":"https:\/\/unifranz.edu.bo\/pt\/wp-json\/wp\/v2\/types\/post"}],"author":[{"embeddable":true,"href":"https:\/\/unifranz.edu.bo\/pt\/wp-json\/wp\/v2\/users\/25"}],"replies":[{"embeddable":true,"href":"https:\/\/unifranz.edu.bo\/pt\/wp-json\/wp\/v2\/comments?post=706344"}],"version-history":[{"count":3,"href":"https:\/\/unifranz.edu.bo\/pt\/wp-json\/wp\/v2\/posts\/706344\/revisions"}],"predecessor-version":[{"id":710786,"href":"https:\/\/unifranz.edu.bo\/pt\/wp-json\/wp\/v2\/posts\/706344\/revisions\/710786"}],"wp:featuredmedia":[{"embeddable":true,"href":"https:\/\/unifranz.edu.bo\/pt\/wp-json\/wp\/v2\/media\/706346"}],"wp:attachment":[{"href":"https:\/\/unifranz.edu.bo\/pt\/wp-json\/wp\/v2\/media?parent=706344"}],"wp:term":[{"taxonomy":"category","embeddable":true,"href":"https:\/\/unifranz.edu.bo\/pt\/wp-json\/wp\/v2\/categories?post=706344"},{"taxonomy":"post_tag","embeddable":true,"href":"https:\/\/unifranz.edu.bo\/pt\/wp-json\/wp\/v2\/tags?post=706344"}],"curies":[{"name":"wp","href":"https:\/\/api.w.org\/{rel}","templated":true}]}}