{"id":706240,"date":"2025-07-01T13:10:46","date_gmt":"2025-07-01T17:10:46","guid":{"rendered":"https:\/\/unifranz.edu.bo\/?p=706240"},"modified":"2025-07-01T14:44:18","modified_gmt":"2025-07-01T18:44:18","slug":"formar-personas-no-solo-profesionales-el-poder-de-la-inteligencia-emocional","status":"publish","type":"post","link":"https:\/\/unifranz.edu.bo\/pt\/blog\/formar-personas-no-solo-profesionales-el-poder-de-la-inteligencia-emocional\/","title":{"rendered":"Formar personas, no solo profesionales: el poder de la inteligencia emocional"},"content":{"rendered":"<p>En un entorno cada vez m\u00e1s desafiante para estudiantes y docentes, la inteligencia emocional se posiciona como una competencia esencial. No se trata solo de dominar contenidos acad\u00e9micos, sino de aprender a reconocer lo que sentimos, gestionar emociones bajo presi\u00f3n, relacionarnos con otros y mantenernos motivados ante la frustraci\u00f3n. En la educaci\u00f3n moderna, formar personas emocionalmente inteligentes ya no es opcional: es urgente.<\/p>\n\n\n\n<blockquote class=\"wp-block-quote is-layout-flow wp-block-quote-is-layout-flow\">\n<p>\u201cLa inteligencia emocional tiene que ver con la gesti\u00f3n que tenemos de nuestras propias emociones, iniciando por el reconocimiento de las mismas, de las situaciones, en qu\u00e9 momento tenemos estas emociones, reconocer las emociones de los dem\u00e1s y ser emp\u00e1ticos con \u00e9stas y saber gestionar mis emociones y las emociones del otro\u201d, afirma Tatiana Montoya, docente de la carrera de Psicolog\u00eda de la Universidad Franz Tamayo, Unifranz.<\/p>\n<\/blockquote>\n\n\n\n<p>Montoya enfatiza que esta habilidad se construye desde dos grandes dimensiones: la inteligencia intrapersonal, que permite conocernos y regular nuestras emociones, y la inteligencia interpersonal, centrada en la empat\u00eda y la relaci\u00f3n con los dem\u00e1s.<\/p>\n\n\n\n<p>En el primer \u00e1mbito, se trata de saber c\u00f3mo nos sentimos, cu\u00e1ndo y por qu\u00e9. \u201cEs importante saber en qu\u00e9 momento siento rabia o alegr\u00eda; en qu\u00e9 momento siento frustraci\u00f3n. El autoconocimiento es clave. Desde ni\u00f1os, tendr\u00edamos que saber reconocer las emociones, acorde a cada situaci\u00f3n\u201d, explica Montoya, destacando la necesidad de incluir esta competencia desde la educaci\u00f3n inicial.<\/p>\n\n\n\n<p>En la dimensi\u00f3n interpersonal, la especialista se\u00f1ala que no basta con comprender al otro: tambi\u00e9n se trata de comunicar adecuadamente nuestras emociones. \u201cTiene que ver con la empat\u00eda, el saber c\u00f3mo se siente el otro, \u00bfqu\u00e9 estar\u00e1 pasando? \u00bfC\u00f3mo est\u00e1 emocional y racionalmente? Tambi\u00e9n tiene que ver con la comunicaci\u00f3n, c\u00f3mo comunico mi molestia, c\u00f3mo comunica el otro su molestia\u201d, sostiene.<\/p>\n\n\n\n<p>En el aula, esto se traduce en estudiantes capaces de manejar la frustraci\u00f3n frente a un examen dif\u00edcil, de comprender la tristeza de un compa\u00f1ero o de resolver un conflicto sin recurrir al grito o la violencia. Y en los docentes, se refleja en una mayor capacidad para mantener el equilibrio emocional frente a la presi\u00f3n, el cansancio o la diversidad de situaciones que enfrentan a diario.<\/p>\n\n\n\n<figure class=\"wp-block-embed is-type-video is-provider-youtube wp-block-embed-youtube wp-embed-aspect-16-9 wp-has-aspect-ratio\"><div class=\"wp-block-embed__wrapper\">\n<iframe loading=\"lazy\" title=\"Hormona del crecimiento: el impulso m\u00e9dico que redefine el desarrollo f\u00edsico\" width=\"500\" height=\"281\" src=\"https:\/\/www.youtube.com\/embed\/V_a9pRfPLxw?feature=oembed\" frameborder=\"0\" allow=\"accelerometer; autoplay; clipboard-write; encrypted-media; gyroscope; picture-in-picture; web-share\" referrerpolicy=\"strict-origin-when-cross-origin\" allowfullscreen><\/iframe>\n<\/div><\/figure>\n\n\n\n<h2 class=\"wp-block-heading\"><strong>Los cinco componentes clave de la inteligencia emocional<\/strong><\/h2>\n\n\n\n<p>M\u00e1s all\u00e1 de estas dos dimensiones, Montoya identifica cinco componentes fundamentales que conforman la inteligencia emocional. Comprenderlos y desarrollarlos puede marcar la diferencia no solo en el \u00e1mbito acad\u00e9mico, sino en todas las \u00e1reas de la vida.<\/p>\n\n\n\n<ol class=\"wp-block-list\">\n<li>Conocimiento de uno mismo<\/li>\n<\/ol>\n\n\n\n<p>Este componente implica la capacidad de reconocer lo que sentimos en cada momento y c\u00f3mo eso influye en nuestras decisiones. No es lo mismo sentirse irritado que frustrado o triste: poder nombrar la emoci\u00f3n con precisi\u00f3n es el primer paso para gestionarla.<\/p>\n\n\n\n<p>Adem\u00e1s, el autoconocimiento permite detectar lo que nos motiva y lo que nos bloquea, y evaluar objetivamente nuestras propias fortalezas y debilidades. En palabras de Montoya, es el punto de partida para toda gesti\u00f3n emocional.<\/p>\n\n\n\n<ol start=\"2\" class=\"wp-block-list\">\n<li>Autorregulaci\u00f3n<\/li>\n<\/ol>\n\n\n\n<p>Una vez que reconocemos nuestras emociones, el siguiente paso es saber manejarlas de forma constructiva. La autorregulaci\u00f3n no significa reprimir lo que sentimos, sino expresarlo de manera adecuada.<\/p>\n\n\n\n<p>Las personas con buena autorregulaci\u00f3n son capaces de tolerar la frustraci\u00f3n, reaccionar con calma en situaciones tensas y adaptarse al cambio. En el contexto educativo, esto se traduce en estudiantes que no se bloquean ante un mal resultado, sino que aprenden de \u00e9l.<\/p>\n\n\n\n<p>Montoya subraya que este componente es vital tambi\u00e9n para los docentes, que deben enfrentar el estr\u00e9s cotidiano sin perder la capacidad de respuesta emocional equilibrada.<\/p>\n\n\n\n<ol start=\"3\" class=\"wp-block-list\">\n<li>Motivaci\u00f3n<\/li>\n<\/ol>\n\n\n\n<p>Este componente se refiere a la energ\u00eda interna que nos impulsa a actuar y perseverar, incluso ante los obst\u00e1culos. Las personas emocionalmente inteligentes no necesitan una recompensa externa constante; encuentran satisfacci\u00f3n en el proceso y en el prop\u00f3sito que gu\u00eda sus acciones.<\/p>\n\n\n\n<p>En el aula, esta motivaci\u00f3n se refleja en estudiantes que no se rinden f\u00e1cilmente y que desarrollan una actitud positiva frente al aprendizaje, incluso cuando las cosas no salen como esperaban.<\/p>\n\n\n\n<p>Montoya enfatiza que esta motivaci\u00f3n intr\u00ednseca se cultiva desde el entorno: \u201cEl apoyo emocional y el reconocimiento del esfuerzo, m\u00e1s que del resultado, son fundamentales para desarrollar esta habilidad\u201d.<\/p>\n\n\n\n<ol start=\"4\" class=\"wp-block-list\">\n<li>Empat\u00eda<\/li>\n<\/ol>\n\n\n\n<p>La empat\u00eda es la capacidad de comprender lo que otros sienten y actuar en consecuencia. Implica ponerse en el lugar del otro, no desde la l\u00e1stima, sino desde la comprensi\u00f3n activa.<\/p>\n\n\n\n<p>En el entorno escolar, la empat\u00eda permite prevenir el acoso, fortalecer la convivencia y construir relaciones m\u00e1s solidarias. Los estudiantes emp\u00e1ticos son m\u00e1s respetuosos, m\u00e1s colaborativos y m\u00e1s conscientes del impacto de sus palabras y acciones.<\/p>\n\n\n\n<p>Montoya remarca que \u201cser emp\u00e1tico no es solo entender con la cabeza, sino tambi\u00e9n con el coraz\u00f3n\u201d, y que esta habilidad se entrena tanto en casa como en la escuela.<\/p>\n\n\n\n<ol start=\"5\" class=\"wp-block-list\">\n<li>Habilidades sociales<\/li>\n<\/ol>\n\n\n\n<p>Este \u00faltimo componente abarca la capacidad de interactuar eficazmente con los dem\u00e1s, construir v\u00ednculos saludables, resolver conflictos y colaborar en equipo.<\/p>\n\n\n\n<p>Incluye competencias como la escucha activa, la comunicaci\u00f3n asertiva y la capacidad de negociar con respeto. En un entorno educativo, estas habilidades fortalecen no solo el clima escolar, sino tambi\u00e9n los aprendizajes colectivos.<\/p>\n\n\n\n<p>\u201cRelacionarse bien con otros no es un talento innato; es una habilidad que se aprende, se entrena y se mejora constantemente\u201d, asegura Montoya.<\/p>\n\n\n\n<h2 class=\"wp-block-heading\"><strong>Un aprendizaje que transforma vidas<\/strong><\/h2>\n\n\n\n<p>Desarrollar la inteligencia emocional es una tarea de todos los d\u00edas y un proceso continuo. Pero sus beneficios son tangibles: mejor desempe\u00f1o acad\u00e9mico, relaciones m\u00e1s sanas, menos violencia escolar y mayor bienestar general.<\/p>\n\n\n\n<p>Para Montoya, la clave est\u00e1 en educar con conciencia emocional, en ense\u00f1ar a los ni\u00f1os no solo a sumar y restar, sino tambi\u00e9n a reconocer lo que sienten y respetar lo que sienten los dem\u00e1s.<\/p>","protected":false},"excerpt":{"rendered":"<p>En un entorno cada vez m\u00e1s desafiante para estudiantes y docentes, la inteligencia emocional se posiciona como una competencia esencial. No se trata solo de dominar contenidos acad\u00e9micos, sino de aprender a reconocer lo que sentimos, gestionar emociones bajo presi\u00f3n, relacionarnos con otros y mantenernos motivados ante la frustraci\u00f3n. En la educaci\u00f3n moderna, formar personas emocionalmente inteligentes ya no es opcional: es urgente.<\/p>","protected":false},"author":49,"featured_media":706241,"comment_status":"open","ping_status":"open","sticky":false,"template":"","format":"standard","meta":{"_acf_changed":false,"footnotes":""},"categories":[60,2194],"tags":[53,1422,5288,242],"class_list":["post-706240","post","type-post","status-publish","format-standard","has-post-thumbnail","hentry","category-blog","category-psicologia","tag-educacion","tag-innovacion-en-educacion","tag-inteligencia-emocional","tag-unifranz"],"acf":[],"_links":{"self":[{"href":"https:\/\/unifranz.edu.bo\/pt\/wp-json\/wp\/v2\/posts\/706240","targetHints":{"allow":["GET"]}}],"collection":[{"href":"https:\/\/unifranz.edu.bo\/pt\/wp-json\/wp\/v2\/posts"}],"about":[{"href":"https:\/\/unifranz.edu.bo\/pt\/wp-json\/wp\/v2\/types\/post"}],"author":[{"embeddable":true,"href":"https:\/\/unifranz.edu.bo\/pt\/wp-json\/wp\/v2\/users\/49"}],"replies":[{"embeddable":true,"href":"https:\/\/unifranz.edu.bo\/pt\/wp-json\/wp\/v2\/comments?post=706240"}],"version-history":[{"count":2,"href":"https:\/\/unifranz.edu.bo\/pt\/wp-json\/wp\/v2\/posts\/706240\/revisions"}],"predecessor-version":[{"id":706243,"href":"https:\/\/unifranz.edu.bo\/pt\/wp-json\/wp\/v2\/posts\/706240\/revisions\/706243"}],"wp:featuredmedia":[{"embeddable":true,"href":"https:\/\/unifranz.edu.bo\/pt\/wp-json\/wp\/v2\/media\/706241"}],"wp:attachment":[{"href":"https:\/\/unifranz.edu.bo\/pt\/wp-json\/wp\/v2\/media?parent=706240"}],"wp:term":[{"taxonomy":"category","embeddable":true,"href":"https:\/\/unifranz.edu.bo\/pt\/wp-json\/wp\/v2\/categories?post=706240"},{"taxonomy":"post_tag","embeddable":true,"href":"https:\/\/unifranz.edu.bo\/pt\/wp-json\/wp\/v2\/tags?post=706240"}],"curies":[{"name":"wp","href":"https:\/\/api.w.org\/{rel}","templated":true}]}}