{"id":706232,"date":"2025-07-01T12:57:14","date_gmt":"2025-07-01T16:57:14","guid":{"rendered":"https:\/\/unifranz.edu.bo\/?p=706232"},"modified":"2025-07-01T13:05:20","modified_gmt":"2025-07-01T17:05:20","slug":"cuidarse-es-quererse-prevenir-el-cancer-de-prostata-puede-salvar-tu-vida","status":"publish","type":"post","link":"https:\/\/unifranz.edu.bo\/pt\/blog\/cuidarse-es-quererse-prevenir-el-cancer-de-prostata-puede-salvar-tu-vida\/","title":{"rendered":"Cuidarse es quererse: prevenir el c\u00e1ncer de pr\u00f3stata puede salvar tu vida"},"content":{"rendered":"<p>Cada ma\u00f1ana, don Ernesto despierta antes del amanecer, se prepara un caf\u00e9 cargado y repasa el jard\u00edn con la misma rutina de siempre. A sus 67 a\u00f1os, ha aprendido que la salud no se da por sentada. \u201cNunca pens\u00e9 que un control de rutina pudiera cambiar mi vida\u201d, confiesa. Fue durante uno de esos chequeos anuales que le detectaron un tumor en etapa temprana. Gracias a un diagn\u00f3stico precoz, hoy est\u00e1 completamente recuperado.<\/p>\n\n\n\n<p>Historias como la de Ernesto no deber\u00edan ser la excepci\u00f3n. El c\u00e1ncer de pr\u00f3stata, considerado la segunda causa de muerte por c\u00e1ncer en hombres despu\u00e9s del de pulm\u00f3n, puede ser silencioso y letal. Sin embargo, como advierte Juan Carlos Ayala Lima, m\u00e9dico especialista en urolog\u00eda y docente de la Universidad Franz Tamayo, Unifranz, \u201ces una enfermedad altamente curable si el diagn\u00f3stico es precoz\u201d.<\/p>\n\n\n\n<p>El c\u00e1ncer de pr\u00f3stata comienza de forma casi imperceptible. En sus primeras etapas, no presenta s\u00edntomas evidentes, y cuando lo hace, suele manifestarse con molestias urinarias similares a las de una hiperplasia prost\u00e1tica benigna.&nbsp;<\/p>\n\n\n\n<blockquote class=\"wp-block-quote is-layout-flow wp-block-quote-is-layout-flow\">\n<p>\u201cLa mayor\u00eda de los pacientes presentan dificultad para orinar, pero no se alarman porque creen que es parte del envejecimiento\u201d, explica Ayala.<\/p>\n<\/blockquote>\n\n\n\n<p>Este tipo de c\u00e1ncer se desarrolla en la gl\u00e1ndula prost\u00e1tica y puede extenderse si no se detecta a tiempo. Entre los principales factores de riesgo est\u00e1n:<\/p>\n\n\n\n<ul class=\"wp-block-list\">\n<li>La edad (a mayor edad, mayor riesgo)<\/li>\n\n\n\n<li>La herencia gen\u00e9tica<\/li>\n\n\n\n<li>La raza afroamericana o blanca con antecedentes<\/li>\n\n\n\n<li>Las comorbilidades como la diabetes, la obesidad y la hipertensi\u00f3n<\/li>\n<\/ul>\n\n\n\n<p>\u201cSi mi padre tuvo c\u00e1ncer de pr\u00f3stata, tengo entre dos a tres veces m\u00e1s probabilidades de padecerlo\u201d, alerta el especialista. Y a\u00f1ade un dato importante: \u201cSi mi madre tuvo c\u00e1ncer de mama, tambi\u00e9n hay una probabilidad m\u00e1s alta de desarrollar c\u00e1ncer de pr\u00f3stata. Los antecedentes familiares deben tomarse muy en serio\u201d.<\/p>\n\n\n\n<p><strong>Prevenci\u00f3n, promoci\u00f3n e identificaci\u00f3n: los tres pilares clave<\/strong><\/p>\n\n\n\n<p>Hablar de c\u00e1ncer de pr\u00f3stata es hablar de prevenci\u00f3n y diagn\u00f3stico temprano. Ayala insiste en que las estrategias m\u00e1s efectivas no son las que se aplican cuando la enfermedad ya est\u00e1 avanzada, sino aquellas que permiten identificarla antes de que se instale.<\/p>\n\n\n\n<p>\u201cLo m\u00e1s importante es la parte de la prevenci\u00f3n, la promoci\u00f3n y la identificaci\u00f3n de la enfermedad para que se detecte en sus etapas iniciales. Porque cuando ya est\u00e1 establecida, el tratamiento es m\u00e1s complejo y de alto costo\u201d, enfatiza la docente de Unifranz.<\/p>\n\n\n\n<p>Los controles anuales desde los 50 a\u00f1os \u2014o desde los 45 en personas con antecedentes familiares\u2014 son fundamentales. Incluyen el examen de ant\u00edgeno prost\u00e1tico espec\u00edfico (PSA) y el tacto rectal, dos procedimientos sencillos que pueden marcar la diferencia entre la vida y la muerte.<\/p>\n\n\n\n<p>\u201cPregonamos el diagn\u00f3stico precoz porque sabemos que cuando la enfermedad se identifica en su fase inicial, es altamente curable\u201d, sostiene el especialista.<\/p>\n\n\n\n<h2 class=\"wp-block-heading\"><strong>La tecnolog\u00eda como aliada<\/strong><\/h2>\n\n\n\n<p>La ciencia m\u00e9dica ha avanzado enormemente, ofreciendo nuevas herramientas tanto para el diagn\u00f3stico como para el tratamiento del c\u00e1ncer de pr\u00f3stata.&nbsp;<\/p>\n\n\n\n<p>\u201cHoy contamos con tecnolog\u00edas de imagen como la resonancia magn\u00e9tica multiparam\u00e9trica, que permite detectar tumores localizados sin necesidad de m\u00e9todos invasivos\u201d, explica Ayala.<\/p>\n\n\n\n<p>En cuanto al tratamiento, las opciones tambi\u00e9n han evolucionado. A las cirug\u00edas tradicionales se suman procedimientos menos invasivos como la cirug\u00eda laparosc\u00f3pica, la cirug\u00eda rob\u00f3tica, el HIFU (ultrasonido focalizado de alta intensidad) y terapias ablativas. Estas alternativas ofrecen mejores resultados y una recuperaci\u00f3n m\u00e1s r\u00e1pida, especialmente si el c\u00e1ncer est\u00e1 localizado.<\/p>\n\n\n\n<p>Adem\u00e1s, en casos avanzados, se puede recurrir a combinaciones de tratamientos quir\u00fargicos, radioterapia y bloqueo hormonal, lo que permite extender la calidad y expectativa de vida del paciente.<\/p>\n\n\n\n<h2 class=\"wp-block-heading\"><strong>Un estilo de vida saludable tambi\u00e9n previene<\/strong><\/h2>\n\n\n\n<p>Aunque algunos factores de riesgo como la gen\u00e9tica no pueden modificarse, adoptar un estilo de vida saludable s\u00ed marca una diferencia. El s\u00edndrome metab\u00f3lico, que incluye enfermedades como la diabetes, la hipertensi\u00f3n y la obesidad, se asocia directamente con una mayor probabilidad de desarrollar c\u00e1ncer de pr\u00f3stata.<\/p>\n\n\n\n<p>\u201cLa prevenci\u00f3n parte de lo b\u00e1sico: una alimentaci\u00f3n saludable, controlar el peso, practicar actividad f\u00edsica y realizarse controles m\u00e9dicos regulares\u201d, recomienda el especialista.<\/p>\n\n\n\n<p>Una dieta equilibrada, rica en frutas, verduras, legumbres y baja en grasas saturadas, combinada con una rutina de ejercicio moderado, no solo fortalece el sistema inmunol\u00f3gico, sino que tambi\u00e9n reduce el riesgo de muchas enfermedades cr\u00f3nicas, incluido este tipo de c\u00e1ncer.<\/p>\n\n\n\n<h2 class=\"wp-block-heading\"><strong>Romper tab\u00faes y hablar del tema<\/strong><\/h2>\n\n\n\n<p>Uno de los principales obst\u00e1culos para la prevenci\u00f3n del c\u00e1ncer de pr\u00f3stata es el tab\u00fa social. Muchos hombres evitan los controles m\u00e9dicos por verg\u00fcenza o desconocimiento. \u201cDebemos entender que un tacto rectal o un an\u00e1lisis de sangre pueden salvarnos la vida\u201d, recalca Ayala.<\/p>\n\n\n\n<p>Cambiar esta mentalidad pasa por educar, promover la salud y normalizar los controles m\u00e9dicos. Las campa\u00f1as de sensibilizaci\u00f3n y el trabajo en los centros de salud de primer nivel son fundamentales para llegar a m\u00e1s poblaci\u00f3n masculina, especialmente en sectores vulnerables donde el acceso a informaci\u00f3n y atenci\u00f3n m\u00e9dica es limitado.<\/p>\n\n\n\n<p>\u201cEl diagn\u00f3stico temprano debe ser una prioridad. Si no actuamos a tiempo, el c\u00e1ncer se vuelve m\u00e1s agresivo y costoso de tratar. La clave est\u00e1 en la prevenci\u00f3n\u201d, afirma el especialista con convicci\u00f3n.<\/p>\n\n\n\n<h2 class=\"wp-block-heading\"><strong>Un llamado a la acci\u00f3n<\/strong><\/h2>\n\n\n\n<p>El c\u00e1ncer de pr\u00f3stata no avisa. Puede estar desarroll\u00e1ndose en silencio durante a\u00f1os hasta que es demasiado tarde. Por eso, cada hombre a partir de los 50 a\u00f1os \u2014o antes si tiene antecedentes\u2014 debe acudir a su chequeo anual sin excusas.<\/p>\n\n\n\n<p>La medicina actual ofrece las herramientas para detectarlo, tratarlo y curarlo. Pero sin conciencia ni prevenci\u00f3n, todos esos avances pierden efectividad.&nbsp;<\/p>\n\n\n\n<p>\u201cEl c\u00e1ncer de pr\u00f3stata es altamente prevenible si se toman en cuenta los factores de riesgo, se act\u00faa con responsabilidad y se valora la salud como lo m\u00e1s importante. Cuidarse es tambi\u00e9n una forma de amar\u201d, concluye el docente de Medicina en Unifranz.<\/p>","protected":false},"excerpt":{"rendered":"<p>Cada ma\u00f1ana, don Ernesto despierta antes del amanecer, se prepara un caf\u00e9 cargado y repasa el jard\u00edn con la misma rutina de siempre. A sus 67 a\u00f1os, ha aprendido que la salud no se da por sentada. \u201cNunca pens\u00e9 que un control de rutina pudiera cambiar mi vida\u201d, confiesa. Fue durante uno de esos chequeos anuales que le detectaron un tumor en etapa temprana. Gracias a un diagn\u00f3stico precoz, hoy est\u00e1 completamente recuperado.<\/p>","protected":false},"author":50,"featured_media":706239,"comment_status":"open","ping_status":"open","sticky":false,"template":"","format":"standard","meta":{"_acf_changed":false,"footnotes":""},"categories":[60,2484],"tags":[11030,1422,49,11158,242],"class_list":["post-706232","post","type-post","status-publish","format-standard","has-post-thumbnail","hentry","category-blog","category-medicina-es-2","tag-cancer-2","tag-innovacion-en-educacion","tag-medicina","tag-prostata","tag-unifranz"],"acf":[],"_links":{"self":[{"href":"https:\/\/unifranz.edu.bo\/pt\/wp-json\/wp\/v2\/posts\/706232","targetHints":{"allow":["GET"]}}],"collection":[{"href":"https:\/\/unifranz.edu.bo\/pt\/wp-json\/wp\/v2\/posts"}],"about":[{"href":"https:\/\/unifranz.edu.bo\/pt\/wp-json\/wp\/v2\/types\/post"}],"author":[{"embeddable":true,"href":"https:\/\/unifranz.edu.bo\/pt\/wp-json\/wp\/v2\/users\/50"}],"replies":[{"embeddable":true,"href":"https:\/\/unifranz.edu.bo\/pt\/wp-json\/wp\/v2\/comments?post=706232"}],"version-history":[{"count":1,"href":"https:\/\/unifranz.edu.bo\/pt\/wp-json\/wp\/v2\/posts\/706232\/revisions"}],"predecessor-version":[{"id":706233,"href":"https:\/\/unifranz.edu.bo\/pt\/wp-json\/wp\/v2\/posts\/706232\/revisions\/706233"}],"wp:featuredmedia":[{"embeddable":true,"href":"https:\/\/unifranz.edu.bo\/pt\/wp-json\/wp\/v2\/media\/706239"}],"wp:attachment":[{"href":"https:\/\/unifranz.edu.bo\/pt\/wp-json\/wp\/v2\/media?parent=706232"}],"wp:term":[{"taxonomy":"category","embeddable":true,"href":"https:\/\/unifranz.edu.bo\/pt\/wp-json\/wp\/v2\/categories?post=706232"},{"taxonomy":"post_tag","embeddable":true,"href":"https:\/\/unifranz.edu.bo\/pt\/wp-json\/wp\/v2\/tags?post=706232"}],"curies":[{"name":"wp","href":"https:\/\/api.w.org\/{rel}","templated":true}]}}