{"id":706166,"date":"2025-06-28T09:05:23","date_gmt":"2025-06-28T13:05:23","guid":{"rendered":"https:\/\/unifranz.edu.bo\/?p=706166"},"modified":"2025-07-11T17:19:00","modified_gmt":"2025-07-11T21:19:00","slug":"alerta-por-rebrote-de-sarampion-expertos-advierten-sobre-baja-cobertura-de-vacunacion-infantil","status":"publish","type":"post","link":"https:\/\/unifranz.edu.bo\/pt\/blog\/alerta-por-rebrote-de-sarampion-expertos-advierten-sobre-baja-cobertura-de-vacunacion-infantil\/","title":{"rendered":"Alerta por rebrote de sarampi\u00f3n: expertos advierten sobre baja cobertura de vacunaci\u00f3n infantil"},"content":{"rendered":"<p>La reaparici\u00f3n del sarampi\u00f3n en Santa Cruz ha encendido las alertas del sistema de salud. Con varios casos confirmados, tanto importados como aut\u00f3ctonos, especialistas en salud p\u00fablica advierten que la baja cobertura de vacunaci\u00f3n infantil est\u00e1 generando condiciones propicias para nuevos brotes, especialmente en distritos urbanos con alta densidad poblacional.<\/p>\n\n\n\n<p>\u201cVacunar desde los 12 meses, con un refuerzo a los 18, no solo protege al ni\u00f1o, sino que ayuda a cortar las cadenas de transmisi\u00f3n en guarder\u00edas, centros de salud y barrios populosos. El sarampi\u00f3n se propaga con extrema facilidad, y los m\u00e1s peque\u00f1os son los m\u00e1s vulnerables a complicaciones graves como neumon\u00eda o encefalitis\u201d, explic\u00f3 Patricia Avil\u00e9s, directora de la carrera de Bioqu\u00edmica y Farmacia de la Universidad Franz Tamayo, Unifranz.<\/p>\n\n\n\n<p>Seg\u00fan datos del Servicio Departamental de Salud (SEDES), m\u00e1s de 20.000 ni\u00f1os menores de cinco a\u00f1os no han recibido la segunda dosis de la vacuna SRP (sarampi\u00f3n, rub\u00e9ola y paperas) en Santa Cruz. Este d\u00e9ficit ha movilizado a docentes y estudiantes de Unifranz, quienes activaron proyectos de apoyo comunitario en barrios perif\u00e9ricos, donde la cobertura ha ca\u00eddo por debajo del umbral de seguridad del 95\u202f%.<\/p>\n\n\n\n<p>La iniciativa universitaria se enfoca en ferias de salud, visitas domiciliarias, encuestas y actividades de sensibilizaci\u00f3n. Estas intervenciones permiten tanto el monitoreo del nivel de informaci\u00f3n en las familias, como el reforzamiento de actitudes positivas hacia la vacunaci\u00f3n.<\/p>\n\n\n\n<p>\u201cA nivel individual, un ni\u00f1o sin vacuna tiene hasta 35 veces m\u00e1s riesgo de contagiarse. Y cuando la cobertura baja, como ha ocurrido en varios distritos municipales, perdemos la protecci\u00f3n colectiva que evita la propagaci\u00f3n del virus\u201d, a\u00f1adi\u00f3 Avil\u00e9s.<\/p>\n\n\n\n<p>Desde la carrera de Enfermer\u00eda, tambi\u00e9n se evidencian beneficios directos en los ni\u00f1os inmunizados. \u201cObservamos menor incidencia de enfermedades prevenibles, menos complicaciones severas y un desarrollo integral m\u00e1s saludable. Las vacunas no solo protegen al individuo, sino que refuerzan la inmunidad del entorno\u201d, destac\u00f3 B\u00e1rbara Su\u00e1rez, coordinadora acad\u00e9mica de la carrera de Enfermer\u00eda en Unifranz.<\/p>\n\n\n\n<p>Las docentes identifican varias causas detr\u00e1s del rebrote: la desinformaci\u00f3n impulsada por movimientos antivacunas en redes sociales, la relajaci\u00f3n en la exigencia del carnet de vacunas tras la pandemia y las barreras log\u00edsticas que enfrentan las familias en zonas rurales.<\/p>\n\n\n\n<p>Entre las medidas urgentes sugeridas est\u00e1n el refuerzo de brigadas m\u00f3viles en distritos perif\u00e9ricos, ampliaci\u00f3n de horarios en centros de salud y mercados, recuperaci\u00f3n de la exigencia del carnet de vacunaci\u00f3n como requisito escolar y campa\u00f1as masivas de informaci\u00f3n lideradas por actores comunitarios y universitarios.<\/p>\n\n\n\n<p>\u201cEl sarampi\u00f3n ya ha causado hospitalizaciones este a\u00f1o en Santa Cruz. Y son, principalmente, ni\u00f1os no vacunados quienes est\u00e1n sufriendo. Las vacunas son seguras, efectivas y salvan vidas. No esperemos que la enfermedad llegue a casa para actuar\u201d, concluy\u00f3 Avil\u00e9s.<\/p>\n\n\n\n<p>\u00bfC\u00f3mo frenar el aumento de casos de sarampi\u00f3n en Santa Cruz?<\/p>\n\n\n\n<p>Cecilia Urioste, especialista pedi\u00e1trica y docente de la carrera de Medicina en Unifranz, una de las principales estrategias para frenar el brote es fortalecer la educaci\u00f3n comunitaria:<\/p>\n\n\n\n<p>\u201cPara ayudar a frenar el aumento de casos en Santa Cruz, lo primero es dar a conocer los signos y s\u00edntomas de la enfermedad a la poblaci\u00f3n. Si las familias reconocen tempranamente los cuadros cl\u00ednicos, se podr\u00e1 actuar de forma r\u00e1pida y evitar m\u00e1s contagios\u201d.<\/p>\n\n\n\n<p>Adem\u00e1s del esquema de inmunizaci\u00f3n, los casos sospechosos o confirmados deben ser manejados con aislamiento respiratorio y domiciliario de 4 a 7 d\u00edas, acompa\u00f1ado de cuidados generales de higiene, ventilaci\u00f3n y desinfecci\u00f3n para evitar contagios intrafamiliares.<\/p>\n\n\n\n<p>El sarampi\u00f3n suele comenzar con fiebre alta, secreci\u00f3n nasal, tos, ojos rojos y peque\u00f1as manchas blancas dentro de la boca, seguidos por un sarpullido que se extiende por el cuerpo. Dado que se transmite por el aire y por contacto con secreciones, la prevenci\u00f3n debe ser integral: adem\u00e1s de la vacunaci\u00f3n, es clave evitar el contacto con personas infectadas y seguir normas b\u00e1sicas de higiene.<\/p>\n\n\n\n<p>La m\u00e9dica tambi\u00e9n subraya la importancia del diagn\u00f3stico oportuno, la notificaci\u00f3n inmediata a los servicios de salud y la respuesta r\u00e1pida desde el primer nivel de atenci\u00f3n. Estas acciones coordinadas pueden marcar la diferencia para detener la expansi\u00f3n del virus y proteger a los m\u00e1s vulnerables.<\/p>","protected":false},"excerpt":{"rendered":"<p>La reaparici\u00f3n del sarampi\u00f3n en Santa Cruz ha encendido las alertas del sistema de salud. Con varios casos confirmados, tanto importados como aut\u00f3ctonos, especialistas en salud p\u00fablica advierten que la baja cobertura de vacunaci\u00f3n infantil est\u00e1 generando condiciones propicias para nuevos brotes, especialmente en distritos urbanos con alta densidad poblacional. \u201cVacunar desde los 12 meses, &hellip; <a href=\"https:\/\/unifranz.edu.bo\/pt\/blog\/alerta-por-rebrote-de-sarampion-expertos-advierten-sobre-baja-cobertura-de-vacunacion-infantil\/\">Continued<\/a><\/p>","protected":false},"author":33,"featured_media":706556,"comment_status":"open","ping_status":"open","sticky":false,"template":"","format":"standard","meta":{"_acf_changed":false,"footnotes":""},"categories":[2576,60,1878],"tags":[1422,11153,124,4506,43,11152,242,3624],"class_list":["post-706166","post","type-post","status-publish","format-standard","has-post-thumbnail","hentry","category-unifranz-santa-cruz","category-blog","category-salud","tag-innovacion-en-educacion","tag-rebrote-de-sarampion","tag-salud","tag-salud-publica","tag-santa-cruz","tag-sarampion-2","tag-unifranz","tag-unifranz-santa-cruz"],"acf":[],"_links":{"self":[{"href":"https:\/\/unifranz.edu.bo\/pt\/wp-json\/wp\/v2\/posts\/706166","targetHints":{"allow":["GET"]}}],"collection":[{"href":"https:\/\/unifranz.edu.bo\/pt\/wp-json\/wp\/v2\/posts"}],"about":[{"href":"https:\/\/unifranz.edu.bo\/pt\/wp-json\/wp\/v2\/types\/post"}],"author":[{"embeddable":true,"href":"https:\/\/unifranz.edu.bo\/pt\/wp-json\/wp\/v2\/users\/33"}],"replies":[{"embeddable":true,"href":"https:\/\/unifranz.edu.bo\/pt\/wp-json\/wp\/v2\/comments?post=706166"}],"version-history":[{"count":2,"href":"https:\/\/unifranz.edu.bo\/pt\/wp-json\/wp\/v2\/posts\/706166\/revisions"}],"predecessor-version":[{"id":706196,"href":"https:\/\/unifranz.edu.bo\/pt\/wp-json\/wp\/v2\/posts\/706166\/revisions\/706196"}],"wp:featuredmedia":[{"embeddable":true,"href":"https:\/\/unifranz.edu.bo\/pt\/wp-json\/wp\/v2\/media\/706556"}],"wp:attachment":[{"href":"https:\/\/unifranz.edu.bo\/pt\/wp-json\/wp\/v2\/media?parent=706166"}],"wp:term":[{"taxonomy":"category","embeddable":true,"href":"https:\/\/unifranz.edu.bo\/pt\/wp-json\/wp\/v2\/categories?post=706166"},{"taxonomy":"post_tag","embeddable":true,"href":"https:\/\/unifranz.edu.bo\/pt\/wp-json\/wp\/v2\/tags?post=706166"}],"curies":[{"name":"wp","href":"https:\/\/api.w.org\/{rel}","templated":true}]}}