{"id":706111,"date":"2025-06-27T11:51:32","date_gmt":"2025-06-27T15:51:32","guid":{"rendered":"https:\/\/unifranz.edu.bo\/?p=706111"},"modified":"2025-06-27T16:43:38","modified_gmt":"2025-06-27T20:43:38","slug":"educacion-para-la-sostenibilidad-el-llamado-urgente-del-vi-foro-internacional-de-innovacion-educativa","status":"publish","type":"post","link":"https:\/\/unifranz.edu.bo\/pt\/blog\/educacion-para-la-sostenibilidad-el-llamado-urgente-del-vi-foro-internacional-de-innovacion-educativa\/","title":{"rendered":"Educaci\u00f3n para la Sostenibilidad: el llamado urgente del VI Foro Internacional de Innovaci\u00f3n Educativa"},"content":{"rendered":"<p>La Universidad Franz Tamayo organiza el Sexto Foro Internacional de Innovaci\u00f3n Educativa bajo el lema \u201cEducaci\u00f3n para la Sostenibilidad\u201d, que se celebrar\u00e1 en la ciudad de Santa Cruz los d\u00edas 3 y 4 de julio. Esta nueva edici\u00f3n del foro se perfila como el debate educativo m\u00e1s importante del a\u00f1o en Bolivia, convocando a expertos internacionales, estudiantes, docentes, autoridades y empresarios para repensar la educaci\u00f3n desde una perspectiva transformadora.<\/p>\n\n\n\n<p>Organizado por Unifranz, el foro propone un nuevo pacto educativo por la vida, en respuesta a desaf\u00edos globales como la crisis clim\u00e1tica, la automatizaci\u00f3n, la desigualdad social y los desplazamientos forzados.<\/p>\n\n\n\n<p><strong>Un espacio de acci\u00f3n, no solo de reflexi\u00f3n<\/strong><\/p>\n\n\n\n<p>\u201cLa sostenibilidad no puede esperar y la educaci\u00f3n tiene un rol protag\u00f3nico en este camino\u201d, afirma Eva Foronda, decana acad\u00e9mica de Unifranz La Paz. Para ella, el foro debe superar lo acad\u00e9mico y convertirse en una plataforma de acci\u00f3n colectiva.<\/p>\n\n\n\n<p>En esta edici\u00f3n se abordar\u00e1n cuatro ejes estrat\u00e9gicos: Tejer redes, transformar pol\u00edticas, innovar con prop\u00f3sito y formar personas para un futuro sostenible.<\/p>\n\n\n\n<blockquote class=\"wp-block-quote is-layout-flow wp-block-quote-is-layout-flow\">\n<p>\u201cRespondemos a una agenda urgente y compartida. Invitamos a los medios, a los educadores y a toda la sociedad a ser portavoces de este mensaje\u201d, enfatiz\u00f3 la decana acad\u00e9mica Foronda.<\/p>\n<\/blockquote>\n\n\n\n<p><strong>Estudiantes que ya transforman su entorno<\/strong><\/p>\n\n\n\n<p>Las experiencias estudiantiles son importantes en este contexto. Daniel Escobar Sarabia, estudiante de Ingenier\u00eda de Sistemas en Unifranz El Alto es un ejemplo de esta nueva mirada sobre el tema.<\/p>\n\n\n\n<p>Junto a su equipo, desarroll\u00f3 un sistema inteligente de monitoreo de contaminaci\u00f3n cl\u00ednica para medir la calidad del agua en zonas vulnerables como Viacha. \u201cM\u00e1s all\u00e1 de la tecnolog\u00eda, aprendimos que lo que se ense\u00f1a puede transformar realidades. Hoy m\u00e1s que nunca, educar es proteger la vida, el agua y a quienes vendr\u00e1n despu\u00e9s\u201d, expresa con convicci\u00f3n.<\/p>\n\n\n\n<p>Su historia demuestra que la educaci\u00f3n no es solo para obtener un t\u00edtulo, sino para cambiar el mundo desde lo local, con innovaci\u00f3n y compromiso social.<\/p>\n\n\n\n<p><strong>Una red de alto nivel para repensar la educaci\u00f3n<\/strong><\/p>\n\n\n\n<p>\u201cEl foro se consolidar\u00e1 como el evento acad\u00e9mico m\u00e1s relevante del a\u00f1o en Bolivia y la regi\u00f3n\u201d, asegura el doctor Pedro S\u00e1enz, vicerrector de Unifranz La Paz.<\/p>\n\n\n\n<p>Con la participaci\u00f3n de m\u00e1s de 30 expertos internacionales, entre ellos Francesc Pedro (director del IESALC-UNESCO), Javier Medina (CEPAL), C\u00e9sar Bona (educador y conferencista internacional) y representantes de ministerios de educaci\u00f3n de Chile, Colombia, Brasil y Bolivia, el evento se proyecta como un laboratorio de ideas con repercusi\u00f3n global.<\/p>\n\n\n\n<p>Adem\u00e1s, se abrir\u00e1 un espacio in\u00e9dito donde los candidatos presidenciales bolivianos presentar\u00e1n sus propuestas educativas hacia el 2030, promoviendo un di\u00e1logo plural, abierto y democr\u00e1tico. El VI Foro se realizar\u00e1 en formato h\u00edbrido desde el Campo Ferial de Santa Cruz y estar\u00e1 abierto a todos los interesados, dentro y fuera de Bolivia.<\/p>","protected":false},"excerpt":{"rendered":"<p>Unifranz organiza el VI Foro Internacional de Innovaci\u00f3n Educativa en Santa Cruz, el 3 y 4 de julio, con el lema \u201cEducaci\u00f3n para la Sostenibilidad\u201d, reuniendo expertos globales para repensar la educaci\u00f3n.<\/p>","protected":false},"author":44,"featured_media":706153,"comment_status":"open","ping_status":"open","sticky":false,"template":"","format":"standard","meta":{"_acf_changed":false,"footnotes":""},"categories":[60],"tags":[53,47,4898,386,1422,148,41,4838,6949,242],"class_list":["post-706111","post","type-post","status-publish","format-standard","has-post-thumbnail","hentry","category-blog","tag-educacion","tag-el-alto","tag-estrategias","tag-estudiantes","tag-innovacion-en-educacion","tag-internacional","tag-la-paz","tag-sostenibilidad","tag-transformacion","tag-unifranz"],"acf":[],"_links":{"self":[{"href":"https:\/\/unifranz.edu.bo\/pt\/wp-json\/wp\/v2\/posts\/706111","targetHints":{"allow":["GET"]}}],"collection":[{"href":"https:\/\/unifranz.edu.bo\/pt\/wp-json\/wp\/v2\/posts"}],"about":[{"href":"https:\/\/unifranz.edu.bo\/pt\/wp-json\/wp\/v2\/types\/post"}],"author":[{"embeddable":true,"href":"https:\/\/unifranz.edu.bo\/pt\/wp-json\/wp\/v2\/users\/44"}],"replies":[{"embeddable":true,"href":"https:\/\/unifranz.edu.bo\/pt\/wp-json\/wp\/v2\/comments?post=706111"}],"version-history":[{"count":3,"href":"https:\/\/unifranz.edu.bo\/pt\/wp-json\/wp\/v2\/posts\/706111\/revisions"}],"predecessor-version":[{"id":706115,"href":"https:\/\/unifranz.edu.bo\/pt\/wp-json\/wp\/v2\/posts\/706111\/revisions\/706115"}],"wp:featuredmedia":[{"embeddable":true,"href":"https:\/\/unifranz.edu.bo\/pt\/wp-json\/wp\/v2\/media\/706153"}],"wp:attachment":[{"href":"https:\/\/unifranz.edu.bo\/pt\/wp-json\/wp\/v2\/media?parent=706111"}],"wp:term":[{"taxonomy":"category","embeddable":true,"href":"https:\/\/unifranz.edu.bo\/pt\/wp-json\/wp\/v2\/categories?post=706111"},{"taxonomy":"post_tag","embeddable":true,"href":"https:\/\/unifranz.edu.bo\/pt\/wp-json\/wp\/v2\/tags?post=706111"}],"curies":[{"name":"wp","href":"https:\/\/api.w.org\/{rel}","templated":true}]}}