{"id":705947,"date":"2025-06-20T23:04:21","date_gmt":"2025-06-21T03:04:21","guid":{"rendered":"https:\/\/unifranz.edu.bo\/?p=705947"},"modified":"2025-06-23T19:33:33","modified_gmt":"2025-06-23T23:33:33","slug":"ia-y-desarrollo-humano-una-oportunidad-para-transformar-el-futuro-desde-bolivia","status":"publish","type":"post","link":"https:\/\/unifranz.edu.bo\/pt\/blog\/ia-y-desarrollo-humano-una-oportunidad-para-transformar-el-futuro-desde-bolivia\/","title":{"rendered":"IA y desarrollo humano: una oportunidad para transformar el futuro desde Bolivia"},"content":{"rendered":"<p>La inteligencia artificial (IA) se presenta como una de las fuerzas m\u00e1s influyentes del siglo XXI, capaz de transformar radicalmente nuestras sociedades. En Bolivia, este fen\u00f3meno plantea una doble oportunidad: impulsar el desarrollo humano o profundizar las brechas existentes. Esta fue una de las principales reflexiones del conversatorio \u201cIA y desarrollo humano: caminos cruzados\u201d, organizado por el Programa de las Naciones Unidas para el Desarrollo (PNUD) y la Universidad Franz Tamayo, Unifranz. El evento destac\u00f3 que, para aprovechar el potencial de la IA, es urgente invertir en educaci\u00f3n, infraestructura digital y pol\u00edticas inclusivas centradas en las personas.<\/p>\n\n\n\n<p>\u201cLa inteligencia artificial no debe reemplazar a las personas, sino ayudarnos a vivir mejor\u201d, fue la conclusi\u00f3n de los panelistas y una de las ideas fuerza que resumi\u00f3 el esp\u00edritu del encuentro, donde se debati\u00f3 sobre c\u00f3mo esta tecnolog\u00eda puede ser una herramienta para construir sociedades m\u00e1s justas, inclusivas y sostenibles.<\/p>\n\n\n\n<p>El conversatorio reuni\u00f3 a representantes de la academia, el sector p\u00fablico y organismos internacionales, como Francisco Javier Belmonte (AGETIC), Manuel Urquidi (Banco Interamericano de Desarrollo), Milenka Ocampo (PNUD) y Pedro S\u00e1enz, vicerrector de Unifranz sede La Paz. A lo largo de la jornada se coincidi\u00f3 en que Bolivia necesita definir una hoja de ruta \u00e9tica y participativa para la adopci\u00f3n de la IA, que contemple las particularidades del pa\u00eds y garantice que nadie quede atr\u00e1s.<\/p>\n\n\n\n<p>Los panelistas abordaron los desaf\u00edos de implementar IA en un pa\u00eds con desigualdades estructurales y limitada conectividad, y compartieron experiencias concretas sobre c\u00f3mo esta tecnolog\u00eda puede mejorar la productividad, modernizar la educaci\u00f3n y facilitar el acceso a servicios p\u00fablicos.<\/p>\n\n\n\n<p><strong>Capacitaci\u00f3n y productividad: el enfoque del BID<\/strong><\/p>\n\n\n\n<p>Desde el BID, Manuel Urquidi plante\u00f3 que el principal reto para Bolivia no est\u00e1 en las tecnolog\u00edas mismas, sino en la formaci\u00f3n t\u00e9cnica de la poblaci\u00f3n. Se\u00f1al\u00f3 que el pa\u00eds carece de un sistema nacional de capacitaci\u00f3n laboral y que incluso peque\u00f1as intervenciones tecnol\u00f3gicas pueden generar impactos significativos.<\/p>\n\n\n\n<p>\u201cNo necesitamos habilidades m\u00e1s avanzadas. Necesitamos acceso equitativo a capacitaci\u00f3n laboral, incluso para saber cu\u00e1nto alimento darle a un pollito. Esas cosas simples pueden mover la frontera de la productividad en Bolivia\u201d, explic\u00f3.<\/p>\n\n\n\n<p>Urquidi destac\u00f3 el enorme potencial de la IA para mejorar procesos productivos en microempresas, especialmente si se combina con formaci\u00f3n t\u00e9cnica de corta duraci\u00f3n y adaptada a las necesidades del mercado laboral local.<\/p>\n\n\n\n<figure class=\"wp-block-embed is-type-video is-provider-youtube wp-block-embed-youtube wp-embed-aspect-16-9 wp-has-aspect-ratio\"><div class=\"wp-block-embed__wrapper\">\n<iframe loading=\"lazy\" title=\"IA y desarrollo humano: una oportunidad para transformar el futuro desde Bolivia\" width=\"500\" height=\"281\" src=\"https:\/\/www.youtube.com\/embed\/HdDmOKMqLY0?feature=oembed\" frameborder=\"0\" allow=\"accelerometer; autoplay; clipboard-write; encrypted-media; gyroscope; picture-in-picture; web-share\" referrerpolicy=\"strict-origin-when-cross-origin\" allowfullscreen><\/iframe>\n<\/div><\/figure>\n\n\n\n<p><strong>Gobernanza digital con enfoque humano<\/strong><\/p>\n\n\n\n<p>Francisco Javier Belmonte, director de AGETIC, puso sobre la mesa los avances del pa\u00eds en la construcci\u00f3n de una pol\u00edtica p\u00fablica digital centrada en las personas. Destac\u00f3 la elaboraci\u00f3n de una estrategia nacional de datos abiertos, el desarrollo de modelos sectoriales y un proyecto de ley de protecci\u00f3n de datos personales.<\/p>\n\n\n\n<p>\u201cTodos los servicios p\u00fablicos deben estar orientados al ciudadano. La inteligencia artificial tiene que ser una herramienta centrada en las personas, no generadora de nuevas brechas\u201d, afirm\u00f3 Belmonte.<\/p>\n\n\n\n<p>Tambi\u00e9n subray\u00f3 la importancia de que la IA se implemente desde una visi\u00f3n de derechos, con servicios inclusivos y accesibles, en especial para poblaciones tradicionalmente excluidas del entorno digital.<\/p>\n\n\n\n<p><strong>Educaci\u00f3n para un futuro con IA<\/strong><\/p>\n\n\n\n<p>Desde la academia, Pedro S\u00e1enz resalt\u00f3 el papel clave de las universidades en la transformaci\u00f3n digital del pa\u00eds. Mencion\u00f3 que Unifranz ha apostado por la integraci\u00f3n de la IA en el redise\u00f1o curricular, el impulso de microcredenciales y metodolog\u00edas activas para preparar a los estudiantes frente a un mundo laboral en constante cambio.<\/p>\n\n\n\n<p>\u201cTenemos que estar conscientes de que la IA es una herramienta que nos ayuda a sacar lo mejor de cada uno de nosotros, nos ayuda a mejorar nuestras habilidades y nuestras destrezas&nbsp; y por lo tanto tenemos que verla como un apoyo a lo que hacemos\u201d.<\/p>\n\n\n\n<p>S\u00e1enz tambi\u00e9n advirti\u00f3 que las regulaciones actuales dificultan la innovaci\u00f3n en educaci\u00f3n superior, y llam\u00f3 a flexibilizar normativas para facilitar la actualizaci\u00f3n de planes de estudio acorde al avance tecnol\u00f3gico.<\/p>\n\n\n\n<p><strong>Riesgo de exclusi\u00f3n y el llamado a la inclusi\u00f3n<\/strong><\/p>\n\n\n\n<p>Por parte del PNUD, Milenka Ocampo puso \u00e9nfasis en la urgencia de garantizar que la revoluci\u00f3n digital no deje a nadie atr\u00e1s. Se\u00f1al\u00f3 que, sin inversi\u00f3n en infraestructura y alfabetizaci\u00f3n digital, la IA puede agudizar las brechas existentes entre zonas urbanas y rurales, o entre grupos privilegiados y vulnerables.<\/p>\n\n\n\n<p>\u201cNo invertir en inteligencia artificial profundiza las brechas. Necesitamos acceso universal a internet, alfabetizaci\u00f3n digital y pol\u00edticas p\u00fablicas que garanticen que nadie se quede atr\u00e1s\u201d, remarc\u00f3.<\/p>\n\n\n\n<p>Llam\u00f3 a construir una IA para Bolivia desde sus propios territorios, incluyendo activamente a mujeres, pueblos ind\u00edgenas, j\u00f3venes y comunidades rurales en los procesos de dise\u00f1o e implementaci\u00f3n tecnol\u00f3gica.<\/p>\n\n\n\n<p><strong>Reflexiones finales y experiencias exitosas<\/strong><\/p>\n\n\n\n<p>Durante la sesi\u00f3n de preguntas, los panelistas dialogaron con el p\u00fablico sobre temas como el uso \u00e9tico de la IA en la educaci\u00f3n y el arte, la necesidad de ense\u00f1ar pensamiento cr\u00edtico en las aulas, y la brecha digital persistente en zonas alejadas. Se compartieron casos alentadores, como el de j\u00f3venes bolivianos formados en rob\u00f3tica en comunidades rurales, que hoy compiten internacionalmente.<\/p>\n\n\n\n<p>El conversatorio cerr\u00f3 con un mensaje un\u00e1nime: la IA debe ser una herramienta al servicio del desarrollo humano. Su implementaci\u00f3n requiere alianzas estrat\u00e9gicas, planificaci\u00f3n con enfoque de derechos y una transformaci\u00f3n profunda del sistema educativo. Solo as\u00ed podr\u00e1 convertirse en un motor de inclusi\u00f3n, innovaci\u00f3n y bienestar para toda la sociedad boliviana.<\/p>\n\n\n\n<p><strong>Un llamado desde el informe de Desarrollo Humano<\/strong><\/p>\n\n\n\n<p>En el marco del evento, Fernando Aramayo, coordinador de Programas y Gesti\u00f3n Institucional del PNUD en Bolivia, present\u00f3 brevemente los hallazgos del Informe de Desarrollo Humano 2025. Aunque advirti\u00f3 sobre el estancamiento del progreso global tras la pandemia y la creciente desigualdad digital, tambi\u00e9n ofreci\u00f3 una visi\u00f3n optimista: la IA puede ser una herramienta transformadora si se adapta a contextos locales y se utiliza para empoderar a las personas.<\/p>\n\n\n\n<p>\u201cTenemos que desafiarnos a crear otra normalidad, una que utilice la inteligencia artificial para ejercer nuestra libertad y construir la vida que valoramos\u201d, concluy\u00f3.<\/p>","protected":false},"excerpt":{"rendered":"<p>La inteligencia artificial (IA) se presenta como una de las fuerzas m\u00e1s influyentes del siglo XXI, capaz de transformar radicalmente nuestras sociedades. En Bolivia, este fen\u00f3meno plantea una doble oportunidad: impulsar el desarrollo humano o profundizar las brechas existentes. Esta fue una de las principales reflexiones del conversatorio \u201cIA y desarrollo humano: caminos cruzados\u201d, organizado &hellip; <a href=\"https:\/\/unifranz.edu.bo\/pt\/blog\/ia-y-desarrollo-humano-una-oportunidad-para-transformar-el-futuro-desde-bolivia\/\">Continued<\/a><\/p>","protected":false},"author":49,"featured_media":705948,"comment_status":"open","ping_status":"open","sticky":false,"template":"","format":"standard","meta":{"_acf_changed":false,"footnotes":""},"categories":[60,5450],"tags":[10580,5578,1422,3568,242],"class_list":["post-705947","post","type-post","status-publish","format-standard","has-post-thumbnail","hentry","category-blog","category-pnud","tag-desarrollo-humano","tag-ia","tag-innovacion-en-educacion","tag-pnud-bolivia","tag-unifranz"],"acf":[],"_links":{"self":[{"href":"https:\/\/unifranz.edu.bo\/pt\/wp-json\/wp\/v2\/posts\/705947","targetHints":{"allow":["GET"]}}],"collection":[{"href":"https:\/\/unifranz.edu.bo\/pt\/wp-json\/wp\/v2\/posts"}],"about":[{"href":"https:\/\/unifranz.edu.bo\/pt\/wp-json\/wp\/v2\/types\/post"}],"author":[{"embeddable":true,"href":"https:\/\/unifranz.edu.bo\/pt\/wp-json\/wp\/v2\/users\/49"}],"replies":[{"embeddable":true,"href":"https:\/\/unifranz.edu.bo\/pt\/wp-json\/wp\/v2\/comments?post=705947"}],"version-history":[{"count":2,"href":"https:\/\/unifranz.edu.bo\/pt\/wp-json\/wp\/v2\/posts\/705947\/revisions"}],"predecessor-version":[{"id":706007,"href":"https:\/\/unifranz.edu.bo\/pt\/wp-json\/wp\/v2\/posts\/705947\/revisions\/706007"}],"wp:featuredmedia":[{"embeddable":true,"href":"https:\/\/unifranz.edu.bo\/pt\/wp-json\/wp\/v2\/media\/705948"}],"wp:attachment":[{"href":"https:\/\/unifranz.edu.bo\/pt\/wp-json\/wp\/v2\/media?parent=705947"}],"wp:term":[{"taxonomy":"category","embeddable":true,"href":"https:\/\/unifranz.edu.bo\/pt\/wp-json\/wp\/v2\/categories?post=705947"},{"taxonomy":"post_tag","embeddable":true,"href":"https:\/\/unifranz.edu.bo\/pt\/wp-json\/wp\/v2\/tags?post=705947"}],"curies":[{"name":"wp","href":"https:\/\/api.w.org\/{rel}","templated":true}]}}