{"id":705945,"date":"2025-06-20T22:26:38","date_gmt":"2025-06-21T02:26:38","guid":{"rendered":"https:\/\/unifranz.edu.bo\/?p=705945"},"modified":"2025-06-20T22:26:42","modified_gmt":"2025-06-21T02:26:42","slug":"educacao-que-transforma-bolivia-sera-epicentro-de-inovacao-educacional-no-fiie-unifranz-2025","status":"publish","type":"post","link":"https:\/\/unifranz.edu.bo\/pt\/blog\/educacao-que-transforma-bolivia-sera-epicentro-de-inovacao-educacional-no-fiie-unifranz-2025\/","title":{"rendered":"Educa\u00e7\u00e3o que transforma: Bol\u00edvia ser\u00e1 epicentro de inova\u00e7\u00e3o educacional no FIIE Unifranz 2025"},"content":{"rendered":"<p>Em um momento hist\u00f3rico, em que educar para a vida j\u00e1 n\u00e3o \u00e9 apenas um slogan inspirador, mas uma responsabilidade \u00e9tica inadi\u00e1vel, l\u00edderes acad\u00eamicos, especialistas nacionais e internacionais, representantes de organiza\u00e7\u00f5es multilaterais e jovens que est\u00e3o mudando o mundo se preparam para serem protagonistas do \u201cVI F\u00f3rum Internacional de Inova\u00e7\u00e3o Educacional: Educa\u00e7\u00e3o para a Sustentabilidade\u201d (FIIE Unifranz 2025), que ser\u00e1 realizado nos dias 3 e 4 de julho em Santa Cruz de la Sierra. Este ano, o evento se projeta como um espa\u00e7o vital para imaginar, construir e se comprometer com uma educa\u00e7\u00e3o transformadora, \u00e9tica e sustent\u00e1vel.<\/p>\n\n\n\n<p>Inspirado na proposta da Organiza\u00e7\u00e3o das Na\u00e7\u00f5es Unidas para a Educa\u00e7\u00e3o, a Ci\u00eancia e a Cultura (Unesco) de um novo contrato social para a educa\u00e7\u00e3o, o FIIE Unifranz 2025 prop\u00f5e uma transforma\u00e7\u00e3o profunda, em que o conhecimento \u00e9 colocado a servi\u00e7o da equidade, da sustentabilidade e da dignidade humana.<\/p>\n\n\n\n<p>\u00abA educa\u00e7\u00e3o para a sustentabilidade n\u00e3o \u00e9 mais uma utopia futura, mas uma urg\u00eancia atual. Diante das mudan\u00e7as clim\u00e1ticas, das tecnologias emergentes e de uma profunda crise de significado, educar para a vida n\u00e3o se torna apenas um slogan, mas uma responsabilidade \u00e9tica\u00bb, diz Ver\u00f3nica \u00c1greda, reitora nacional da Universidade Franz Tamayo, Unifranz, principal organizadora do evento internacional.<\/p>\n\n\n\n<h2 class=\"wp-block-heading\"><strong>Uma plataforma de articula\u00e7\u00e3o<\/strong><\/h2>\n\n\n\n<p>O FIIE Unifranz 2025 se tornar\u00e1 uma plataforma viva de articula\u00e7\u00e3o entre atores que lideram a transforma\u00e7\u00e3o educacional na regi\u00e3o e no mundo, como o Instituto Internacional de Educa\u00e7\u00e3o Superior da UNESCO para a Am\u00e9rica Latina e o Caribe (IESALC-UNESCO); a Comiss\u00e3o Econ\u00f4mica para a Am\u00e9rica Latina e o Caribe (CEPAL); a Siemens Stiftung; Harvard Graduate School of Education, o Sistema de Acredita\u00e7\u00e3o da Costa Rica (SINAES), o Conselho de Garantia de Qualidade da Educa\u00e7\u00e3o Superior do Equador (CACES), o Instituto Tecnol\u00f3gico de Monterrey, a Rede de Reitores para a Sustentabilidade da UNESCO, a Organiza\u00e7\u00e3o Universit\u00e1ria Interamericana (OUI) e a Rede de Administradores Universit\u00e1rios (RAUI Am\u00e9rica).<\/p>\n\n\n\n<p>Tamb\u00e9m participar\u00e3o: C\u00e9sar Bona, finalista do Global Teacher Price e autor de Escolas que Mudam o Mundo, Educa\u00e7\u00e3o Humanizadora e Educa\u00e7\u00e3o Sustent\u00e1vel; representantes dos Minist\u00e9rios da Educa\u00e7\u00e3o da regi\u00e3o e do pa\u00eds, da Associa\u00e7\u00e3o Nacional de Universidades Privadas da Bol\u00edvia (ANUP) e do Comit\u00ea Executivo da Universidade Boliviana (CEUB).<\/p>\n\n\n\n<p>Cada um deles, com uma vis\u00e3o l\u00facida e profunda, fornecer\u00e1 chaves para repensar o papel da educa\u00e7\u00e3o em um mundo convulsionado pela crise clim\u00e1tica, desigualdade, automa\u00e7\u00e3o e conflitos sociopol\u00edticos.<\/p>\n\n\n\n<p>Para Francesc Pedr\u00f3, diretor do Instituto Internacional de Educa\u00e7\u00e3o Superior da UNESCO na Am\u00e9rica Latina e no Caribe (IESALC) e um dos palestrantes do encontro, o FIIE Unifranz 2025 est\u00e1 se consolidando como um espa\u00e7o acad\u00eamico de refer\u00eancia que re\u00fane toda a regi\u00e3o para refletir sobre a educa\u00e7\u00e3o com foco na sustentabilidade.<\/p>\n\n\n\n<p>\u201cSa\u00fado muito essa atividade que est\u00e1 sendo realizada pela pr\u00f3pria universidade, com o objetivo de consolidar uma agenda que, hoje mais do que nunca, \u00e9 necess\u00e1ria (\u2026). N\u00e3o faria sentido apostar na sustentabilidade se por tr\u00e1s de n\u00f3s n\u00e3o houvesse um sistema de valores fortemente ancorado nas humanidades ou em nosso apre\u00e7o pela cria\u00e7\u00e3o humana\u201d, disse ele durante a coletiva de imprensa de lan\u00e7amento do f\u00f3rum internacional.<\/p>\n\n\n\n<p>O especialista expressou sua expectativa de que esta nova edi\u00e7\u00e3o do FIIE tamb\u00e9m seja uma oportunidade para mostrar iniciativas inovadoras que est\u00e3o sendo desenvolvidas na regi\u00e3o e que, em suas palavras, \u201ctentam, precisamente, combinar nosso firme compromisso com a ci\u00eancia e a tecnologia com nosso compromisso com a sustentabilidade\u201d.<\/p>\n\n\n\n<p>Al\u00e9m disso, Javier Medina, especialista da Comiss\u00e3o Econ\u00f4mica para a Am\u00e9rica Latina e o Caribe (CEPAL), apresentar\u00e1 uma an\u00e1lise detalhada de como as pol\u00edticas p\u00fablicas em educa\u00e7\u00e3o t\u00eam um impacto direto no desenvolvimento produtivo sustent\u00e1vel. Sua interven\u00e7\u00e3o no FIIE Unifranz 2025 buscar\u00e1 destacar a necessidade de alinhar a forma\u00e7\u00e3o educacional com as demandas do ambiente econ\u00f4mico, promovendo uma transforma\u00e7\u00e3o estrutural que priorize a inova\u00e7\u00e3o, a equidade e a sustentabilidade de longo prazo.<\/p>\n\n\n\n<figure class=\"wp-block-embed is-type-video is-provider-youtube wp-block-embed-youtube wp-embed-aspect-16-9 wp-has-aspect-ratio\"><div class=\"wp-block-embed__wrapper\">\n<iframe loading=\"lazy\" title=\"Educaci\u00f3n que transforma: Bolivia ser\u00e1 epicentro de la innovaci\u00f3n educativa en el FIIE Unifranz 2025\" width=\"500\" height=\"281\" src=\"https:\/\/www.youtube.com\/embed\/PV-M2TJKp5c?feature=oembed\" frameborder=\"0\" allow=\"accelerometer; autoplay; clipboard-write; encrypted-media; gyroscope; picture-in-picture; web-share\" referrerpolicy=\"strict-origin-when-cross-origin\" allowfullscreen><\/iframe>\n<\/div><\/figure>\n\n\n\n<h2 class=\"wp-block-heading\"><strong>Educa\u00e7\u00e3o STEM+<\/strong><\/h2>\n\n\n\n<p>Com o apoio da Siemens Stiftung, do Governo de Santa Cruz, da Funda\u00e7\u00e3o Sim\u00f3n I. Pati\u00f1o e da Funda\u00e7\u00e3o San Agust\u00edn, o f\u00f3rum ser\u00e1 o palco para consolidar Santa Cruz como um Territ\u00f3rio STEAM+. Pati\u00f1o e a Funda\u00e7\u00e3o San Agust\u00edn, o f\u00f3rum ser\u00e1 o palco para consolidar Santa Cruz como um Territ\u00f3rio STEAM+, uma proposta inovadora que busca integrar ci\u00eancia, arte, tecnologia e prop\u00f3sito social em uma abordagem educacional transformadora.<\/p>\n\n\n\n<p>\u201cQueremos forjar uma cidadania ativa, emp\u00e1tica e resiliente, capaz de enfrentar os grandes desafios locais e globais\u201d, disse Ulrike Wahl, representante para a Am\u00e9rica Latina da Siemens Stiftung, a respeito da declara\u00e7\u00e3o de Santa Cruz como um territ\u00f3rio STEAM+.<\/p>\n\n\n\n<p>Por fim, o f\u00f3rum incluir\u00e1 um painel com candidatos \u00e0 presid\u00eancia, que discutir\u00e3o o futuro da educa\u00e7\u00e3o na Bol\u00edvia at\u00e9 2030.<\/p>\n\n\n\n<p>O FIIE Unifranz 2025 est\u00e1 se configurando como uma verdadeira incubadora de ideias com impacto real, onde convergem perspectivas acad\u00eamicas, cient\u00edficas, pol\u00edticas e cidad\u00e3s. Mais do que um evento, ele representa um chamado urgente para educar com prop\u00f3sito, \u00e9tica e esperan\u00e7a. Em um mundo em constante transforma\u00e7\u00e3o, n\u00e3o basta formar profissionais eficientes; precisamos de seres humanos conscientes e colaborativos, capazes de imaginar novas formas de habitar e cuidar deste planeta.<\/p>\n\n\n\n<p>Por isso, os eixos tem\u00e1ticos do f\u00f3rum s\u00e3o t\u00e3o claros quanto estrat\u00e9gicos: pol\u00edticas p\u00fablicas educacionais transformadoras; inova\u00e7\u00e3o educacional e tecnologias emergentes (como intelig\u00eancia artificial e EdTech); redes acad\u00eamicas e alian\u00e7as para coopera\u00e7\u00e3o; e habilidades para o s\u00e9culo XXI ligadas \u00e0 empregabilidade. Cada um desses eixos se baseia em um diagn\u00f3stico profundo e aponta para um pacto de regenera\u00e7\u00e3o: uma educa\u00e7\u00e3o centrada na vida, que cura, conecta, transforma e semeia o futuro; um seleto grupo de palestrantes inspiradores e eixos tem\u00e1ticos formam o cen\u00e1rio ideal para reflex\u00e3o e a\u00e7\u00e3o. Essa experi\u00eancia \u00fanica o convida a fazer parte da mudan\u00e7a e a se inscrever no f\u00f3rum por meio do seguinte link: https:\/\/foro.unifranz.edu.bo. <\/p>","protected":false},"excerpt":{"rendered":"<p>Em um momento hist\u00f3rico, em que educar para a vida j\u00e1 n\u00e3o \u00e9 apenas um slogan inspirador, mas uma responsabilidade \u00e9tica inadi\u00e1vel, l\u00edderes acad\u00eamicos, especialistas nacionais e internacionais, representantes de organiza\u00e7\u00f5es multilaterais e jovens que est\u00e3o mudando o mundo se preparam para serem protagonistas do \u201cVI F\u00f3rum Internacional de Inova\u00e7\u00e3o Educacional: Educa\u00e7\u00e3o para a Sustentabilidade\u201d (FIIE Unifranz 2025), que ser\u00e1 realizado nos dias 3 e 4 de julho em Santa Cruz de la Sierra.<\/p>","protected":false},"author":45,"featured_media":705921,"comment_status":"open","ping_status":"open","sticky":false,"template":"","format":"standard","meta":{"_acf_changed":false,"footnotes":""},"categories":[60,1922],"tags":[53,1422,374,242,11127],"class_list":["post-705945","post","type-post","status-publish","format-standard","has-post-thumbnail","hentry","category-blog","category-foro","tag-educacion","tag-innovacion-en-educacion","tag-unesco","tag-unifranz","tag-vi-forum-internacional-de-inovacao-educacional-educacao-para-a-sustentabilidade"],"acf":[],"_links":{"self":[{"href":"https:\/\/unifranz.edu.bo\/pt\/wp-json\/wp\/v2\/posts\/705945","targetHints":{"allow":["GET"]}}],"collection":[{"href":"https:\/\/unifranz.edu.bo\/pt\/wp-json\/wp\/v2\/posts"}],"about":[{"href":"https:\/\/unifranz.edu.bo\/pt\/wp-json\/wp\/v2\/types\/post"}],"author":[{"embeddable":true,"href":"https:\/\/unifranz.edu.bo\/pt\/wp-json\/wp\/v2\/users\/45"}],"replies":[{"embeddable":true,"href":"https:\/\/unifranz.edu.bo\/pt\/wp-json\/wp\/v2\/comments?post=705945"}],"version-history":[{"count":1,"href":"https:\/\/unifranz.edu.bo\/pt\/wp-json\/wp\/v2\/posts\/705945\/revisions"}],"predecessor-version":[{"id":705946,"href":"https:\/\/unifranz.edu.bo\/pt\/wp-json\/wp\/v2\/posts\/705945\/revisions\/705946"}],"wp:featuredmedia":[{"embeddable":true,"href":"https:\/\/unifranz.edu.bo\/pt\/wp-json\/wp\/v2\/media\/705921"}],"wp:attachment":[{"href":"https:\/\/unifranz.edu.bo\/pt\/wp-json\/wp\/v2\/media?parent=705945"}],"wp:term":[{"taxonomy":"category","embeddable":true,"href":"https:\/\/unifranz.edu.bo\/pt\/wp-json\/wp\/v2\/categories?post=705945"},{"taxonomy":"post_tag","embeddable":true,"href":"https:\/\/unifranz.edu.bo\/pt\/wp-json\/wp\/v2\/tags?post=705945"}],"curies":[{"name":"wp","href":"https:\/\/api.w.org\/{rel}","templated":true}]}}