{"id":705927,"date":"2025-06-20T19:42:52","date_gmt":"2025-06-20T23:42:52","guid":{"rendered":"https:\/\/unifranz.edu.bo\/?p=705927"},"modified":"2025-06-20T20:07:38","modified_gmt":"2025-06-21T00:07:38","slug":"santa-cruz-define-a-sus-finalistas-emocion-y-talento-marcan-el-primer-dia-del-torneo-de-padel","status":"publish","type":"post","link":"https:\/\/unifranz.edu.bo\/pt\/blog\/santa-cruz-define-a-sus-finalistas-emocion-y-talento-marcan-el-primer-dia-del-torneo-de-padel\/","title":{"rendered":"Santa Cruz define a sus finalistas: emoci\u00f3n y talento marcan el primer d\u00eda del Torneo de P\u00e1del"},"content":{"rendered":"<p>El Torneo Intercolegial de P\u00e1del Copa Unifranz 2025 arranc\u00f3 con fuerza este viernes en <strong>Santa Cruz<\/strong>, reuniendo a 24 duplas de j\u00f3venes apasionados por el deporte. La competencia, que se ha consolidado como uno de los eventos escolares m\u00e1s esperados del a\u00f1o, ya defini\u00f3 a los ocho equipos que avanzan a los cuartos de final, y que este s\u00e1bado se enfrentar\u00e1n en una final regional para definir a los representantes cruce\u00f1os en la gran final nacional en Cochabamba, el pr\u00f3ximo 28 de junio.<\/p>\n\n\n\n<blockquote class=\"wp-block-quote is-layout-flow wp-block-quote-is-layout-flow\">\n<p>\u201cEl Torneo Intercolegial de P\u00e1del se ha convertido en un escenario para fortalecer las habilidades blandas de los j\u00f3venes y tambi\u00e9n, una oportunidad para mostrar su talento en deporte. La competencia, adem\u00e1s de promover la actividad f\u00edsica, fomenta valores como el trabajo en equipo, la perseverancia y el liderazgo juvenil\u201d, destac\u00f3 Carola Miranda, directora de Marketing y Admisiones de Unifranz Santa Cruz.<\/p>\n<\/blockquote>\n\n\n\n<p>Sebasti\u00e1n Antezana, entrenador y coach del torneo, resalt\u00f3 la energ\u00eda con la que los participantes encararon la jornada inaugural. \u201cEl primer d\u00eda del torneo se vivi\u00f3 con mucha emoci\u00f3n y energ\u00eda por parte de los chicos. Pudimos disfrutar del talento y potencial de los j\u00f3venes que, con mucha adrenalina y entusiasmo, luchan por el pase directo a la gran final que se disputar\u00e1 en Cochabamba\u201d.<\/p>\n\n\n\n<figure class=\"wp-block-image size-large\"><img loading=\"lazy\" decoding=\"async\" width=\"1024\" height=\"576\" src=\"https:\/\/unifranz.edu.bo\/wp-content\/uploads\/2025\/06\/IMG_6009-1024x576.jpg\" alt=\"\" class=\"wp-image-705930\" srcset=\"https:\/\/unifranz.edu.bo\/wp-content\/uploads\/2025\/06\/IMG_6009-1024x576.jpg 1024w, https:\/\/unifranz.edu.bo\/wp-content\/uploads\/2025\/06\/IMG_6009-300x169.jpg 300w, https:\/\/unifranz.edu.bo\/wp-content\/uploads\/2025\/06\/IMG_6009-768x432.jpg 768w, https:\/\/unifranz.edu.bo\/wp-content\/uploads\/2025\/06\/IMG_6009-18x10.jpg 18w, https:\/\/unifranz.edu.bo\/wp-content\/uploads\/2025\/06\/IMG_6009.JPG 1080w\" sizes=\"auto, (max-width: 1024px) 100vw, 1024px\" \/><\/figure>\n\n\n\n<p>El Torneo Intercolegial de P\u00e1del Copa Unifranz 2025 se disputa simult\u00e1neamente en las ciudades de La Paz, Cochabamba y Santa Cruz, donde los mejores equipos escolares luchan por llegar a la gran final nacional. Esta iniciativa de Unifranz apuesta por el deporte como herramienta de formaci\u00f3n integral en la juventud, promoviendo una vida saludable, disciplina y compromiso.<\/p>\n\n\n\n<blockquote class=\"wp-block-quote is-layout-flow wp-block-quote-is-layout-flow\">\n<p>Entre los clasificados se encuentra el <strong><em>Colegio Franco Boliviano<\/em><\/strong>, campe\u00f3n de las ediciones 2023 y 2024, que vuelve a posicionarse como uno de los favoritos del torneo. Jos\u00e9 Pedro Simon, uno de sus representantes, mencion\u00f3 con orgullo: \u201cLa competencia est\u00e1 bien disputada, con bastante nivel de todos los participantes, pero nos sentimos orgullosos de continuar con el legado de nuestro colegio. Es una gran responsabilidad, pero tambi\u00e9n un honor representar al Franco\u201d.<\/p>\n<\/blockquote>\n\n\n\n<p>Su dupla, Nicol\u00e1s Castedo, vive la emoci\u00f3n de su primera participaci\u00f3n en este torneo. \u201cPrimera vez que participo del torneo y me siento feliz de haber clasificado a los cuartos de final. Ingresamos al grupo de los mejores ocho y estamos m\u00e1s cerca de la final regional, quiere decir que podemos ser los pr\u00f3ximos en representar a Santa Cruz en la final nacional\u201d.<\/p>\n\n\n\n<p>Los equipos clasificados a la fase de cuartos de final pertenecen a los colegios Franco Boliviano, British Bolivian School (dos duplas), Saint Francis, Isabel Saavedra, Saint George, San Agust\u00edn y Santa Cruz Cooperative School, quienes demostraron un alto nivel competitivo desde el primer partido.<\/p>\n\n\n\n<p>Este s\u00e1bado se vivir\u00e1 una jornada decisiva en Santa Cruz, donde solo una dupla lograr\u00e1 el tan ansiado pase a la final nacional. El camino hacia la gloria contin\u00faa y la emoci\u00f3n est\u00e1 asegurada.<\/p>\n\n\n\n<figure class=\"wp-block-image size-large\"><img loading=\"lazy\" decoding=\"async\" width=\"1024\" height=\"576\" src=\"https:\/\/unifranz.edu.bo\/wp-content\/uploads\/2025\/06\/IMG_5978-1024x576.jpg\" alt=\"\" class=\"wp-image-705931\" srcset=\"https:\/\/unifranz.edu.bo\/wp-content\/uploads\/2025\/06\/IMG_5978-1024x576.jpg 1024w, https:\/\/unifranz.edu.bo\/wp-content\/uploads\/2025\/06\/IMG_5978-300x169.jpg 300w, https:\/\/unifranz.edu.bo\/wp-content\/uploads\/2025\/06\/IMG_5978-768x432.jpg 768w, https:\/\/unifranz.edu.bo\/wp-content\/uploads\/2025\/06\/IMG_5978-18x10.jpg 18w, https:\/\/unifranz.edu.bo\/wp-content\/uploads\/2025\/06\/IMG_5978.JPG 1080w\" sizes=\"auto, (max-width: 1024px) 100vw, 1024px\" \/><\/figure>","protected":false},"excerpt":{"rendered":"<p>El Torneo Intercolegial de P\u00e1del Copa Unifranz 2025 arranc\u00f3 con fuerza este viernes en Santa Cruz, reuniendo a 24 duplas de j\u00f3venes apasionados por el deporte. La competencia, que se ha consolidado como uno de los eventos escolares m\u00e1s esperados del a\u00f1o, ya defini\u00f3 a los ocho equipos que avanzan a los cuartos de final, &hellip; <a href=\"https:\/\/unifranz.edu.bo\/pt\/blog\/santa-cruz-define-a-sus-finalistas-emocion-y-talento-marcan-el-primer-dia-del-torneo-de-padel\/\">Continued<\/a><\/p>","protected":false},"author":33,"featured_media":705928,"comment_status":"open","ping_status":"open","sticky":false,"template":"","format":"standard","meta":{"_acf_changed":false,"footnotes":""},"categories":[2576,60,6743,274,9370],"tags":[],"class_list":["post-705927","post","type-post","status-publish","format-standard","has-post-thumbnail","hentry","category-unifranz-santa-cruz","category-blog","category-padel-es","category-santa-cruz","category-torneo-intercolegial-de-padel"],"acf":[],"_links":{"self":[{"href":"https:\/\/unifranz.edu.bo\/pt\/wp-json\/wp\/v2\/posts\/705927","targetHints":{"allow":["GET"]}}],"collection":[{"href":"https:\/\/unifranz.edu.bo\/pt\/wp-json\/wp\/v2\/posts"}],"about":[{"href":"https:\/\/unifranz.edu.bo\/pt\/wp-json\/wp\/v2\/types\/post"}],"author":[{"embeddable":true,"href":"https:\/\/unifranz.edu.bo\/pt\/wp-json\/wp\/v2\/users\/33"}],"replies":[{"embeddable":true,"href":"https:\/\/unifranz.edu.bo\/pt\/wp-json\/wp\/v2\/comments?post=705927"}],"version-history":[{"count":2,"href":"https:\/\/unifranz.edu.bo\/pt\/wp-json\/wp\/v2\/posts\/705927\/revisions"}],"predecessor-version":[{"id":705934,"href":"https:\/\/unifranz.edu.bo\/pt\/wp-json\/wp\/v2\/posts\/705927\/revisions\/705934"}],"wp:featuredmedia":[{"embeddable":true,"href":"https:\/\/unifranz.edu.bo\/pt\/wp-json\/wp\/v2\/media\/705928"}],"wp:attachment":[{"href":"https:\/\/unifranz.edu.bo\/pt\/wp-json\/wp\/v2\/media?parent=705927"}],"wp:term":[{"taxonomy":"category","embeddable":true,"href":"https:\/\/unifranz.edu.bo\/pt\/wp-json\/wp\/v2\/categories?post=705927"},{"taxonomy":"post_tag","embeddable":true,"href":"https:\/\/unifranz.edu.bo\/pt\/wp-json\/wp\/v2\/tags?post=705927"}],"curies":[{"name":"wp","href":"https:\/\/api.w.org\/{rel}","templated":true}]}}