{"id":705919,"date":"2025-06-20T16:36:12","date_gmt":"2025-06-20T20:36:12","guid":{"rendered":"https:\/\/unifranz.edu.bo\/?p=705919"},"modified":"2025-06-20T22:10:12","modified_gmt":"2025-06-21T02:10:12","slug":"educacion-que-transforma-bolivia-sera-epicentro-de-la-innovacion-educativa-en-el-fiie-unifranz-2025","status":"publish","type":"post","link":"https:\/\/unifranz.edu.bo\/pt\/blog\/educacion-que-transforma-bolivia-sera-epicentro-de-la-innovacion-educativa-en-el-fiie-unifranz-2025\/","title":{"rendered":"Educaci\u00f3n que transforma: Bolivia ser\u00e1 epicentro de la innovaci\u00f3n educativa en el FIIE Unifranz 2025"},"content":{"rendered":"<p>En un momento hist\u00f3rico, donde educar para la vida ya no es solo una consigna inspiradora, sino una responsabilidad \u00e9tica impostergable, l\u00edderes acad\u00e9micos, expertos nacionales e internacionales, representantes de organismos multilaterales y j\u00f3venes que est\u00e1n cambiando el mundo se preparan para ser protagonistas del \u201cVI Foro Internacional de Innovaci\u00f3n Educativa: Educaci\u00f3n para la sostenibilidad\u201d (FIIE Unifranz 2025), que se celebrar\u00e1 el 3 y 4 de julio en Santa Cruz de la Sierra. Este a\u00f1o, el evento se proyecta como un espacio vital para imaginar, construir y comprometerse con una educaci\u00f3n transformadora, \u00e9tica y sostenible.<\/p>\n\n\n\n<p>Inspirado en la propuesta de la Organizaci\u00f3n de las Naciones Unidas para la Educaci\u00f3n, la Ciencia y la Cultura (Unesco) de un nuevo contrato social por la educaci\u00f3n, el FIIE Unifranz 2025 propone una transformaci\u00f3n profunda, donde el conocimiento se ponga al servicio de la equidad, la sostenibilidad y la dignidad humana.<\/p>\n\n\n\n<p>\u201cLa educaci\u00f3n para la sostenibilidad ya no es una utop\u00eda futura, sino una urgencia presente. Ante el cambio clim\u00e1tico, las tecnolog\u00edas emergentes y una profunda crisis de sentido, educar para la vida no solo se vuelve una consigna, sino una responsabilidad \u00e9tica\u201d, destaca Ver\u00f3nica \u00c1greda, rectora nacional de la Universidad Franz Tamayo, Unifranz, principal organizadora del evento internacional.<\/p>\n\n\n\n<p><strong>Una plataforma de articulaci\u00f3n<\/strong><\/p>\n\n\n\n<p>El FIIE Unifranz 2025 se convertir\u00e1 en una plataforma viva de articulaci\u00f3n entre actores que lideran la transformaci\u00f3n educativa en la regi\u00f3n y el mundo, como el Instituto Internacional de la Unesco para la Educaci\u00f3n Superior en Am\u00e9rica Latina y el Caribe (IESALC-UNESCO); Comisi\u00f3n Econ\u00f3mica para Am\u00e9rica Latina y el Caribe (CEPAL); Siemens Stiftung; Harvard Graduate School of Education, el Sistema de Acreditaci\u00f3n de Costa Rica (SINAES), el Consejo de Aseguramiento de la Calidad de la Educaci\u00f3n Superior de Ecuador (CACES), el Instituto Tecnol\u00f3gico de Monterrey, la Red de Rectoras y Rectores por la Sostenibilidad de la UNESCO, la Organizaci\u00f3n Universitaria Interamericana (OUI) y la Red de Administradores Universitarios (RAUI Am\u00e9rica).<\/p>\n\n\n\n<p>Tambi\u00e9n participar\u00e1n: C\u00e9sar Bona, finalista al Global Teacher Price y autor de <em>Las escuelas que cambian el mundo<\/em>, <em>Humanizar la Educaci\u00f3n<\/em> y <em>Educaci\u00f3n Sostenible<\/em>; los representantes de los ministerios de Educaci\u00f3n de la regi\u00f3n y del pa\u00eds, la Asociaci\u00f3n Nacional de Universidades Privadas de Bolivia (ANUP) y el Comit\u00e9 Ejecutivo de la Universidad Boliviana (CEUB).<\/p>\n\n\n\n<p>Cada uno de ellos, con una mirada l\u00facida y profunda, aportar\u00e1 claves para repensar el rol de la educaci\u00f3n en un mundo convulsionado por la crisis clim\u00e1tica, la desigualdad, la automatizaci\u00f3n y los conflictos sociopol\u00edticos.<\/p>\n\n\n\n<p>Para Francesc Pedr\u00f3, director del Instituto Internacional para la Educaci\u00f3n Superior en Am\u00e9rica Latina y el Caribe (IESALC) de la UNESCO y uno de los conferencistas del encuentro, el FIIE Unifranz 2025 se consolida como un espacio acad\u00e9mico de referencia que convoca a toda la regi\u00f3n a reflexionar sobre una educaci\u00f3n con enfoque en sostenibilidad.<\/p>\n\n\n\n<p>\u201cCelebro enormemente esta actividad que se realiza desde la propia universidad, con el objetivo de consolidar una agenda que, hoy m\u00e1s que nunca, es necesaria (\u2026). No tendr\u00eda ning\u00fan sentido apostar por la sostenibilidad si detr\u00e1s de nosotros no hubiera un sistema de valores fuertemente anclado en las humanidades o en nuestro aprecio por la creaci\u00f3n humana\u201d, afirm\u00f3 durante la conferencia de prensa de lanzamiento del foro internacional.<\/p>\n\n\n\n<p>El experto expres\u00f3 su expectativa en que esta nueva edici\u00f3n del FIIE sea tambi\u00e9n una oportunidad para visibilizar iniciativas innovadoras que se est\u00e1n gestando en la regi\u00f3n y que, seg\u00fan sus palabras, \u201cintentan, precisamente, aunar nuestra apuesta decidida por la ciencia y la tecnolog\u00eda con nuestro compromiso por la sostenibilidad\u201d.<\/p>\n\n\n\n<p>Por otra parte, Javier Medina, experto de la Comisi\u00f3n Econ\u00f3mica para Am\u00e9rica Latina y el Caribe (CEPAL), brindar\u00e1 un an\u00e1lisis detallado sobre c\u00f3mo las pol\u00edticas p\u00fablicas en educaci\u00f3n inciden directamente en el desarrollo productivo sostenible. Su intervenci\u00f3n en el FIIE Unifranz 2025 buscar\u00e1 evidenciar la necesidad de alinear la formaci\u00f3n educativa con las demandas del entorno econ\u00f3mico, promoviendo una transformaci\u00f3n estructural que priorice la innovaci\u00f3n, la equidad y la sostenibilidad a largo plazo.<\/p>\n\n\n\n<figure class=\"wp-block-embed is-type-video is-provider-youtube wp-block-embed-youtube wp-embed-aspect-16-9 wp-has-aspect-ratio\"><div class=\"wp-block-embed__wrapper\">\n<iframe loading=\"lazy\" title=\"Educaci\u00f3n que transforma: Bolivia ser\u00e1 epicentro de la innovaci\u00f3n educativa en el FIIE Unifranz 2025\" width=\"500\" height=\"281\" src=\"https:\/\/www.youtube.com\/embed\/PV-M2TJKp5c?feature=oembed\" frameborder=\"0\" allow=\"accelerometer; autoplay; clipboard-write; encrypted-media; gyroscope; picture-in-picture; web-share\" referrerpolicy=\"strict-origin-when-cross-origin\" allowfullscreen><\/iframe>\n<\/div><\/figure>\n\n\n\n<p><strong>Educaci\u00f3n STEM+<\/strong><\/p>\n\n\n\n<p>Con el apoyo de Siemens Stiftung, la Gobernaci\u00f3n de Santa Cruz, la Fundaci\u00f3n Sim\u00f3n I. Pati\u00f1o y la Fundaci\u00f3n San Agust\u00edn, el foro ser\u00e1 el escenario para consolidar a Santa Cruz como Territorio STEAM+, una propuesta innovadora que busca integrar la ciencia, el arte, la tecnolog\u00eda y el prop\u00f3sito social en un enfoque educativo transformador.<\/p>\n\n\n\n<p>\u201cQueremos forjar una ciudadan\u00eda activa, emp\u00e1tica y resiliente, capaz de atender los grandes retos locales y globales\u201d, afirm\u00f3 Ulrike Wahl, representante para Am\u00e9rica Latina de Siemens Stiftung, a prop\u00f3sito de la declaratoria de Santa Cruz como territorio STEAM+.<\/p>\n\n\n\n<p>Finalmente, el foro incluir\u00e1 un panel con candidatos presidenciales, quienes debatir\u00e1n el futuro de la educaci\u00f3n en Bolivia hacia el 2030.<\/p>\n\n\n\n<p>El FIIE Unifranz 2025 se perfila como una aut\u00e9ntica incubadora de ideas con impacto real, donde convergen miradas acad\u00e9micas, cient\u00edficas, pol\u00edticas y ciudadanas. M\u00e1s que un evento, representa una convocatoria urgente a educar con prop\u00f3sito, con \u00e9tica y con esperanza. En un mundo en constante transformaci\u00f3n, no basta con formar profesionales eficientes; se necesitan seres humanos conscientes, colaborativos y capaces de imaginar nuevas formas de habitar y cuidar este planeta.<\/p>\n\n\n\n<p>De ah\u00ed que los ejes tem\u00e1ticos del foro son tan claros como estrat\u00e9gicos: pol\u00edticas p\u00fablicas educativas transformadoras; innovaci\u00f3n educativa y tecnolog\u00edas emergentes (como la inteligencia artificial y las EdTech); redes acad\u00e9micas y alianzas para la cooperaci\u00f3n; y competencias para el siglo XXI vinculadas a la empleabilidad. Cada uno de estos ejes parte de un diagn\u00f3stico profundo y apunta hacia un pacto de regeneraci\u00f3n: una educaci\u00f3n centrada en la vida, que cura, conecta, transforma y siembra el futuro.Un selecto grupo de speakers y ejes tem\u00e1ticos inspiradores conforman el escenario ideal para la reflexi\u00f3n y la acci\u00f3n. Esta experiencia \u00fanica invita a ser parte del cambio y a inscribirse en el foro a trav\u00e9s del siguiente enlace:<a href=\"https:\/\/foro.unifranz.edu.bo\/\"> https:\/\/foro.unifranz.edu.bo<\/a>.<\/p>","protected":false},"excerpt":{"rendered":"<p>En un momento hist\u00f3rico, donde educar para la vida ya no es solo una consigna inspiradora, sino una responsabilidad \u00e9tica impostergable, l\u00edderes acad\u00e9micos, expertos nacionales e internacionales, representantes de organismos multilaterales y j\u00f3venes que est\u00e1n cambiando el mundo se preparan para ser protagonistas del \u201cVI Foro Internacional de Innovaci\u00f3n Educativa: Educaci\u00f3n para la sostenibilidad\u201d (FIIE Unifranz 2025), que se celebrar\u00e1 el 3 y 4 de julio en Santa Cruz de la Sierra<\/p>","protected":false},"author":50,"featured_media":705921,"comment_status":"open","ping_status":"open","sticky":false,"template":"","format":"standard","meta":{"_acf_changed":false,"footnotes":""},"categories":[60,11010],"tags":[8228,53,11018,1422,374,242,11126],"class_list":["post-705919","post","type-post","status-publish","format-standard","has-post-thumbnail","hentry","category-blog","category-foro-internacional-de-innovacion-educativa","tag-cepal","tag-educacion","tag-fiie-unifranz-2025","tag-innovacion-en-educacion","tag-unesco","tag-unifranz","tag-vi-foro-internacional-de-innovacion-educativa-educacion-para-la-sostenibilidad"],"acf":[],"_links":{"self":[{"href":"https:\/\/unifranz.edu.bo\/pt\/wp-json\/wp\/v2\/posts\/705919","targetHints":{"allow":["GET"]}}],"collection":[{"href":"https:\/\/unifranz.edu.bo\/pt\/wp-json\/wp\/v2\/posts"}],"about":[{"href":"https:\/\/unifranz.edu.bo\/pt\/wp-json\/wp\/v2\/types\/post"}],"author":[{"embeddable":true,"href":"https:\/\/unifranz.edu.bo\/pt\/wp-json\/wp\/v2\/users\/50"}],"replies":[{"embeddable":true,"href":"https:\/\/unifranz.edu.bo\/pt\/wp-json\/wp\/v2\/comments?post=705919"}],"version-history":[{"count":2,"href":"https:\/\/unifranz.edu.bo\/pt\/wp-json\/wp\/v2\/posts\/705919\/revisions"}],"predecessor-version":[{"id":705944,"href":"https:\/\/unifranz.edu.bo\/pt\/wp-json\/wp\/v2\/posts\/705919\/revisions\/705944"}],"wp:featuredmedia":[{"embeddable":true,"href":"https:\/\/unifranz.edu.bo\/pt\/wp-json\/wp\/v2\/media\/705921"}],"wp:attachment":[{"href":"https:\/\/unifranz.edu.bo\/pt\/wp-json\/wp\/v2\/media?parent=705919"}],"wp:term":[{"taxonomy":"category","embeddable":true,"href":"https:\/\/unifranz.edu.bo\/pt\/wp-json\/wp\/v2\/categories?post=705919"},{"taxonomy":"post_tag","embeddable":true,"href":"https:\/\/unifranz.edu.bo\/pt\/wp-json\/wp\/v2\/tags?post=705919"}],"curies":[{"name":"wp","href":"https:\/\/api.w.org\/{rel}","templated":true}]}}