{"id":705911,"date":"2025-06-20T14:12:51","date_gmt":"2025-06-20T18:12:51","guid":{"rendered":"https:\/\/unifranz.edu.bo\/?p=705911"},"modified":"2025-06-20T17:00:26","modified_gmt":"2025-06-20T21:00:26","slug":"empleabilidad-el-alto-unifranz","status":"publish","type":"post","link":"https:\/\/unifranz.edu.bo\/pt\/blog\/empleabilidad-el-alto-unifranz\/","title":{"rendered":"La Feria de Empleabilidad Unifranz acerc\u00f3 a mil j\u00f3venes al mundo laboral"},"content":{"rendered":"<p>Aproximadamente 1.000 asistentes, alrededor de 50 entrevistas laborales presenciales y cinco talleres especializados marcaron la IV Versi\u00f3n de la Feria de Empleabilidad de la <a href=\"https:\/\/unifranz.edu.bo\/\">Universidad Franz Tamayo, Unifranz <\/a>El Alto, consolidando el evento como un puente entre la academia y el mundo laboral.<\/p>\n\n\n\n<p><\/p>\n\n\n\n<p>Celebrada en el Sal\u00f3n de Convenciones Luxor, en el <a href=\"https:\/\/www.facebook.com\/groups\/266884298106456\/?locale=es_LA\" target=\"_blank\" rel=\"noopener\">CINEBOL<\/a> de El Alto, la feria reuni\u00f3 a medio centenar de empresas l\u00edderes en diversos rubros que tuvieron un nexo directo con estudiantes, egresados y titulados de diversas carreras. Como cada a\u00f1o, el evento tambi\u00e9n se convirti\u00f3 en una vitrina para emprendimientos y proyectos estudiantiles con impacto social, en l\u00ednea con la metodolog\u00eda de formaci\u00f3n \u201caprender haciendo\u201d de Unifranz.<\/p>\n\n\n\n<p><\/p>\n\n\n\n<p>Una de las principales novedades de esta edici\u00f3n fue la realizaci\u00f3n de entrevistas laborales presenciales, gestionadas por cuatro empresas que seleccionaron previamente los perfiles de los postulantes. <a href=\"https:\/\/soboce.com\/\" target=\"_blank\" rel=\"noopener\">Soboce<\/a>, <a href=\"https:\/\/promujer.org.bo\/es\/\" target=\"_blank\" rel=\"noopener\">Pro Mujer<\/a>, <a href=\"https:\/\/www.bmgroup.com.bo\/\" target=\"_blank\" rel=\"noopener\">BM Group<\/a> y <a href=\"https:\/\/nacionalseguros.com.bo\/\" target=\"_blank\" rel=\"noopener\">Nacional Seguros<\/a> llevaron a cabo cerca de 50 entrevistas durante la jornada, permitiendo que j\u00f3venes de Unifranz El Alto pudieran acercarse de manera directa a una oportunidad concreta de empleo o pasant\u00eda.<\/p>\n\n\n\n<p><\/p>\n\n\n\n<p>\u201cUna feria de empleabilidad como esta nos permite avanzar en nuestro prop\u00f3sito: una educaci\u00f3n transformadora que conecte al sector empresarial con el talento que formamos, listo para liderar en entornos complejos\u201d, destac\u00f3 la vicerrectora de Unifranz El Alto, Eve G\u00f3mez.<\/p>\n\n\n\n<p><\/p>\n\n\n\n<p>A\u00f1adi\u00f3 que, para responder a las necesidades del mercado laboral, es fundamental consolidar una alianza estrat\u00e9gica entre la academia y las empresas, ser socios formadores. \u201cNuestro talento est\u00e1 siendo entrevistado por distintas organizaciones con el objetivo de fortalecer sus equipos y, al mismo tiempo, mejorar la calidad de vida de nuestros profesionales\u201d.<\/p>\n\n\n\n<p><\/p>\n\n\n\n<h2 class=\"wp-block-heading\"><strong>Un espacio para el desarrollo integral<\/strong><\/h2>\n\n\n\n<p>La feria no solo se centr\u00f3 en la oferta laboral. En su cuarta versi\u00f3n, incluy\u00f3 en su programaci\u00f3n cinco talleres gratuitos que fortalecieron competencias esenciales en los estudiantes y nuevos profesionales.<\/p>\n\n\n\n<p><\/p>\n\n\n\n<p>Tem\u00e1ticas como la creatividad como motor de cambio (<a href=\"https:\/\/tucuate.com\/\" target=\"_blank\" rel=\"noopener\">StartUp Tu Cuate<\/a>), la adaptaci\u00f3n y liderazgo en entornos transformadores (<a href=\"https:\/\/www.linkedin.com\/in\/cainco-el-alto-433189208\/?originalSubdomain=bo\" target=\"_blank\" rel=\"noopener\">CAINCO El Alto<\/a>), la inteligencia emocional aplicada a la b\u00fasqueda de empleo (<a href=\"https:\/\/www.bancosol.com.bo\/\" target=\"_blank\" rel=\"noopener\">Banco Sol<\/a>), la reflexi\u00f3n sobre el s\u00edndrome de la impostora (<a href=\"https:\/\/www.bmgroup.com.bo\/\" target=\"_blank\" rel=\"noopener\">BM Group<\/a>) y las habilidades blandas m\u00e1s valoradas en la era digital (<a href=\"https:\/\/www.facebook.com\/GIRLSINSTARTUPS\/\" target=\"_blank\" rel=\"noopener\">Girls in Startups<\/a> y <a href=\"https:\/\/www.facebook.com\/RUJEBOLIVIA\/?locale=es_LA\" target=\"_blank\" rel=\"noopener\">RUJE Bolivia<\/a>).<\/p>\n\n\n\n<p><\/p>\n\n\n\n<p>De igual forma, el \u201caprender haciendo\u201d aplicado en Unifranz, lleg\u00f3 a la Feria plasmado en varios proyectos de impacto realizados por estudiantes de diversas carreras, que reflejan el potencial creativo de la juventud alte\u00f1a y su capacidad para generar soluciones tecnol\u00f3gicas con impacto.<\/p>\n\n\n\n<p><\/p>\n\n\n\n<p>Una pr\u00f3tesis de mano que imita movimientos activando una c\u00e1mara, una bebida efervescente para pacientes de diabetes, el redise\u00f1o de marca de las escuelas Manq\u2019a, entre otros, generaron una impresi\u00f3n muy positiva entre los asistentes, entre ellos, altos ejecutivos empresariales, que destacaron el impacto positivo de estas iniciativas en la sociedad. &nbsp;<\/p>\n\n\n\n<p><\/p>\n\n\n\n<p>La importancia de este espacio para su exposici\u00f3n, radica en la posibilidad de generar contactos para su implementaci\u00f3n o, en algunos casos, gesti\u00f3n de financiamiento para su puesta en el mercado.<\/p>\n\n\n\n<p><\/p>\n\n\n\n<h2 class=\"wp-block-heading\"><strong>Compromiso con el futuro laboral de El Alto<\/strong><\/h2>\n\n\n\n<p>Durante su discurso, la vicerrectora de Unifranz El Alto, reafirm\u00f3 el compromiso institucional \u201ccon una educaci\u00f3n transformadora que se extiende m\u00e1s all\u00e1 del aula hacia el trabajo digno, la innovaci\u00f3n y el liderazgo. Hoy m\u00e1s que nunca, necesitamos universidades abiertas al cambio, empresas visionarias y profesionales decididos a construir un pa\u00eds mejor\u201d, sostuvo.<\/p>\n\n\n\n<p><\/p>\n\n\n\n<p>Adem\u00e1s, destac\u00f3 que El Alto es una ciudad din\u00e1mica, llena de esfuerzo y determinaci\u00f3n. \u201cEn nuestros estudiantes hay compromiso, visi\u00f3n y creatividad. Iniciativas como esta feria son respuesta concreta a ese potencial, construyendo redes que impulsan trayectorias de vida, fortalecen instituciones y proyectan futuros con impacto\u201d.<\/p>\n\n\n\n<p><\/p>\n\n\n\n<p>La Feria de Empleabilidad de Unifranz se posiciona como un referente regional de conexi\u00f3n entre el talento emergente y el mundo profesional, contribuyendo a la construcci\u00f3n de trayectorias laborales s\u00f3lidas para miles de j\u00f3venes alte\u00f1os.<\/p>\n\n\n\n<p><\/p>\n\n\n\n<p>Con la mirada puesta en el 2025, la universidad ya proyecta una nueva edici\u00f3n que contin\u00fae fortaleciendo los lazos entre academia, empresa y sociedad, bajo una premisa clara: educar para transformar realidades.<\/p>\n\n\n\n<figure class=\"wp-block-embed is-type-video is-provider-youtube wp-block-embed-youtube wp-embed-aspect-16-9 wp-has-aspect-ratio\"><div class=\"wp-block-embed__wrapper\">\n<iframe loading=\"lazy\" title=\"IV FERIA DE EMPLEABILIDAD UNIFRANZ EN EL ALTO\" width=\"500\" height=\"281\" src=\"https:\/\/www.youtube.com\/embed\/u8gytrK1Kwk?feature=oembed\" frameborder=\"0\" allow=\"accelerometer; autoplay; clipboard-write; encrypted-media; gyroscope; picture-in-picture; web-share\" referrerpolicy=\"strict-origin-when-cross-origin\" allowfullscreen><\/iframe>\n<\/div><\/figure>","protected":false},"excerpt":{"rendered":"<p>La Feria de Empleabilidad de Unifranz El Alto reuni\u00f3 a 50 empresas, 1.000 asistentes y conect\u00f3 talento joven con oportunidades reales de empleo.<\/p>","protected":false},"author":25,"featured_media":705914,"comment_status":"open","ping_status":"open","sticky":false,"template":"","format":"standard","meta":{"_acf_changed":false,"footnotes":""},"categories":[60,302,5054,4982,6543,2728,2388,5640,8900,3422,1782,10374],"tags":[53,386,1422,242],"class_list":["post-705911","post","type-post","status-publish","format-standard","has-post-thumbnail","hentry","category-blog","category-el-alto","category-empleo","category-empresas","category-feria-de-empleabilidad-es","category-feria-de-empleabilidad","category-jovenes","category-talento-exponencial","category-talento-humano","category-trabajo-es","category-unifranz","category-unifranz-el-alto","tag-educacion","tag-estudiantes","tag-innovacion-en-educacion","tag-unifranz"],"acf":[],"_links":{"self":[{"href":"https:\/\/unifranz.edu.bo\/pt\/wp-json\/wp\/v2\/posts\/705911","targetHints":{"allow":["GET"]}}],"collection":[{"href":"https:\/\/unifranz.edu.bo\/pt\/wp-json\/wp\/v2\/posts"}],"about":[{"href":"https:\/\/unifranz.edu.bo\/pt\/wp-json\/wp\/v2\/types\/post"}],"author":[{"embeddable":true,"href":"https:\/\/unifranz.edu.bo\/pt\/wp-json\/wp\/v2\/users\/25"}],"replies":[{"embeddable":true,"href":"https:\/\/unifranz.edu.bo\/pt\/wp-json\/wp\/v2\/comments?post=705911"}],"version-history":[{"count":3,"href":"https:\/\/unifranz.edu.bo\/pt\/wp-json\/wp\/v2\/posts\/705911\/revisions"}],"predecessor-version":[{"id":705924,"href":"https:\/\/unifranz.edu.bo\/pt\/wp-json\/wp\/v2\/posts\/705911\/revisions\/705924"}],"wp:featuredmedia":[{"embeddable":true,"href":"https:\/\/unifranz.edu.bo\/pt\/wp-json\/wp\/v2\/media\/705914"}],"wp:attachment":[{"href":"https:\/\/unifranz.edu.bo\/pt\/wp-json\/wp\/v2\/media?parent=705911"}],"wp:term":[{"taxonomy":"category","embeddable":true,"href":"https:\/\/unifranz.edu.bo\/pt\/wp-json\/wp\/v2\/categories?post=705911"},{"taxonomy":"post_tag","embeddable":true,"href":"https:\/\/unifranz.edu.bo\/pt\/wp-json\/wp\/v2\/tags?post=705911"}],"curies":[{"name":"wp","href":"https:\/\/api.w.org\/{rel}","templated":true}]}}