{"id":705866,"date":"2025-06-17T17:59:12","date_gmt":"2025-06-17T21:59:12","guid":{"rendered":"https:\/\/unifranz.edu.bo\/?p=705866"},"modified":"2025-06-17T18:25:41","modified_gmt":"2025-06-17T22:25:41","slug":"pnud-y-unifranz-firman-alianza-estrategica-para-impulsar-el-desarrollo-sostenible-con-inteligencia-artificial","status":"publish","type":"post","link":"https:\/\/unifranz.edu.bo\/pt\/blog\/pnud-y-unifranz-firman-alianza-estrategica-para-impulsar-el-desarrollo-sostenible-con-inteligencia-artificial\/","title":{"rendered":"PNUD y Unifranz firman alianza estrat\u00e9gica para impulsar el desarrollo sostenible con inteligencia artificial"},"content":{"rendered":"<p>En un esfuerzo por articular el conocimiento acad\u00e9mico con las estrategias globales de desarrollo sostenible, el Programa de las Naciones Unidas para el Desarrollo (PNUD) y la Universidad Franz Tamayo, Unifranz, firmaron un Memor\u00e1ndum de Entendimiento que establece una alianza estrat\u00e9gica para potenciar el uso de tecnolog\u00edas emergentes, como la inteligencia artificial, en beneficio del progreso social, la innovaci\u00f3n educativa y la formulaci\u00f3n de pol\u00edticas p\u00fablicas inclusivas.<\/p>\n\n\n\n<blockquote class=\"wp-block-quote is-layout-flow wp-block-quote-is-layout-flow\">\n<p>\u201cCelebramos la firma de esta alianza estrat\u00e9gica con Unifranz, un compromiso para impulsar investigaci\u00f3n y acciones concretas en desarrollo sostenible. Este informe nos recuerda que la inteligencia artificial no es solo algoritmos; es un espejo de nuestras prioridades como sociedad. Por eso, necesitamos alianzas con instituciones como \u00e9sta, que comprenden el papel transformador de la academia\u201d, se\u00f1al\u00f3 Marta Vallejo, Representante Residente Adjunta del PNUD en Bolivia.<\/p>\n<\/blockquote>\n\n\n\n<p>El acuerdo entre ambas instituciones formaliza una agenda colaborativa en cuatro \u00e1reas clave: reducci\u00f3n de la brecha digital, promoci\u00f3n de tecnolog\u00edas emergentes (como IA, big data o blockchain), impulso a ecosistemas emprendedores con enfoque de g\u00e9nero y diversidad y generaci\u00f3n de pol\u00edticas p\u00fablicas basadas en evidencia cient\u00edfica. Tambi\u00e9n se incluye el dise\u00f1o de estrategias de comunicaci\u00f3n para combatir la desinformaci\u00f3n y la participaci\u00f3n en la elaboraci\u00f3n y difusi\u00f3n del Informe de Desarrollo Humano en Bolivia.<\/p>\n\n\n\n<blockquote class=\"wp-block-quote is-layout-flow wp-block-quote-is-layout-flow\">\n<p>\u201cEste memor\u00e1ndum consolida una colaboraci\u00f3n que ya ha dado frutos concretos\u201d, destac\u00f3 Ver\u00f3nica \u00c1greda, rectora nacional de Unifranz. \u201cHemos llegado a m\u00e1s de 250 colegios capacitando a docentes en metodolog\u00edas activas, impulsamos la prevenci\u00f3n del c\u00e1ncer en mujeres y creamos el FabLab en Santa Cruz, un laboratorio de fabricaci\u00f3n digital. Ahora nos enfocamos en un nuevo reto: humanizar la inteligencia artificial\u201d.<\/p>\n<\/blockquote>\n\n\n\n<p>El documento firmado reafirma el compromiso compartido por ambas entidades con los Objetivos de Desarrollo Sostenible (ODS), especialmente en un contexto donde los desaf\u00edos globales \u2014como las restricciones fiscales, el cambio clim\u00e1tico y las crecientes brechas digitales\u2014 afectan tambi\u00e9n a Bolivia. Desde esta alianza, se buscar\u00e1 no solo formar talento local capaz de dominar tecnolog\u00edas emergentes, sino tambi\u00e9n generar conocimiento \u00fatil para dise\u00f1ar pol\u00edticas p\u00fablicas \u00e9ticas e inclusivas.<\/p>\n\n\n\n<figure class=\"wp-block-embed is-type-video is-provider-youtube wp-block-embed-youtube wp-embed-aspect-16-9 wp-has-aspect-ratio\"><div class=\"wp-block-embed__wrapper\">\n<iframe loading=\"lazy\" title=\"PNUD y Unifranz firman alianza estrat\u00e9gica para impulsar el desarrollo sostenible con IA\" width=\"500\" height=\"281\" src=\"https:\/\/www.youtube.com\/embed\/W55sjIYwGV8?feature=oembed\" frameborder=\"0\" allow=\"accelerometer; autoplay; clipboard-write; encrypted-media; gyroscope; picture-in-picture; web-share\" referrerpolicy=\"strict-origin-when-cross-origin\" allowfullscreen><\/iframe>\n<\/div><\/figure>\n\n\n\n<p>Uno de los ejes centrales del acuerdo es contribuir al cierre de la brecha digital, en un pa\u00eds donde solo el 20% de la poblaci\u00f3n tiene acceso a internet de calidad. En ese sentido, las instituciones trabajar\u00e1n en la elaboraci\u00f3n de propuestas que aborden este rezago estructural desde una perspectiva educativa y de innovaci\u00f3n. Adem\u00e1s, se fomentar\u00e1 la creaci\u00f3n de espacios de divulgaci\u00f3n cient\u00edfica donde se socialicen los hallazgos del informe del PNUD y se promuevan debates p\u00fablicos en universidades, comunidades y foros multisectoriales.<\/p>\n\n\n\n<p>Tambi\u00e9n se establecer\u00e1 una colaboraci\u00f3n directa con la Facultad de Ciencias Jur\u00eddicas y Sociales de Unifranz, que estar\u00e1 encargada de dise\u00f1ar una estrategia de comunicaci\u00f3n centrada en la integridad de la informaci\u00f3n, para enfrentar los desaf\u00edos que plantea la desinformaci\u00f3n en entornos digitales.<\/p>\n\n\n\n<blockquote class=\"wp-block-quote is-layout-flow wp-block-quote-is-layout-flow\">\n<p>\u201cCreemos firmemente que el peligro no est\u00e1 en que la inteligencia artificial quite empleos, sino en que lo haga con quienes no saben utilizarla\u201d, alert\u00f3 Ver\u00f3nica \u00c1greda. \u201cPor eso es urgente cerrar las brechas no solo en acceso a tecnolog\u00edas, sino tambi\u00e9n en capacidades cognitivas y pensamiento cr\u00edtico. Necesitamos m\u00e1s formaci\u00f3n en \u00e1reas STEM \u2014ciencia, tecnolog\u00eda, ingenier\u00eda y matem\u00e1ticas\u2014 y una profunda reflexi\u00f3n \u00e9tica sobre c\u00f3mo usar la IA al servicio del pa\u00eds\u201d.<\/p>\n<\/blockquote>\n\n\n\n<p>El memor\u00e1ndum tambi\u00e9n contempla el impulso de agendas estrat\u00e9gicas para incidir en pol\u00edticas p\u00fablicas, aportando evidencia acad\u00e9mica en espacios de decisi\u00f3n. A trav\u00e9s de cabildos y foros nacionales, el PNUD y Unifranz se comprometen a articular voces t\u00e9cnicas y ciudadanas en torno a los desaf\u00edos que plantea la era digital, siempre desde una mirada que priorice la equidad y el desarrollo humano integral.<\/p>\n\n\n\n<p>Durante su intervenci\u00f3n, Marta Vallejo record\u00f3 que Bolivia enfrenta una \u201ctriple compresi\u00f3n global\u201d: restricci\u00f3n fiscal, crisis clim\u00e1tica y brecha digital, y se\u00f1al\u00f3 que la inteligencia artificial puede ser tanto una herramienta de progreso como un amplificador de desigualdades, dependiendo de las decisiones que se tomen hoy. \u201cNo podemos permitir que esta tecnolog\u00eda excluya a nadie. Por eso necesitamos talento local formado, infraestructura digital robusta y una gobernanza \u00e9tica\u201d.<\/p>\n\n\n\n<p>La visi\u00f3n de ambas instituciones se alinea con la noci\u00f3n de que las universidades no deben ser simples observadoras del cambio tecnol\u00f3gico, sino laboratorios vivos desde los cuales se impulse la innovaci\u00f3n, el pensamiento cr\u00edtico y la transformaci\u00f3n social.<\/p>\n\n\n\n<p>\u201cPara poder cerrar brechas y enfrentar los nuevos desaf\u00edos que nos trae la inteligencia artificial, necesitamos acelerar el paso. No estamos cumpliendo las metas de los ODS. Y la \u00fanica forma de avanzar es con sinergias, con alianzas estrat\u00e9gicas como \u00e9sta\u201d, concluy\u00f3 \u00c1greda.<\/p>\n\n\n\n<p>Ambas instituciones reafirmaron su compromiso de seguir trabajando juntas para lograr una Bolivia m\u00e1s equitativa, resiliente y preparada para enfrentar los retos de la era digital. A trav\u00e9s de esta alianza, se espera que nuevas generaciones de estudiantes, investigadores y emprendedores encuentren el acompa\u00f1amiento necesario para liderar con responsabilidad y creatividad los procesos de transformaci\u00f3n que demanda el desarrollo sostenible.<\/p>\n\n\n\n<blockquote class=\"wp-block-quote is-layout-flow wp-block-quote-is-layout-flow\">\n<p><strong>Conversatorio<\/strong><\/p>\n<\/blockquote>\n\n\n\n<p>Conscientes de la urgencia y relevancia del tema, el <strong>PNUD y Unifranz<\/strong> organizaron el conversatorio \u201cIA y desarrollo humano: caminos cruzados\u201d. El evento reuni\u00f3 a representantes de la academia, el sector p\u00fablico y organismos internacionales, con un panel que incluye a <strong>Francisco Belmonte<\/strong> de la Agencia de Gobierno Electr\u00f3nico y Tecnolog\u00edas de Informaci\u00f3n y Comunicaci\u00f3n <strong>(AGETIC)<\/strong>, <strong>Manuel Urquidi del Banco Interamericano de Desarrollo (BID)<\/strong>, Milenka Ocampo de PNUD, y Pedro Saenz, vicerrector de Unifranz sede La Paz.<\/p>\n\n\n\n<p>La jornada gener\u00f3 un debate abierto sobre c\u00f3mo la inteligencia artificial puede contribuir a construir sociedades m\u00e1s justas, inclusivas y sostenibles.<\/p>\n\n\n\n<p>Durante el conversatorio, los expertos coincidieron en que Bolivia debe invertir en infraestructura digital, gobernanza de datos y pol\u00edticas inclusivas para evitar desigualdades en el acceso a la tecnolog\u00eda. Se resalt\u00f3 la importancia de dise\u00f1ar un marco \u00e9tico para la aplicaci\u00f3n de la IA en el pa\u00eds, promoviendo la formaci\u00f3n de talento local y la actualizaci\u00f3n educativa. Asimismo, se compartieron experiencias exitosas en el uso de IA en el \u00e1mbito productivo y educativo.<\/p>\n\n\n\n<p>Como conclusi\u00f3n, los panelistas enfatizaron que la IA no debe reemplazar a las personas, sino ayudarlas a vivir mejor, impulsando la transformaci\u00f3n educativa y la innovaci\u00f3n en Bolivia.<\/p>","protected":false},"excerpt":{"rendered":"<p>En un esfuerzo por articular el conocimiento acad\u00e9mico con las estrategias globales de desarrollo sostenible, el Programa de las Naciones Unidas para el Desarrollo (PNUD) y la Universidad Franz Tamayo, Unifranz, firmaron un Memor\u00e1ndum de Entendimiento que establece una alianza estrat\u00e9gica para potenciar el uso de tecnolog\u00edas emergentes, como la inteligencia artificial, en beneficio del progreso social, la innovaci\u00f3n educativa y la formulaci\u00f3n de pol\u00edticas p\u00fablicas inclusivas.<\/p>","protected":false},"author":49,"featured_media":705867,"comment_status":"open","ping_status":"open","sticky":false,"template":"","format":"standard","meta":{"_acf_changed":false,"footnotes":""},"categories":[60,5450],"tags":[100,53,5578,1422,1832,218,242],"class_list":["post-705866","post","type-post","status-publish","format-standard","has-post-thumbnail","hentry","category-blog","category-pnud","tag-convenio","tag-educacion","tag-ia","tag-innovacion-en-educacion","tag-pnud","tag-tecnologia","tag-unifranz"],"acf":[],"_links":{"self":[{"href":"https:\/\/unifranz.edu.bo\/pt\/wp-json\/wp\/v2\/posts\/705866","targetHints":{"allow":["GET"]}}],"collection":[{"href":"https:\/\/unifranz.edu.bo\/pt\/wp-json\/wp\/v2\/posts"}],"about":[{"href":"https:\/\/unifranz.edu.bo\/pt\/wp-json\/wp\/v2\/types\/post"}],"author":[{"embeddable":true,"href":"https:\/\/unifranz.edu.bo\/pt\/wp-json\/wp\/v2\/users\/49"}],"replies":[{"embeddable":true,"href":"https:\/\/unifranz.edu.bo\/pt\/wp-json\/wp\/v2\/comments?post=705866"}],"version-history":[{"count":2,"href":"https:\/\/unifranz.edu.bo\/pt\/wp-json\/wp\/v2\/posts\/705866\/revisions"}],"predecessor-version":[{"id":705869,"href":"https:\/\/unifranz.edu.bo\/pt\/wp-json\/wp\/v2\/posts\/705866\/revisions\/705869"}],"wp:featuredmedia":[{"embeddable":true,"href":"https:\/\/unifranz.edu.bo\/pt\/wp-json\/wp\/v2\/media\/705867"}],"wp:attachment":[{"href":"https:\/\/unifranz.edu.bo\/pt\/wp-json\/wp\/v2\/media?parent=705866"}],"wp:term":[{"taxonomy":"category","embeddable":true,"href":"https:\/\/unifranz.edu.bo\/pt\/wp-json\/wp\/v2\/categories?post=705866"},{"taxonomy":"post_tag","embeddable":true,"href":"https:\/\/unifranz.edu.bo\/pt\/wp-json\/wp\/v2\/tags?post=705866"}],"curies":[{"name":"wp","href":"https:\/\/api.w.org\/{rel}","templated":true}]}}