{"id":705860,"date":"2025-06-17T17:41:35","date_gmt":"2025-06-17T21:41:35","guid":{"rendered":"https:\/\/unifranz.edu.bo\/?p=705860"},"modified":"2025-06-18T22:19:11","modified_gmt":"2025-06-19T02:19:11","slug":"agotado-desilusionado-y-abrumado-que-es-y-como-superar-el-burnout","status":"publish","type":"post","link":"https:\/\/unifranz.edu.bo\/pt\/blog\/agotado-desilusionado-y-abrumado-que-es-y-como-superar-el-burnout\/","title":{"rendered":"Agotado, desilusionado y abrumado: \u00bfqu\u00e9 es y c\u00f3mo superar el burnout?"},"content":{"rendered":"<p>Vivimos en una era marcada por el hipertrabajo, la competitividad constante y la conexi\u00f3n ininterrumpida, lo que causa que cada vez m\u00e1s personas experimenten una fatiga profunda que va m\u00e1s all\u00e1 del cansancio f\u00edsico. Se trata del s\u00edndrome de burnout o agotamiento laboral, una condici\u00f3n reconocida oficialmente por la Organizaci\u00f3n Mundial de la Salud (OMS) en 2022 como una enfermedad ocupacional.<\/p>\n\n\n\n<p>El burnout surge a ra\u00edz del estr\u00e9s laboral cr\u00f3nico no gestionado con \u00e9xito, y se manifiesta en tres dimensiones principales: agotamiento extremo, desconexi\u00f3n emocional con las tareas, y sensaci\u00f3n de ineficacia o falta de realizaci\u00f3n. Seg\u00fan la OMS, este s\u00edndrome \u201cse refiere espec\u00edficamente a los fen\u00f3menos en el contexto laboral y no debe aplicarse para describir experiencias en otras \u00e1reas de la vida\u201d.<\/p>\n\n\n\n<p>Los s\u00edntomas f\u00edsicos pueden incluir desde insomnio, cefaleas, trastornos gastrointestinales, hipertensi\u00f3n, hasta enfermedades card\u00edacas y alteraciones dermatol\u00f3gicas. A nivel emocional y psicol\u00f3gico, los afectados pueden presentar ansiedad, pensamiento catastr\u00f3fico, irritabilidad, reducci\u00f3n de la autoestima y una preocupante p\u00e9rdida de sentido en lo que hacen.<\/p>\n\n\n\n<blockquote class=\"wp-block-quote is-layout-flow wp-block-quote-is-layout-flow\">\n<p>&nbsp;Karina S\u00e1nchez Apaza, psic\u00f3loga y docente de la carrera de Psicolog\u00eda en la Universidad Franz Tamayo, Unifranz, se\u00f1ala que \u201ca largo plazo, el S\u00edndrome de Burnout puede contribuir al deterioro de la salud mental y f\u00edsica del individuo, aumentando el riesgo de enfermedades cardiovasculares, trastornos psicol\u00f3gicos como la depresi\u00f3n y disminuci\u00f3n general de la calidad de vida\u201d.<\/p>\n<\/blockquote>\n\n\n\n<p>Una de las ideas m\u00e1s importantes que plantea la literatura actual sobre el burnout es que sus causas no suelen ser personales. La mayor\u00eda de las veces, el entorno laboral es el verdadero generador del agotamiento. Falta de apoyo, sobrecarga de tareas, presi\u00f3n constante por resultados, plazos irracionales y liderazgo deficiente crean condiciones que socavan el bienestar psicol\u00f3gico de los trabajadores.<\/p>\n\n\n\n<p>La experta explica que las personas m\u00e1s vulnerables al burnout suelen ser aquellas que se involucran profundamente con su trabajo. \u201cEstas fases reflejan el deterioro progresivo del bienestar emocional y la satisfacci\u00f3n laboral\u201d, dice, en referencia al agotamiento emocional, el cinismo y la sensaci\u00f3n de inutilidad que caracterizan este s\u00edndrome.<\/p>\n\n\n\n<p>El caso de Gonzalo, un m\u00e9dico intensivista con m\u00e1s de 15 a\u00f1os de experiencia, retrata con crudeza lo devastador que puede llegar a ser este trastorno. Durante la pandemia, la suma del temor al contagio, la p\u00e9rdida de colegas, la presi\u00f3n familiar y la falta de equipos lo llevaron al l\u00edmite. \u201cUn d\u00eda, luego que falleci\u00f3 uno de mis colegas en el hospital, me sent\u00e9 en el piso y me puse a llorar como un ni\u00f1o. No pod\u00eda m\u00e1s. Rogaba para que el infierno acabe\u201d, recuerda con la voz entrecortada.<\/p>\n\n\n\n<p>El burnout tambi\u00e9n es un fen\u00f3meno cultural. Vivimos en una sociedad donde el valor de las personas est\u00e1 profundamente ligado a su productividad. Se espera que el trabajo proporcione no s\u00f3lo sustento econ\u00f3mico, sino tambi\u00e9n identidad, prop\u00f3sito y sentido. Esta idealizaci\u00f3n muchas veces termina siendo contraproducente.<\/p>\n\n\n\n<p>Frente a este panorama, S\u00e1nchez enfatiza la importancia de un cambio colectivo: \u201cLas empresas deben promover una cultura que valore el bienestar de los empleados, ofrecer programas de apoyo psicol\u00f3gico, fomentar un equilibrio entre trabajo y vida personal, y estar atentas a signos de agotamiento en sus empleados\u201d.<\/p>\n\n\n\n<p>Los entornos laborales deben pasar de valorar \u00fanicamente el rendimiento a promover el bienestar integral. Ignorar este problema no solo tiene consecuencias sobre la salud de las personas, sino que tambi\u00e9n disminuye la productividad, afecta la moral de los equipos y puede generar rotaci\u00f3n de personal y p\u00e9rdidas econ\u00f3micas para las organizaciones.<\/p>\n\n\n\n<p>Salir del burnout no es f\u00e1cil, pero tampoco es imposible. Exige tomar conciencia, hacer ajustes y, en muchos casos, pedir ayuda. La buena noticia es que existen estrategias efectivas para iniciar el camino de recuperaci\u00f3n.<\/p>\n\n\n\n<h2 class=\"wp-block-heading\"><strong>Cinco claves para enfrentar el burnout<\/strong><\/h2>\n\n\n\n<ol class=\"wp-block-list\">\n<li>Reconocer que el burnout es estructural, no personal<\/li>\n<\/ol>\n\n\n\n<p>En la mayor\u00eda de los casos, el origen del agotamiento est\u00e1 en condiciones laborales t\u00f3xicas, no en una supuesta debilidad individual. Este cambio de mirada reduce la culpa y permite buscar soluciones m\u00e1s efectivas.<\/p>\n\n\n\n<ol start=\"2\" class=\"wp-block-list\">\n<li>Revisar las creencias culturales sobre el trabajo<\/li>\n<\/ol>\n\n\n\n<p>Muchos han interiorizado la idea de que su valor depende de su rendimiento. Identificar y cuestionar estas creencias es vital para liberarse del agotamiento.<\/p>\n\n\n\n<ol start=\"3\" class=\"wp-block-list\">\n<li>Profundizar en el autoconocimiento<\/li>\n<\/ol>\n\n\n\n<p>Reconocer nuestras motivaciones, l\u00edmites y necesidades reales nos permite tomar decisiones coherentes. El apoyo de terapeutas o coaches puede facilitar este proceso.<\/p>\n\n\n\n<ol start=\"4\" class=\"wp-block-list\">\n<li>Distinguir lo que est\u00e1 y no est\u00e1 bajo nuestro control<\/li>\n<\/ol>\n\n\n\n<p>Es esencial identificar qu\u00e9 factores podemos modificar y cu\u00e1les debemos aprender a soltar. Focalizar nuestra energ\u00eda es clave en tiempos de agotamiento.<\/p>\n\n\n\n<ol start=\"5\" class=\"wp-block-list\">\n<li>Ver el burnout como una oportunidad de cambio<\/li>\n<\/ol>\n\n\n\n<p>Aunque doloroso, el burnout puede ser una se\u00f1al para replantear prioridades y construir una vida laboral m\u00e1s equilibrada y sostenible.<\/p>\n\n\n\n<h2 class=\"wp-block-heading\"><strong>Hacia una cultura del bienestar<\/strong><\/h2>\n\n\n\n<p>El burnout no es una se\u00f1al de debilidad, sino una alerta. Es el cuerpo y la mente diciendo que ya no pueden m\u00e1s, que algo en nuestra forma de trabajar y vivir necesita cambiar. Es urgente desmitificar el culto al rendimiento y abrazar una cultura que valore el descanso, el equilibrio y la salud mental.<\/p>\n\n\n\n<p>\u201cEs crucial buscar el apoyo de profesionales de la salud mental para abordar tanto los aspectos emocionales como las fuentes de estr\u00e9s laboral. Reconocer los s\u00edntomas, actuar a tiempo y construir entornos laborales saludables es una tarea compartida entre individuos, organizaciones y sociedad\u201d, explica S\u00e1nchez.<\/p>\n\n\n\n<p>M\u00e1s que una crisis individual, el burnout es un fen\u00f3meno colectivo que refleja los l\u00edmites de un modelo laboral agotador. Superarlo no solo es posible, sino necesario, para recuperar la vitalidad y el sentido de lo que hacemos.<\/p>","protected":false},"excerpt":{"rendered":"<p>Vivimos en una era marcada por el hipertrabajo, la competitividad constante y la conexi\u00f3n ininterrumpida, lo que causa que cada vez m\u00e1s personas experimenten una fatiga profunda que va m\u00e1s all\u00e1 del cansancio f\u00edsico. Se trata del s\u00edndrome de burnout o agotamiento laboral, una condici\u00f3n reconocida oficialmente por la Organizaci\u00f3n Mundial de la Salud (OMS) en 2022 como una enfermedad ocupacional.<\/p>","protected":false},"author":49,"featured_media":705896,"comment_status":"open","ping_status":"open","sticky":false,"template":"","format":"standard","meta":{"_acf_changed":false,"footnotes":""},"categories":[60,2194],"tags":[9042,1566,1422,240,1592,242],"class_list":["post-705860","post","type-post","status-publish","format-standard","has-post-thumbnail","hentry","category-blog","category-psicologia","tag-burnout","tag-empleo","tag-innovacion-en-educacion","tag-psicologia","tag-trabajo","tag-unifranz"],"acf":[],"_links":{"self":[{"href":"https:\/\/unifranz.edu.bo\/pt\/wp-json\/wp\/v2\/posts\/705860","targetHints":{"allow":["GET"]}}],"collection":[{"href":"https:\/\/unifranz.edu.bo\/pt\/wp-json\/wp\/v2\/posts"}],"about":[{"href":"https:\/\/unifranz.edu.bo\/pt\/wp-json\/wp\/v2\/types\/post"}],"author":[{"embeddable":true,"href":"https:\/\/unifranz.edu.bo\/pt\/wp-json\/wp\/v2\/users\/49"}],"replies":[{"embeddable":true,"href":"https:\/\/unifranz.edu.bo\/pt\/wp-json\/wp\/v2\/comments?post=705860"}],"version-history":[{"count":2,"href":"https:\/\/unifranz.edu.bo\/pt\/wp-json\/wp\/v2\/posts\/705860\/revisions"}],"predecessor-version":[{"id":705864,"href":"https:\/\/unifranz.edu.bo\/pt\/wp-json\/wp\/v2\/posts\/705860\/revisions\/705864"}],"wp:featuredmedia":[{"embeddable":true,"href":"https:\/\/unifranz.edu.bo\/pt\/wp-json\/wp\/v2\/media\/705896"}],"wp:attachment":[{"href":"https:\/\/unifranz.edu.bo\/pt\/wp-json\/wp\/v2\/media?parent=705860"}],"wp:term":[{"taxonomy":"category","embeddable":true,"href":"https:\/\/unifranz.edu.bo\/pt\/wp-json\/wp\/v2\/categories?post=705860"},{"taxonomy":"post_tag","embeddable":true,"href":"https:\/\/unifranz.edu.bo\/pt\/wp-json\/wp\/v2\/tags?post=705860"}],"curies":[{"name":"wp","href":"https:\/\/api.w.org\/{rel}","templated":true}]}}