{"id":705814,"date":"2025-06-16T11:14:53","date_gmt":"2025-06-16T15:14:53","guid":{"rendered":"https:\/\/unifranz.edu.bo\/?p=705814"},"modified":"2025-06-16T11:14:56","modified_gmt":"2025-06-16T15:14:56","slug":"ia-con-proposito-una-oportunidad-para-el-desarrollo-humano-en-el-sur-global","status":"publish","type":"post","link":"https:\/\/unifranz.edu.bo\/pt\/blog\/ia-con-proposito-una-oportunidad-para-el-desarrollo-humano-en-el-sur-global\/","title":{"rendered":"IA con prop\u00f3sito: una oportunidad para el desarrollo humano en el Sur Global"},"content":{"rendered":"<p>La inteligencia artificial (IA), habitualmente asociada a debates sobre riesgos laborales, control algor\u00edtmico y dilemas \u00e9ticos, emerge ahora bajo una nueva perspectiva: la de aliada del desarrollo humano. As\u00ed lo plantea el Informe de Desarrollo Humano 2025 del Programa de las Naciones Unidas para el Desarrollo (PNUD), que destaca su potencial transformador, especialmente en los pa\u00edses del Sur Global. Este cambio de enfoque no ignora los riesgos, pero s\u00ed subraya que las oportunidades son reales y, en muchos casos, ya est\u00e1n siendo aprovechadas.<\/p>\n\n\n\n<p>Publicado bajo el t\u00edtulo \u201cUn llamado a decidir: personas y posibilidades en la era de la IA\u201d, el informe del PNUD no s\u00f3lo advierte sobre el estancamiento del desarrollo humano a nivel global, sino que plantea que estamos en un punto clave de la historia: o se integran las tecnolog\u00edas emergentes con una visi\u00f3n inclusiva, \u00e9tica y humana, o se corre el riesgo de ampliar a\u00fan m\u00e1s las desigualdades existentes.<\/p>\n\n\n\n<p>Desde 1990, cuando se empez\u00f3 a medir el \u00cdndice de Desarrollo Humano (IDH), no se hab\u00eda registrado una desaceleraci\u00f3n tan prolongada. Cuatro a\u00f1os de estancamiento han ampliado la brecha entre pa\u00edses de alto IDH y aquellos con ingresos medios y bajos.<\/p>\n\n\n\n<blockquote class=\"wp-block-quote is-layout-flow wp-block-quote-is-layout-flow\">\n<p>\u201cEl mundo corre el riesgo de retroceder\u201d, se\u00f1ala el informe, en un contexto marcado por crisis geopol\u00edticas, tensiones econ\u00f3micas y cambios tecnol\u00f3gicos disruptivos.<\/p>\n<\/blockquote>\n\n\n\n<p>Frente a esta coyuntura, el informe sorprende con un hallazgo clave: mientras en los pa\u00edses desarrollados predomina el temor a la automatizaci\u00f3n, en los pa\u00edses del Sur Global prima la esperanza. Seg\u00fan una encuesta mundial incluida en el documento, el 70% de las personas en pa\u00edses con IDH bajo y medio cree que la IA puede aumentar la productividad, y dos de cada tres afirman que planean usar IA en sectores como salud, educaci\u00f3n o empleo en el corto plazo.<\/p>\n\n\n\n<p>Este optimismo contrasta con la narrativa global dominante. Lejos de imaginar un futuro dist\u00f3pico dominado por m\u00e1quinas, las sociedades del Sur ven en la IA una herramienta para cerrar brechas hist\u00f3ricas, siempre que se la integre bajo criterios de justicia, inclusi\u00f3n y participaci\u00f3n.<\/p>\n\n\n\n<blockquote class=\"wp-block-quote is-layout-flow wp-block-quote-is-layout-flow\">\n<p>\u201cLa IA ofrece una oportunidad poderosa para transformar econom\u00edas, especialmente en pa\u00edses de IDH bajo y medio, facilitando la transici\u00f3n hacia un futuro bajo en carbono y promoviendo un crecimiento m\u00e1s inclusivo\u201d, afirma Milenka Ocampo, analista del PNUD en Bolivia.<\/p>\n<\/blockquote>\n\n\n\n<p>El Informe sobre Desarrollo Humano (IDH) del PNUD es un estudio anual que mide el progreso de los pa\u00edses no solo por su crecimiento econ\u00f3mico, sino por el bienestar real de las personas, evaluando tres dimensiones clave: salud (esperanza de vida), educaci\u00f3n (a\u00f1os de escolaridad) y nivel de vida (ingreso per c\u00e1pita). Su objetivo es promover un enfoque m\u00e1s humano del desarrollo, evidenciando desigualdades y proponiendo pol\u00edticas centradas en ampliar las oportunidades y capacidades de las personas. Adem\u00e1s del \u00edndice principal, el informe incluye an\u00e1lisis tem\u00e1ticos y variantes ajustadas por desigualdad, pobreza o g\u00e9nero.<\/p>\n\n\n\n<h2 class=\"wp-block-heading\"><strong>Los riesgos no desaparecen, pero se pueden mitigar<\/strong><\/h2>\n\n\n\n<p>A pesar de esta visi\u00f3n esperanzadora, el informe no minimiza los peligros. Identifica tres riesgos silenciosos que podr\u00edan revertir los beneficios de la IA si no se act\u00faa con urgencia:<\/p>\n\n\n\n<ul class=\"wp-block-list\">\n<li>IA sin \u00e9tica: algoritmos que perpet\u00faan sesgos y excluyen poblaciones vulnerables.<\/li>\n\n\n\n<li>Brechas de acceso: millones podr\u00edan quedar fuera por falta de conectividad, infraestructura o habilidades digitales.<\/li>\n\n\n\n<li>Gobernanza fallida: sin regulaciones claras y transparentes, la IA puede ser utilizada para manipular o concentrar riqueza y poder.<\/li>\n<\/ul>\n\n\n\n<p>Para contrarrestar estos riesgos, el informe propone tres l\u00edneas estrat\u00e9gicas: impulsar la colaboraci\u00f3n hombre-m\u00e1quina, promover un dise\u00f1o humano de la tecnolog\u00eda, e invertir en capacidades b\u00e1sicas como electricidad, conectividad, educaci\u00f3n y marcos legales.<\/p>\n\n\n\n<p>Sobre Bolivia, Ocampo indica que la IA se puede convertir en una herramienta real de inclusi\u00f3n, siempre y cuando se cumplan algunas condiciones m\u00ednimas: \u201cContar con infraestructura digital, establecer un marco \u00e9tico regulatorio, formar recursos humanos especializados, promover la inclusi\u00f3n digital y aprovechar la cooperaci\u00f3n internacional\u201d.<\/p>\n\n\n\n<p>En 2023, el 75% de la poblaci\u00f3n boliviana ten\u00eda acceso a internet, pero con profundas diferencias: 86% en zonas urbanas y apenas 49% en \u00e1reas rurales. Este tipo de brechas podr\u00eda ampliarse si no se integran pol\u00edticas p\u00fablicas decididas y sostenidas en el tiempo.<\/p>\n\n\n\n<p>Adem\u00e1s, advierte que \u201csin acci\u00f3n, corremos el riesgo de mantener la IA fuera del alcance de qui\u00e9nes m\u00e1s podr\u00edan beneficiarse\u201d, lo que podr\u00eda profundizar la desigualdad tanto dentro de los pa\u00edses como entre ellos.<\/p>\n\n\n\n<h2 class=\"wp-block-heading\"><strong>Tecnolog\u00eda con rostro humano<\/strong><\/h2>\n\n\n\n<p>M\u00e1s all\u00e1 del diagn\u00f3stico, el informe presenta casos de \u00e9xito que ilustran c\u00f3mo la IA puede estar al servicio del bienestar colectivo: sistemas de predicci\u00f3n de riesgos obst\u00e9tricos en zonas rurales de But\u00e1n, asistentes ling\u00fc\u00edsticos entrenados en lenguas africanas o herramientas de diagn\u00f3stico comunitario. No se trata de imaginar, sino de replicar y escalar iniciativas existentes.<\/p>\n\n\n\n<p>Para que esto sea posible, el rol de la academia es clave. \u201cLa universidad debe ser un puente entre el conocimiento y su aplicaci\u00f3n pr\u00e1ctica\u201d, se\u00f1ala Ocampo, y menciona \u00e1reas prioritarias como la formaci\u00f3n en \u00e9tica digital, la creaci\u00f3n de soluciones locales desde la investigaci\u00f3n y la promoci\u00f3n del emprendimiento tecnol\u00f3gico juvenil.<\/p>\n\n\n\n<h2 class=\"wp-block-heading\"><strong>El futuro no lo decidir\u00e1n los algoritmos<\/strong><\/h2>\n\n\n\n<p>El mensaje final del informe es claro: la inteligencia artificial no es una amenaza inevitable ni una salvaci\u00f3n garantizada, sino una herramienta cuyo impacto depender\u00e1 de las decisiones humanas. Liderazgo pol\u00edtico, participaci\u00f3n ciudadana y visi\u00f3n \u00e9tica son las claves para transformar esta tecnolog\u00eda en un motor de bienestar global.<\/p>\n\n\n\n<p>\u201cLa IA puede ser una herramienta concreta para reducir desigualdades si se integra con visi\u00f3n de justicia social. Pero eso no suceder\u00e1 autom\u00e1ticamente\u201d, remarca Ocampo.<\/p>\n\n\n\n<h2 class=\"wp-block-heading\"><strong>Un espacio para el di\u00e1logo y la acci\u00f3n<\/strong><\/h2>\n\n\n\n<p>Conscientes de la urgencia y relevancia del tema, el PNUD y la Universidad Franz Tamayo (Unifranz) organizan el conversatorio \u201cIA y desarrollo humano: caminos cruzados\u201d, que se llevar\u00e1 a cabo el pr\u00f3ximo 17 de junio en el auditorio de Unifranz La Paz.<\/p>\n\n\n\n<p>El evento reunir\u00e1 a representantes de la academia, el sector p\u00fablico y organismos internacionales, con un panel que incluye a Francisco Belmonte (AGETIC), Manuel Urquidi (BID) y la propia Milenka Ocampo, adem\u00e1s de docentes y expertos de Unifranz. La jornada busca generar un debate abierto sobre c\u00f3mo la IA puede contribuir a construir sociedades m\u00e1s justas, inclusivas y sostenibles.<\/p>\n\n\n\n<p>Durante el encuentro se firmar\u00e1 adem\u00e1s un Memor\u00e1ndum de Entendimiento entre el PNUD y Unifranz, con el objetivo de impulsar proyectos conjuntos en torno a la innovaci\u00f3n tecnol\u00f3gica, el cierre de brechas digitales y la promoci\u00f3n de pol\u00edticas p\u00fablicas basadas en evidencia cient\u00edfica y participaci\u00f3n social.<\/p>\n\n\n\n<p>\u201cEste acuerdo apunta a fortalecer las capacidades locales desde la investigaci\u00f3n y la educaci\u00f3n, para que la IA deje de ser una promesa lejana y se convierta en una herramienta tangible para el desarrollo\u201d, concluye Ocampo.<\/p>","protected":false},"excerpt":{"rendered":"<p>La inteligencia artificial (IA), habitualmente asociada a debates sobre riesgos laborales, control algor\u00edtmico y dilemas \u00e9ticos, emerge ahora bajo una nueva perspectiva: la de aliada del desarrollo humano. As\u00ed lo plantea el Informe de Desarrollo Humano 2025 del PNUD, que destaca su potencial transformador, especialmente en los pa\u00edses del Sur Global. <\/p>","protected":false},"author":49,"featured_media":705815,"comment_status":"open","ping_status":"open","sticky":false,"template":"","format":"standard","meta":{"_acf_changed":false,"footnotes":""},"categories":[60,5052],"tags":[1422,3446,1832,218,242],"class_list":["post-705814","post","type-post","status-publish","format-standard","has-post-thumbnail","hentry","category-blog","category-inteligencia-artificial-es","tag-innovacion-en-educacion","tag-inteligencia-artificial","tag-pnud","tag-tecnologia","tag-unifranz"],"acf":[],"_links":{"self":[{"href":"https:\/\/unifranz.edu.bo\/pt\/wp-json\/wp\/v2\/posts\/705814","targetHints":{"allow":["GET"]}}],"collection":[{"href":"https:\/\/unifranz.edu.bo\/pt\/wp-json\/wp\/v2\/posts"}],"about":[{"href":"https:\/\/unifranz.edu.bo\/pt\/wp-json\/wp\/v2\/types\/post"}],"author":[{"embeddable":true,"href":"https:\/\/unifranz.edu.bo\/pt\/wp-json\/wp\/v2\/users\/49"}],"replies":[{"embeddable":true,"href":"https:\/\/unifranz.edu.bo\/pt\/wp-json\/wp\/v2\/comments?post=705814"}],"version-history":[{"count":1,"href":"https:\/\/unifranz.edu.bo\/pt\/wp-json\/wp\/v2\/posts\/705814\/revisions"}],"predecessor-version":[{"id":705816,"href":"https:\/\/unifranz.edu.bo\/pt\/wp-json\/wp\/v2\/posts\/705814\/revisions\/705816"}],"wp:featuredmedia":[{"embeddable":true,"href":"https:\/\/unifranz.edu.bo\/pt\/wp-json\/wp\/v2\/media\/705815"}],"wp:attachment":[{"href":"https:\/\/unifranz.edu.bo\/pt\/wp-json\/wp\/v2\/media?parent=705814"}],"wp:term":[{"taxonomy":"category","embeddable":true,"href":"https:\/\/unifranz.edu.bo\/pt\/wp-json\/wp\/v2\/categories?post=705814"},{"taxonomy":"post_tag","embeddable":true,"href":"https:\/\/unifranz.edu.bo\/pt\/wp-json\/wp\/v2\/tags?post=705814"}],"curies":[{"name":"wp","href":"https:\/\/api.w.org\/{rel}","templated":true}]}}