{"id":705762,"date":"2025-06-13T11:34:57","date_gmt":"2025-06-13T15:34:57","guid":{"rendered":"https:\/\/unifranz.edu.bo\/?p=705762"},"modified":"2025-06-13T11:34:59","modified_gmt":"2025-06-13T15:34:59","slug":"la-internacionalizacion-transforma-estudiantes-de-unifranz-relatan-su-experiencia-global","status":"publish","type":"post","link":"https:\/\/unifranz.edu.bo\/pt\/blog\/la-internacionalizacion-transforma-estudiantes-de-unifranz-relatan-su-experiencia-global\/","title":{"rendered":"La internacionalizaci\u00f3n transforma: estudiantes de Unifranz relatan su experiencia global"},"content":{"rendered":"<p>Para muchos j\u00f3venes bolivianos, estudiar en el extranjero era un sue\u00f1o lejano. Hoy, gracias al programa de internacionalizaci\u00f3n de la Universidad Privada Franz Tamayo, Unifranz, ese sue\u00f1o se ha convertido en una realidad que no solo ampl\u00eda horizontes, sino que transforma vidas.<\/p>\n\n\n\n<p>Unifranz ha desarrollado un modelo de internacionalizaci\u00f3n integral que no se limita a la movilidad f\u00edsica, sino que se enfoca en enriquecer la formaci\u00f3n profesional a trav\u00e9s de la interacci\u00f3n intercultural y la adquisici\u00f3n de competencias globales.<\/p>\n\n\n\n<p><strong>El Derecho con visi\u00f3n internacional<\/strong><\/p>\n\n\n\n<p>Para V\u00edctor Alave Quintana, estudiante de la carrera de Derecho en Unifranz La Paz, la formaci\u00f3n acad\u00e9mica adquiri\u00f3 una nueva dimensi\u00f3n durante su semestre de intercambio en la Universidad de Investigaci\u00f3n y Desarrollo (UDI) en Bucaramanga, Colombia.<\/p>\n\n\n\n<blockquote class=\"wp-block-quote is-layout-flow wp-block-quote-is-layout-flow\">\n<p>\u201cPude ver c\u00f3mo se ense\u00f1a el Derecho en otro pa\u00eds, con otro enfoque, otras leyes, otras realidades. Pero lo m\u00e1s importante fue aprender a convivir con personas de distintas culturas, a ser m\u00e1s emp\u00e1tico y flexible\u201d, relat\u00f3 Alave.<\/p>\n<\/blockquote>\n\n\n\n<p>Regres\u00f3 con una mirada m\u00e1s amplia del ejercicio profesional y una valiosa red de contactos internacionales.<\/p>\n\n\n\n<p>Desde Bogot\u00e1, Noelia Cortez Aruquipa tambi\u00e9n comparti\u00f3 su experiencia en la Universidad Central de Colombia: \u201cLos debates eran intensos, las perspectivas diferentes, y eso te obliga a pensar fuera de tu burbuja. Aprend\u00ed much\u00edsimo, pero tambi\u00e9n crec\u00ed como persona\u201d, coment\u00f3. Para ella, el intercambio fue clave para descubrir una nueva pasi\u00f3n por el derecho internacional.<\/p>\n\n\n\n<p>Mientras tanto, Aracely Avril Conde, estudiante de Derecho en la misma sede, realiz\u00f3 su intercambio en la Universidad de Guadalajara, M\u00e9xico. \u201cEn M\u00e9xico, el sistema legal es diferente, pero tambi\u00e9n lo es la manera de ense\u00f1ar: hay m\u00e1s \u00e9nfasis en lo pr\u00e1ctico, en los casos reales. Eso me motiv\u00f3 a pensar en nuevas formas de ejercer mi carrera en Bolivia\u201d, expres\u00f3.<\/p>\n\n\n\n<p>Adem\u00e1s del impacto acad\u00e9mico, resalt\u00f3 el valor cultural: \u201cLa convivencia con estudiantes de otros pa\u00edses me ayud\u00f3 a abrir mi mente y a ser m\u00e1s tolerante. Hoy soy m\u00e1s segura, m\u00e1s cr\u00edtica y m\u00e1s curiosa\u201d.<\/p>\n\n\n\n<p><strong>Creatividad y multiculturalidad: una publicista con mirada global<\/strong><\/p>\n\n\n\n<p>Monserrat Marina R\u00edos, estudiante de Publicidad y Marketing, vivi\u00f3 su intercambio tambi\u00e9n en la Universidad Central de Colombia. \u201cTuve la oportunidad de participar en campa\u00f1as reales, trabajar con estudiantes colombianos y aprender t\u00e9cnicas de creatividad que no conoc\u00eda.<\/p>\n\n\n\n<p>Pero lo mejor fue darme cuenta de que mis ideas como boliviana tambi\u00e9n tienen valor y pueden destacar\u201d, comparti\u00f3. Su experiencia le confirm\u00f3 que la diversidad cultural es clave en los procesos creativos y de innovaci\u00f3n.<\/p>\n\n\n\n<p><strong>Un modelo formativo que conecta con el mundo<\/strong><\/p>\n\n\n\n<p>El programa de internacionalizaci\u00f3n de Unifranz ha beneficiado a m\u00e1s de 4.200 estudiantes con experiencias globales, de los cuales m\u00e1s de 2.000 lo han hecho de forma virtual. Con m\u00e1s de 70 convenios activos, la universidad promueve una formaci\u00f3n transversal que trasciende el aula y prepara a los futuros profesionales para actuar con competencia en entornos multiculturales y cambiantes.<\/p>\n\n\n\n<p><strong>M\u00e1s que un viaje, una transformaci\u00f3n educativa<\/strong><\/p>\n\n\n\n<p>Para V\u00edctor, Noelia, Aracely y Monserrat, la internacionalizaci\u00f3n fue mucho m\u00e1s que conocer otros pa\u00edses: fue una experiencia educativa transformadora. Regresaron con una visi\u00f3n profesional renovada, habilidades fortalecidas y una nueva conciencia del mundo que los rodea.<\/p>\n\n\n\n<p>Unifranz contin\u00faa abriendo puertas al mundo, convencida de que los l\u00edderes del ma\u00f1ana se forman desde hoy con formaci\u00f3n s\u00f3lida, mentalidad global y compromiso con su entorno, tanto local como internacional.<\/p>","protected":false},"excerpt":{"rendered":"<p>Unifranz impulsa la internacionalizaci\u00f3n con intercambios que transforman vidas, formando l\u00edderes con visi\u00f3n global y competencias multiculturales.<\/p>","protected":false},"author":44,"featured_media":705763,"comment_status":"open","ping_status":"open","sticky":false,"template":"","format":"standard","meta":{"_acf_changed":false,"footnotes":""},"categories":[60],"tags":[],"class_list":["post-705762","post","type-post","status-publish","format-standard","has-post-thumbnail","hentry","category-blog"],"acf":[],"_links":{"self":[{"href":"https:\/\/unifranz.edu.bo\/pt\/wp-json\/wp\/v2\/posts\/705762","targetHints":{"allow":["GET"]}}],"collection":[{"href":"https:\/\/unifranz.edu.bo\/pt\/wp-json\/wp\/v2\/posts"}],"about":[{"href":"https:\/\/unifranz.edu.bo\/pt\/wp-json\/wp\/v2\/types\/post"}],"author":[{"embeddable":true,"href":"https:\/\/unifranz.edu.bo\/pt\/wp-json\/wp\/v2\/users\/44"}],"replies":[{"embeddable":true,"href":"https:\/\/unifranz.edu.bo\/pt\/wp-json\/wp\/v2\/comments?post=705762"}],"version-history":[{"count":1,"href":"https:\/\/unifranz.edu.bo\/pt\/wp-json\/wp\/v2\/posts\/705762\/revisions"}],"predecessor-version":[{"id":705764,"href":"https:\/\/unifranz.edu.bo\/pt\/wp-json\/wp\/v2\/posts\/705762\/revisions\/705764"}],"wp:featuredmedia":[{"embeddable":true,"href":"https:\/\/unifranz.edu.bo\/pt\/wp-json\/wp\/v2\/media\/705763"}],"wp:attachment":[{"href":"https:\/\/unifranz.edu.bo\/pt\/wp-json\/wp\/v2\/media?parent=705762"}],"wp:term":[{"taxonomy":"category","embeddable":true,"href":"https:\/\/unifranz.edu.bo\/pt\/wp-json\/wp\/v2\/categories?post=705762"},{"taxonomy":"post_tag","embeddable":true,"href":"https:\/\/unifranz.edu.bo\/pt\/wp-json\/wp\/v2\/tags?post=705762"}],"curies":[{"name":"wp","href":"https:\/\/api.w.org\/{rel}","templated":true}]}}