{"id":705744,"date":"2025-06-12T22:40:23","date_gmt":"2025-06-13T02:40:23","guid":{"rendered":"https:\/\/unifranz.edu.bo\/?p=705744"},"modified":"2025-06-12T22:51:33","modified_gmt":"2025-06-13T02:51:33","slug":"diseno-grafico-el-idioma-universal-que-conecta-ideas-y-emociones","status":"publish","type":"post","link":"https:\/\/unifranz.edu.bo\/pt\/blog\/diseno-grafico-el-idioma-universal-que-conecta-ideas-y-emociones\/","title":{"rendered":"Dise\u00f1o gr\u00e1fico: el idioma universal que conecta ideas y emociones"},"content":{"rendered":"<p>Trascender barreras ling\u00fc\u00edsticas y culturales, comunicar ideas complejas y despertar emociones profundas de forma instant\u00e1nea. Desde se\u00f1ales de tr\u00e1nsito hasta campa\u00f1as sociales, el dise\u00f1o gr\u00e1fico se ha convertido en un lenguaje visual que moldea la manera en que percibimos el entorno, tomamos decisiones y nos relacionamos con la realidad. En la era digital, donde la imagen predomina sobre el texto, el dise\u00f1o gr\u00e1fico se convierte en una herramienta clave para comprender y transformar el mundo.<\/p>\n\n\n\n<p>\u201cEl dise\u00f1o gr\u00e1fico no solo se trata de hacer cosas llamativas o bonitas; es una herramienta fundamental de comunicaci\u00f3n visual que influye en c\u00f3mo entendemos, c\u00f3mo percibimos y c\u00f3mo reaccionamos ante el mundo. Nos permite transmitir informaci\u00f3n compleja de manera visualmente atractiva y f\u00e1cil de entender\u201d, se\u00f1ala Iyorbanka Cuiza, directora de la carrera de Dise\u00f1o Gr\u00e1fico y Producci\u00f3n Crossmedia de la Universidad Franz Tamayo, Unifranz.<\/p>\n\n\n\n<p>La importancia del dise\u00f1o gr\u00e1fico en la sociedad moderna va mucho m\u00e1s all\u00e1 de lo est\u00e9tico. Es una disciplina que estructura la forma en que las personas interact\u00faan con la informaci\u00f3n y el entorno. Su papel se extiende desde la construcci\u00f3n de identidades visuales hasta la creaci\u00f3n de entornos digitales funcionales y accesibles. Como explica Cuiza, \u201cvivimos en una era visual\u201d y la ausencia de dise\u00f1o ser\u00eda como \u201cnavegar sin br\u00fajula en un mar de confusi\u00f3n\u201d.<\/p>\n\n\n\n<p>Alejandro Bay\u00e1, docente de la misma carrera en Unifranz, refuerza esta visi\u00f3n al destacar que el dise\u00f1o gr\u00e1fico \u201cpotencia un mundo mucho m\u00e1s organizado\u201d al crear \u201cflujos y conexiones que permiten a las personas conectar con distintos elementos y plataformas\u201d.&nbsp;<\/p>\n\n\n\n<p>Para el experto, esta disciplina es un puente entre la funcionalidad y la experiencia, una herramienta capaz de ordenar el caos y facilitar la vida cotidiana en un entorno saturado de est\u00edmulos.<\/p>\n\n\n\n<figure class=\"wp-block-embed is-type-video is-provider-youtube wp-block-embed-youtube wp-embed-aspect-16-9 wp-has-aspect-ratio\"><div class=\"wp-block-embed__wrapper\">\n<iframe loading=\"lazy\" title=\"Dise\u00f1o gr\u00e1fico: el idioma que transforma ideas en emociones\" width=\"500\" height=\"281\" src=\"https:\/\/www.youtube.com\/embed\/c16V6oDAOiI?feature=oembed\" frameborder=\"0\" allow=\"accelerometer; autoplay; clipboard-write; encrypted-media; gyroscope; picture-in-picture; web-share\" referrerpolicy=\"strict-origin-when-cross-origin\" allowfullscreen><\/iframe>\n<\/div><\/figure>\n\n\n\n<p>En efecto, el dise\u00f1o gr\u00e1fico cumple un rol esencial en m\u00faltiples esferas de la vida contempor\u00e1nea. En el \u00e1mbito comercial, es la columna vertebral de la identidad de marca y la publicidad, guiando la percepci\u00f3n del consumidor y generando conexiones emocionales con los productos. Un buen dise\u00f1o puede convertir un mensaje ordinario en una declaraci\u00f3n poderosa; sin \u00e9l, las marcas perder\u00edan visibilidad y capacidad de impacto.<\/p>\n\n\n\n<p>En la educaci\u00f3n, el dise\u00f1o gr\u00e1fico optimiza la comprensi\u00f3n y la retenci\u00f3n de contenidos. Libros, presentaciones, infograf\u00edas y plataformas digitales adquieren mayor eficacia cuando est\u00e1n bien dise\u00f1adas, haciendo posible que el aprendizaje trascienda el aula y se adapte a nuevos formatos. Este valor pedag\u00f3gico del dise\u00f1o tambi\u00e9n es clave en el desarrollo de tecnolog\u00edas interactivas, donde la visualidad potencia la experiencia del usuario.<\/p>\n\n\n\n<p>Mauricio Aguilar P\u00e9rez, dise\u00f1ador gr\u00e1fico y experto en comunicaci\u00f3n visual e identidad de marca, asegura que \u201csomos el v\u00ednculo entre una empresa, una instituci\u00f3n y el p\u00fablico. Creamos im\u00e1genes que se decodifican a golpe de vista. Sin nosotros, es dif\u00edcil que una marca comunique adecuadamente todo lo que quiere decir y todo lo que dice ser\u201d. Aguilar destaca el poder de lo visual frente a la saturaci\u00f3n de texto, subrayando la importancia del lenguaje mixto, compuesto por imagen y palabra, como veh\u00edculo de comunicaci\u00f3n contempor\u00e1nea.<\/p>\n\n\n\n<p>Pero el alcance del dise\u00f1o gr\u00e1fico no se limita a los mercados ni a los salones de clase. Tambi\u00e9n desempe\u00f1a un papel crucial en la cultura y el activismo. Campa\u00f1as de sensibilizaci\u00f3n, movimientos sociales y expresiones art\u00edsticas digitales encuentran en el dise\u00f1o un medio poderoso para inspirar, protestar y movilizar. Es un instrumento para generar conciencia, cuestionar el statu quo y preservar la memoria visual de los pueblos.<\/p>\n\n\n\n<p>Adem\u00e1s, el dise\u00f1o gr\u00e1fico es la columna vertebral de la experiencia digital. La calidad visual de las interfaces en aplicaciones, sitios web y redes sociales define no solo la est\u00e9tica, sino tambi\u00e9n la funcionalidad. Un dise\u00f1o intuitivo mejora la navegaci\u00f3n, la accesibilidad y la comprensi\u00f3n, mientras que un mal dise\u00f1o puede ser un obst\u00e1culo para la inclusi\u00f3n digital. En este contexto, los dise\u00f1adores se convierten en arquitectos del entorno virtual.<\/p>\n\n\n\n<p>Ante esta complejidad y alcance, la formaci\u00f3n de dise\u00f1adores requiere una mirada integral, cr\u00edtica y creativa. En Unifranz, los estudiantes de la carrera de Dise\u00f1o Gr\u00e1fico y Producci\u00f3n Crossmedia est\u00e1n preparados no solo para dominar herramientas digitales, sino para interpretar el mundo, cuestionar lo establecido y proponer soluciones visuales que comuniquen con sentido y profundidad. Desde la tipograf\u00eda hasta el desarrollo de campa\u00f1as, los futuros profesionales aprenden a hablar el lenguaje visual de la sociedad contempor\u00e1nea con responsabilidad, empat\u00eda e innovaci\u00f3n.<\/p>\n\n\n\n<p>En definitiva, el dise\u00f1o gr\u00e1fico no es solo una profesi\u00f3n ni una t\u00e9cnica; es una forma de ver, entender y transformar la realidad. A trav\u00e9s de colores, formas y s\u00edmbolos, permite construir puentes entre las ideas y las emociones, entre las personas y el conocimiento. En un planeta cada vez m\u00e1s visual, quienes dominan este idioma tienen en sus manos la capacidad de influir, conectar y crear futuros posibles.<\/p>","protected":false},"excerpt":{"rendered":"<p>\u201cEl dise\u00f1o gr\u00e1fico no solo se trata de hacer cosas llamativas o bonitas; es una herramienta fundamental de comunicaci\u00f3n visual que influye en c\u00f3mo entendemos, c\u00f3mo percibimos y c\u00f3mo reaccionamos ante el mundo. Nos permite transmitir informaci\u00f3n compleja de manera visualmente atractiva y f\u00e1cil de entender\u201d, se\u00f1ala Iyorbanka Cuiza, directora de la carrera de Dise\u00f1o Gr\u00e1fico y Producci\u00f3n Crossmedia de Unifranz.<\/p>","protected":false},"author":49,"featured_media":705747,"comment_status":"open","ping_status":"open","sticky":false,"template":"","format":"standard","meta":{"_acf_changed":false,"footnotes":""},"categories":[60,2516],"tags":[1042,4612,1422,242],"class_list":["post-705744","post","type-post","status-publish","format-standard","has-post-thumbnail","hentry","category-blog","category-diseno-grafico-y-produccion-crossmedia","tag-diseno-grafico-y-produccion-crossmedia","tag-emociones","tag-innovacion-en-educacion","tag-unifranz"],"acf":[],"_links":{"self":[{"href":"https:\/\/unifranz.edu.bo\/pt\/wp-json\/wp\/v2\/posts\/705744","targetHints":{"allow":["GET"]}}],"collection":[{"href":"https:\/\/unifranz.edu.bo\/pt\/wp-json\/wp\/v2\/posts"}],"about":[{"href":"https:\/\/unifranz.edu.bo\/pt\/wp-json\/wp\/v2\/types\/post"}],"author":[{"embeddable":true,"href":"https:\/\/unifranz.edu.bo\/pt\/wp-json\/wp\/v2\/users\/49"}],"replies":[{"embeddable":true,"href":"https:\/\/unifranz.edu.bo\/pt\/wp-json\/wp\/v2\/comments?post=705744"}],"version-history":[{"count":2,"href":"https:\/\/unifranz.edu.bo\/pt\/wp-json\/wp\/v2\/posts\/705744\/revisions"}],"predecessor-version":[{"id":705751,"href":"https:\/\/unifranz.edu.bo\/pt\/wp-json\/wp\/v2\/posts\/705744\/revisions\/705751"}],"wp:featuredmedia":[{"embeddable":true,"href":"https:\/\/unifranz.edu.bo\/pt\/wp-json\/wp\/v2\/media\/705747"}],"wp:attachment":[{"href":"https:\/\/unifranz.edu.bo\/pt\/wp-json\/wp\/v2\/media?parent=705744"}],"wp:term":[{"taxonomy":"category","embeddable":true,"href":"https:\/\/unifranz.edu.bo\/pt\/wp-json\/wp\/v2\/categories?post=705744"},{"taxonomy":"post_tag","embeddable":true,"href":"https:\/\/unifranz.edu.bo\/pt\/wp-json\/wp\/v2\/tags?post=705744"}],"curies":[{"name":"wp","href":"https:\/\/api.w.org\/{rel}","templated":true}]}}