{"id":705714,"date":"2025-06-12T12:33:08","date_gmt":"2025-06-12T16:33:08","guid":{"rendered":"https:\/\/unifranz.edu.bo\/?p=705714"},"modified":"2025-06-12T12:33:11","modified_gmt":"2025-06-12T16:33:11","slug":"copa-unifranz-cocha","status":"publish","type":"post","link":"https:\/\/unifranz.edu.bo\/pt\/blog\/copa-unifranz-cocha\/","title":{"rendered":"Copa Unifranz 2025: el p\u00e1del intercolegial pisa fuerte en Cochabamba"},"content":{"rendered":"<div class=\"wp-block-post-author\"><div class=\"wp-block-post-author__avatar\"><img alt='' src='https:\/\/secure.gravatar.com\/avatar\/e83dacfa0953202430ef5fc66632429034dd4e72b9e95291520cc266ab20ee5c?s=48&#038;d=mm&#038;r=g' srcset='https:\/\/secure.gravatar.com\/avatar\/e83dacfa0953202430ef5fc66632429034dd4e72b9e95291520cc266ab20ee5c?s=96&#038;d=mm&#038;r=g 2x' class='avatar avatar-48 photo' height='48' width='48' \/><\/div><div class=\"wp-block-post-author__content\"><p class=\"wp-block-post-author__name\">Diego Andr\u00e9s Sabat<\/p><\/div><\/div>\n\n\n<p>Las palas est\u00e1n listas, el campo elegido y la cuenta regresiva ha iniciado. La segunda versi\u00f3n nacional del Torneo Intercolegial de P\u00e1del Copa Unifranz 2025 arranc\u00f3 oficialmente con su lanzamiento en Cochabamba. M\u00e1s del 60 % de las duplas ya est\u00e1n inscritas antes del cierre de convocatoria, incluyendo colegios de otras regiones, lo que consolida a este torneo como un espacio integrador y de creciente relevancia.<\/p>\n\n\n\n<p>Organizado por la Universidad Privada Franz Tamayo, Unifranz Cochabamba, este campeonato re\u00fane a estudiantes de 16 a 18 a\u00f1os de distintas unidades educativas, promoviendo un espacio de encuentro competitivo, gratuito e inclusivo. La edici\u00f3n 2025 tendr\u00e1 su fase regional en Cochabamba los d\u00edas 20 y 21 de junio en el complejo deportivo Pro P\u00e1del, con canchas certificadas internacionalmente. La gran final nacional, que enfrentar\u00e1 a los campeones de La Paz, Santa Cruz y Cochabamba, se disputar\u00e1 tambi\u00e9n en Pro P\u00e1del el s\u00e1bado 28 de junio.<\/p>\n\n\n\n<p>\u201cNo intentar es fracasar. Por eso nos atrevimos, hace tres a\u00f1os, a impulsar este torneo intercolegial\u201d, afirm\u00f3 Rolando L\u00f3pez, vicerrector de Unifranz Cochabamba, durante la conferencia de prensa. \u201cSabemos que el deporte es un poderoso brazo de interacci\u00f3n social. El p\u00e1del tiene un car\u00e1cter inclusivo: no discrimina por edad ni por recursos. Lo importante es la voluntad\u201d, enfatiz\u00f3.<\/p>\n\n\n\n<blockquote class=\"wp-block-quote is-layout-flow wp-block-quote-is-layout-flow\">\n<p><\/p>\n<\/blockquote>\n\n\n\n<p>L\u00f3pez record\u00f3 que, gracias a la buena organizaci\u00f3n del torneo anterior y la alta participaci\u00f3n estudiantil, Cochabamba ha sido elegida sede de la final nacional este 2025. \u201cEso nos obliga a ser campeones\u201d, expres\u00f3 con orgullo, destacando adem\u00e1s que este deporte, aunque emergente en Bolivia, tiene ya m\u00e1s de 25 millones de jugadores en el mundo.<\/p>\n\n\n\n<p><strong>El impacto del deporte en la juventud<\/strong><\/p>\n\n\n\n<p>Desde el Gobierno Aut\u00f3nomo Municipal, Carola Loma, directora de Deportes, celebr\u00f3 la iniciativa de Unifranz y su impacto en la juventud:<\/p>\n\n\n\n<p>\u201cEste campeonato es gratuito, inclusivo y pone a disposici\u00f3n material deportivo, lo cual lo hace accesible para todos. El deporte es una herramienta de transformaci\u00f3n social, una escuela de valores que forma ciudadanos \u00edntegros\u201d, afirm\u00f3.<\/p>\n\n\n\n<p>Loma, quien tambi\u00e9n fue raquetbolista profesional, explic\u00f3 el porqu\u00e9 del auge del p\u00e1del: \u201cEs f\u00e1cil de aprender y permite jugar a personas de distintas edades. La cancha cerrada y el uso de las paredes lo hacen din\u00e1mico, divertido y accesible. En poco tiempo ser\u00e1 un deporte ol\u00edmpico\u201d.<\/p>\n\n\n\n<p><strong>Un deporte con ra\u00edces s\u00f3lidas y futuro prometedor<\/strong><\/p>\n\n\n\n<p>Jos\u00e9 Vicente Cuesta, asesor del torneo y profesor internacional de p\u00e1del, explic\u00f3 que esta disciplina naci\u00f3 en M\u00e9xico en los a\u00f1os 60, y fue adoptada con fuerza por Espa\u00f1a y Argentina. Hoy se practica en m\u00e1s de 130 pa\u00edses y es el deporte de mayor crecimiento a nivel mundial.<\/p>\n\n\n\n<p>\u201cEn Bolivia el crecimiento es impresionante. Cochabamba, por ejemplo, ha pasado de tener tres canchas a m\u00e1s de 80 en solo dos a\u00f1os\u201d, detall\u00f3. Cuesta valor\u00f3 el esfuerzo de Unifranz por impulsar el deporte a nivel escolar: \u201cLa Copa Unifranz es clave porque permite a los j\u00f3venes desarrollarse f\u00edsica, mental y emocionalmente. Aprenden a tomar decisiones, a trabajar en equipo y a resolver conflictos, habilidades fundamentales para la vida\u201d.<\/p>\n\n\n\n<p><strong>Sebasti\u00e1n Terrazas, el campe\u00f3n defensor vuelve con fuerza<\/strong><\/p>\n\n\n\n<p>Sebasti\u00e1n Terrazas, campe\u00f3n regional de 2024, vuelve a la cancha este a\u00f1o con una nueva dupla: Santiago Soliz. Ambos fueron parte de la prepromoci\u00f3n el a\u00f1o anterior, lo que les permite volver a competir en esta versi\u00f3n.<\/p>\n\n\n\n<p>\u201cEl torneo pasado fue incre\u00edble. Esta vez llegamos con m\u00e1s experiencia y confianza. Espero que muchos m\u00e1s se animen a inscribirse\u201d, expres\u00f3.<\/p>\n\n\n\n<p>Sebasti\u00e1n tambi\u00e9n brilla en el r\u00e1quetbol, deporte en el que ya fue campe\u00f3n mundial sub-16 y subcampe\u00f3n sub-18. Este a\u00f1o planea debutar en el Tour Profesional. Sin embargo, no duda en destacar el valor del p\u00e1del: \u201cEs muy f\u00e1cil de aprender y hay cada vez m\u00e1s lugares para practicar. Me gusta porque combina t\u00e9cnica, estrategia y compa\u00f1erismo\u201d.<\/p>","protected":false},"excerpt":{"rendered":"<p>Las palas est\u00e1n listas, el campo elegido y la cuenta regresiva ha iniciado. La segunda versi\u00f3n nacional del Torneo Intercolegial de P\u00e1del Copa Unifranz 2025 arranc\u00f3 oficialmente con su lanzamiento en Cochabamba. M\u00e1s del 60 % de las duplas ya est\u00e1n inscritas antes del cierre de convocatoria, incluyendo colegios de otras regiones, lo que consolida a este torneo como un espacio integrador y de creciente relevancia.<\/p>","protected":false},"author":27,"featured_media":705715,"comment_status":"open","ping_status":"open","sticky":false,"template":"","format":"standard","meta":{"_acf_changed":false,"footnotes":""},"categories":[60,6741],"tags":[],"class_list":["post-705714","post","type-post","status-publish","format-standard","has-post-thumbnail","hentry","category-blog","category-copa-unifranz-es"],"acf":[],"_links":{"self":[{"href":"https:\/\/unifranz.edu.bo\/pt\/wp-json\/wp\/v2\/posts\/705714","targetHints":{"allow":["GET"]}}],"collection":[{"href":"https:\/\/unifranz.edu.bo\/pt\/wp-json\/wp\/v2\/posts"}],"about":[{"href":"https:\/\/unifranz.edu.bo\/pt\/wp-json\/wp\/v2\/types\/post"}],"author":[{"embeddable":true,"href":"https:\/\/unifranz.edu.bo\/pt\/wp-json\/wp\/v2\/users\/27"}],"replies":[{"embeddable":true,"href":"https:\/\/unifranz.edu.bo\/pt\/wp-json\/wp\/v2\/comments?post=705714"}],"version-history":[{"count":1,"href":"https:\/\/unifranz.edu.bo\/pt\/wp-json\/wp\/v2\/posts\/705714\/revisions"}],"predecessor-version":[{"id":705716,"href":"https:\/\/unifranz.edu.bo\/pt\/wp-json\/wp\/v2\/posts\/705714\/revisions\/705716"}],"wp:featuredmedia":[{"embeddable":true,"href":"https:\/\/unifranz.edu.bo\/pt\/wp-json\/wp\/v2\/media\/705715"}],"wp:attachment":[{"href":"https:\/\/unifranz.edu.bo\/pt\/wp-json\/wp\/v2\/media?parent=705714"}],"wp:term":[{"taxonomy":"category","embeddable":true,"href":"https:\/\/unifranz.edu.bo\/pt\/wp-json\/wp\/v2\/categories?post=705714"},{"taxonomy":"post_tag","embeddable":true,"href":"https:\/\/unifranz.edu.bo\/pt\/wp-json\/wp\/v2\/tags?post=705714"}],"curies":[{"name":"wp","href":"https:\/\/api.w.org\/{rel}","templated":true}]}}