{"id":705699,"date":"2025-06-12T11:20:02","date_gmt":"2025-06-12T15:20:02","guid":{"rendered":"https:\/\/unifranz.edu.bo\/?p=705699"},"modified":"2025-06-12T11:20:05","modified_gmt":"2025-06-12T15:20:05","slug":"juventud-con-proposito-unifranz-anuncia-el-vi-foro-internacional-de-innovacion-educativa","status":"publish","type":"post","link":"https:\/\/unifranz.edu.bo\/pt\/blog\/juventud-con-proposito-unifranz-anuncia-el-vi-foro-internacional-de-innovacion-educativa\/","title":{"rendered":"Juventud con prop\u00f3sito: Unifranz anuncia el VI Foro Internacional de Innovaci\u00f3n Educativa"},"content":{"rendered":"<p>Educaci\u00f3n para la sostenibilidad, es el lema de la sexta edici\u00f3n del Foro Internacional de Innovaci\u00f3n Educativa (FIIE), que organiza la Universidad Franz Tamayo, Unifranz. Este evento, reconocido como un punto de encuentro clave en la regi\u00f3n, reunir\u00e1 a l\u00edderes acad\u00e9micos, organismos internacionales, autoridades gubernamentales, estudiantes, organizaciones de la sociedad civil y se proyecta como una plataforma de acci\u00f3n donde la juventud ocupa un rol central.<\/p>\n\n\n\n<p>En un mundo que exige soluciones urgentes frente a crisis sociales, ambientales y tecnol\u00f3gicas, los y las estudiantes no solo deben ser oyentes, sino protagonistas activos en el dise\u00f1o de un nuevo modelo educativo.<\/p>\n\n\n\n<blockquote class=\"wp-block-quote is-layout-flow wp-block-quote-is-layout-flow\">\n<p>\u201cHoy m\u00e1s que nunca, las y los estudiantes no solo buscamos conocimientos t\u00e9cnicos, sino tambi\u00e9n herramientas para construir un futuro m\u00e1s justo, sostenible e inclusivo. Desde nuestras aulas, laboratorios y proyectos comunitarios, estamos tomando acci\u00f3n porque entendemos que el cambio no puede esperar\u201d, se\u00f1ala Luciana Burgue\u00f1o, estudiante de la carrera de Bioqu\u00edmica y Farmacia de Unifranz y representante de la comunidad estudiantil.<\/p>\n\n\n\n<figure class=\"wp-block-image size-large\"><img loading=\"lazy\" decoding=\"async\" width=\"1024\" height=\"768\" src=\"https:\/\/unifranz.edu.bo\/wp-content\/uploads\/2025\/06\/IMG_5265-1024x768.jpg\" alt=\"\" class=\"wp-image-705702\" srcset=\"https:\/\/unifranz.edu.bo\/wp-content\/uploads\/2025\/06\/IMG_5265-1024x768.jpg 1024w, https:\/\/unifranz.edu.bo\/wp-content\/uploads\/2025\/06\/IMG_5265-300x225.jpg 300w, https:\/\/unifranz.edu.bo\/wp-content\/uploads\/2025\/06\/IMG_5265-768x576.jpg 768w, https:\/\/unifranz.edu.bo\/wp-content\/uploads\/2025\/06\/IMG_5265-1536x1152.jpg 1536w, https:\/\/unifranz.edu.bo\/wp-content\/uploads\/2025\/06\/IMG_5265-2048x1537.jpg 2048w, https:\/\/unifranz.edu.bo\/wp-content\/uploads\/2025\/06\/IMG_5265-16x12.jpg 16w\" sizes=\"auto, (max-width: 1024px) 100vw, 1024px\" \/><figcaption class=\"wp-element-caption\">Carlos Dabdoub y Luciana Burgue\u00f1o en conferencia de prensa<\/figcaption><\/figure>\n<\/blockquote>\n\n\n\n<p>El foro se celebrar\u00e1 el 3 y 4 de julio en los salones Sirion\u00f3 y Guaran\u00ed de la Expocruz en la capital cruce\u00f1a, jornadas en las que se abordar\u00e1 cinco ejes estrat\u00e9gicos: pol\u00edticas p\u00fablicas transformadoras, innovaci\u00f3n educativa y tecnolog\u00edas emergentes, redes acad\u00e9micas y alianzas para la cooperaci\u00f3n, competencias para el siglo XXI y empleabilidad, y educaci\u00f3n para la sostenibilidad. Esta estructura responde a un an\u00e1lisis profundo de las brechas del sistema educativo actual y se proyecta hacia un nuevo pacto regenerativo que ponga al ser humano y al planeta en el centro.<\/p>\n\n\n\n<p>El respaldo de instituciones internacionales como UNESCO, CEPAL, Siemens Stiftung, la Organizaci\u00f3n Universitaria Interamericana (OUI), RECLA, RAUI Am\u00e9rica, la Red STEM Latinoam\u00e9rica y el Comit\u00e9 Ejecutivo de la Universidad Boliviana (CEUB) refuerza la dimensi\u00f3n global de este encuentro. El intercambio de experiencias entre pa\u00edses y regiones permitir\u00e1 construir propuestas contextualizadas pero con visi\u00f3n internacional.<\/p>\n\n\n\n<blockquote class=\"wp-block-quote is-layout-flow wp-block-quote-is-layout-flow\">\n<p>Desde el liderazgo institucional, Unifranz promueve este espacio con la convicci\u00f3n de que la educaci\u00f3n es el motor m\u00e1s potente para transformar la sociedad. \u201cLa juventud debe tomar un rol protag\u00f3nico en este evento, pues ser\u00e1n los nuevos l\u00edderes quienes definir\u00e1n no solo lo que ocurrir\u00e1 en el pa\u00eds, sino en el mundo entero\u201d, expres\u00f3 Carlos Dabdoub Arrien, vicerrector de Unifranz Santa Cruz, durante el lanzamiento oficial del evento.<\/p>\n\n\n\n<figure class=\"wp-block-image size-full\"><img loading=\"lazy\" decoding=\"async\" width=\"1000\" height=\"1000\" src=\"https:\/\/unifranz.edu.bo\/wp-content\/uploads\/2025\/06\/WhatsApp-Image-2025-06-11-at-131639.jpeg\" alt=\"\" class=\"wp-image-705701\" srcset=\"https:\/\/unifranz.edu.bo\/wp-content\/uploads\/2025\/06\/WhatsApp-Image-2025-06-11-at-131639.jpeg 1000w, https:\/\/unifranz.edu.bo\/wp-content\/uploads\/2025\/06\/WhatsApp-Image-2025-06-11-at-131639-300x300.jpeg 300w, https:\/\/unifranz.edu.bo\/wp-content\/uploads\/2025\/06\/WhatsApp-Image-2025-06-11-at-131639-768x768.jpeg 768w, https:\/\/unifranz.edu.bo\/wp-content\/uploads\/2025\/06\/WhatsApp-Image-2025-06-11-at-131639-12x12.jpeg 12w\" sizes=\"auto, (max-width: 1000px) 100vw, 1000px\" \/><\/figure>\n<\/blockquote>\n\n\n\n<blockquote class=\"wp-block-quote is-layout-flow wp-block-quote-is-layout-flow\">\n<p>La voz de las autoridades tambi\u00e9n reafirm\u00f3 la importancia de articular esfuerzos entre el sistema educativo, los gobiernos y la sociedad civil. \u201cLos estudiantes son los verdaderos protagonistas del futuro de nuestro departamento. Este es un espacio que nos invita a reflexionar y a actuar con responsabilidad sobre los grandes desaf\u00edos que enfrenta la educaci\u00f3n en nuestros tiempos\u201d, se\u00f1al\u00f3 Patricia Viera, secretaria de Gesti\u00f3n Institucional de la Gobernaci\u00f3n cruce\u00f1a, quien destac\u00f3 la responsabilidad de construir una educaci\u00f3n que dialogue con los desaf\u00edos actuales y promueva soluciones colectivas.<\/p>\n<\/blockquote>\n\n\n\n<blockquote class=\"wp-block-quote is-layout-flow wp-block-quote-is-layout-flow\">\n<p>\u00ab<em>La educaci\u00f3n para la sostenibilidad ya no es una utop\u00eda futura, sino una urgencia presente<\/em>. <em>Ante el cambio clim\u00e1tico, las tecnolog\u00edas emergentes y una profunda crisis de sentido, educar para la vida no solo se vuelve una consigna, sino una responsabilidad \u00e9tica<\/em>\u00ab, <em>afirma Ver\u00f3nica \u00c1greda, rectora nacional de Unifranz y presidenta de la Asociaci\u00f3n Nacional de Universidades Privadas de Bolivia (ANUP).<\/em><\/p>\n<\/blockquote>\n\n\n\n<p>El enfoque del FIIE 2025 parte de una convicci\u00f3n compartida: formar ciudadanos capaces de liderar transformaciones conscientes y regenerativas. Seg\u00fan Francesc Pedr\u00f3, director del Instituto Internacional de la UNESCO para la Educaci\u00f3n Superior en Am\u00e9rica Latina y el Caribe (IESALC), la educaci\u00f3n vinculada a la ciencia, la tecnolog\u00eda y la ingenier\u00eda debe estar enmarcada en valores humanos s\u00f3lidos, sin descuidar las humanidades ni las profesiones del cuidado.\u00a0<\/p>\n\n\n\n<p>El FIIE 2025 es una apuesta por una educaci\u00f3n que forma ciudadanos cr\u00edticos, innovadores y emp\u00e1ticos, capaces de liderar con prop\u00f3sito. Es tambi\u00e9n una invitaci\u00f3n a las juventudes de Bolivia y el mundo a alzar la voz, compartir sus ideas y cocrear soluciones que aseguren un futuro m\u00e1s esperanzador y equitativo para todos.<\/p>\n\n\n\n<p>Conoce c\u00f3mo inscribirte y m\u00e1s detalles aqu\u00ed: <a href=\"https:\/\/foro.unifranz.edu.bo\/\" title=\"\">https:\/\/foro.unifranz.edu.bo\/<\/a><\/p>","protected":false},"excerpt":{"rendered":"<p>Educaci\u00f3n para la sostenibilidad, es el lema de la sexta edici\u00f3n del Foro Internacional de Innovaci\u00f3n Educativa (FIIE), que organiza la Universidad Franz Tamayo, Unifranz. Este evento, reconocido como un punto de encuentro clave en la regi\u00f3n, reunir\u00e1 a l\u00edderes acad\u00e9micos, organismos internacionales, autoridades gubernamentales, estudiantes, organizaciones de la sociedad civil y se proyecta como &hellip; <a href=\"https:\/\/unifranz.edu.bo\/pt\/blog\/juventud-con-proposito-unifranz-anuncia-el-vi-foro-internacional-de-innovacion-educativa\/\">Continued<\/a><\/p>","protected":false},"author":33,"featured_media":705700,"comment_status":"open","ping_status":"open","sticky":false,"template":"","format":"standard","meta":{"_acf_changed":false,"footnotes":""},"categories":[2576,60,11010,8130],"tags":[],"class_list":["post-705699","post","type-post","status-publish","format-standard","has-post-thumbnail","hentry","category-unifranz-santa-cruz","category-blog","category-foro-internacional-de-innovacion-educativa","category-foro-internacional-de-innovacion-en-educacion"],"acf":[],"_links":{"self":[{"href":"https:\/\/unifranz.edu.bo\/pt\/wp-json\/wp\/v2\/posts\/705699","targetHints":{"allow":["GET"]}}],"collection":[{"href":"https:\/\/unifranz.edu.bo\/pt\/wp-json\/wp\/v2\/posts"}],"about":[{"href":"https:\/\/unifranz.edu.bo\/pt\/wp-json\/wp\/v2\/types\/post"}],"author":[{"embeddable":true,"href":"https:\/\/unifranz.edu.bo\/pt\/wp-json\/wp\/v2\/users\/33"}],"replies":[{"embeddable":true,"href":"https:\/\/unifranz.edu.bo\/pt\/wp-json\/wp\/v2\/comments?post=705699"}],"version-history":[{"count":1,"href":"https:\/\/unifranz.edu.bo\/pt\/wp-json\/wp\/v2\/posts\/705699\/revisions"}],"predecessor-version":[{"id":705706,"href":"https:\/\/unifranz.edu.bo\/pt\/wp-json\/wp\/v2\/posts\/705699\/revisions\/705706"}],"wp:featuredmedia":[{"embeddable":true,"href":"https:\/\/unifranz.edu.bo\/pt\/wp-json\/wp\/v2\/media\/705700"}],"wp:attachment":[{"href":"https:\/\/unifranz.edu.bo\/pt\/wp-json\/wp\/v2\/media?parent=705699"}],"wp:term":[{"taxonomy":"category","embeddable":true,"href":"https:\/\/unifranz.edu.bo\/pt\/wp-json\/wp\/v2\/categories?post=705699"},{"taxonomy":"post_tag","embeddable":true,"href":"https:\/\/unifranz.edu.bo\/pt\/wp-json\/wp\/v2\/tags?post=705699"}],"curies":[{"name":"wp","href":"https:\/\/api.w.org\/{rel}","templated":true}]}}