{"id":705570,"date":"2025-06-06T18:16:04","date_gmt":"2025-06-06T22:16:04","guid":{"rendered":"https:\/\/unifranz.edu.bo\/?p=705570"},"modified":"2025-06-06T20:28:29","modified_gmt":"2025-06-07T00:28:29","slug":"creatividad-universitaria-estudiantes-crean-serum-natural-a-base-de-yuca-para-sanar-la-piel","status":"publish","type":"post","link":"https:\/\/unifranz.edu.bo\/pt\/blog\/creatividad-universitaria-estudiantes-crean-serum-natural-a-base-de-yuca-para-sanar-la-piel\/","title":{"rendered":"Creatividad universitaria: estudiantes crean s\u00e9rum natural a base de yuca para sanar la piel"},"content":{"rendered":"<p>Frente al auge de productos cosm\u00e9ticos con largas listas de ingredientes artificiales, un grupo de estudiantes bolivianos apuesta por lo esencial: el almid\u00f3n de yuca. Este ingrediente natural, extra\u00eddo de una ra\u00edz ancestral, est\u00e1 revolucionando la manera de cuidar la piel, ofreciendo una alternativa m\u00e1s segura, econ\u00f3mica y amigable con el planeta.<\/p>\n\n\n\n<p>En la actualidad cada vez m\u00e1s personas buscan alternativas naturales para cuidar su piel, el almid\u00f3n de yuca se posiciona como una opci\u00f3n poderosa, accesible y profundamente respetuosa con el cuerpo y el medio ambiente. As\u00ed lo demuestra un proyecto innovador impulsado por estudiantes de tercer semestre de Bioqu\u00edmica y Farmacia de la Universidad Franz Tamayo, Unifranz, quienes est\u00e1n desarrollando un s\u00e9rum facial a base de almid\u00f3n de yuca como parte de su asignatura de Proyecto Integrador.<\/p>\n\n\n\n<p>Micaela R\u00edos, estudiante de Bioqu\u00edmica y Farmacia de la Universidad Franz Tamayo, Unifranz, quien form\u00f3 parte del equipo, explica que el serum cicatrizante \u201ces m\u00e1s que todo para controlar el acn\u00e9, eliminar las manchitas y, de forma general, para cuidar la piel del rostro\u201d.&nbsp;<\/p>\n\n\n\n<p>En tanto, Danitza Mamani,&nbsp; docente de Bioqu\u00edmica y Farmacia y mentora del proyecto, destaca que el almid\u00f3n de yuca posee propiedades excepcionales para el cuidado de la piel.&nbsp;<\/p>\n\n\n\n<blockquote class=\"wp-block-quote is-layout-flow wp-block-quote-is-layout-flow\">\n<p>\u201cEs absorbente, calmante, matificante y no obstruye los poros, lo que lo convierte en un ingrediente ideal para pieles grasas o sensibles\u201d, puntualiza.<\/p>\n<\/blockquote>\n\n\n\n<p>La industria cosm\u00e9tica muestra un crecimiento constante en su producci\u00f3n y ventas a nivel global, con una tendencia hacia la innovaci\u00f3n y la adopci\u00f3n de nuevas estrategias de marketing, superando los 400.000 millones de d\u00f3lares de ingresos en 2023, con la previsi\u00f3n de alcanzar los 700.000 millones de d\u00f3lares en 2032.<\/p>\n\n\n\n<p>Sin embargo, en muchos casos, la producci\u00f3n de estos cosm\u00e9ticos utiliza ingredientes artificiales o sint\u00e9ticos, tales como los conservantes, colorantes, fragancias, emulsionantes, siliconas o \u00e1cido hialur\u00f3nico que podr\u00edan provocar efectos secundarios en la piel o generar impacto negativo en el medio ambiente.&nbsp;<\/p>\n\n\n\n<figure class=\"wp-block-embed is-type-video is-provider-youtube wp-block-embed-youtube wp-embed-aspect-16-9 wp-has-aspect-ratio\"><div class=\"wp-block-embed__wrapper\">\n<iframe loading=\"lazy\" title=\"Creatividad universitaria: estudiantes crean s\u00e9rum natural a base de yuca para sanar la piel\" width=\"500\" height=\"281\" src=\"https:\/\/www.youtube.com\/embed\/45EWqe1LdBk?feature=oembed\" frameborder=\"0\" allow=\"accelerometer; autoplay; clipboard-write; encrypted-media; gyroscope; picture-in-picture; web-share\" referrerpolicy=\"strict-origin-when-cross-origin\" allowfullscreen><\/iframe>\n<\/div><\/figure>\n\n\n\n<h2 class=\"wp-block-heading\"><strong>La yuca es un s\u00faper ingrediente natural<\/strong><\/h2>\n\n\n\n<p>La ra\u00edz de yuca, conocida por su uso alimenticio en Am\u00e9rica Latina, esconde en su interior una composici\u00f3n qu\u00edmica ideal para la cosm\u00e9tica natural. Su almid\u00f3n est\u00e1 formado por carbohidratos complejos como la amilosa y la amilopectina, que otorgan propiedades suavizantes y absorbentes.<\/p>\n\n\n\n<blockquote class=\"wp-block-quote is-layout-flow wp-block-quote-is-layout-flow\">\n<p>Rousse Adriana Ar\u00e9valo Alc\u00f3n, otra integrante del equipo, se\u00f1ala que ellos escogieron trabajar su proyecto con el almid\u00f3n de yuca como una propuesta innovadora. \u201cEn ning\u00fan producto podemos ver las propiedades del almid\u00f3n de yuca, en especial su cualidad para suavizar, calmar, absorber y sobre todo, ayudar a la piel\u201d.<\/p>\n<\/blockquote>\n\n\n\n<p>Adem\u00e1s, contiene fibras diet\u00e9ticas que ayudan a retener la humedad, minerales como el potasio, calcio y magnesio que nutren la piel a nivel celular, y compuestos fen\u00f3licos con una potente acci\u00f3n antioxidante.<\/p>\n\n\n\n<p>\u201cGracias a esta composici\u00f3n, el almid\u00f3n de yuca puede absorber el exceso de grasa sin resecar, calmar irritaciones gracias a su efecto antiinflamatorio y dejar un acabado mate muy valorado en cosm\u00e9tica\u201d, se\u00f1ala Mamani.<\/p>\n\n\n\n<h2 class=\"wp-block-heading\"><strong>Cosm\u00e9tica sin qu\u00edmicos: c\u00f3mo se obtiene el almid\u00f3n puro<\/strong><\/h2>\n\n\n\n<p>El proceso de extracci\u00f3n del almid\u00f3n de yuca es completamente natural y libre de qu\u00edmicos, lo que lo convierte en una excelente alternativa para quienes buscan productos m\u00e1s limpios.<\/p>\n\n\n\n<p>Primero se realiza el lavado y pelado de las ra\u00edces, seguido de su trituraci\u00f3n y prensado para obtener una pulpa l\u00edquida. Luego, se lleva a cabo un proceso de decantaci\u00f3n y secado, tras el cual se separa el agua y se obtiene el almid\u00f3n en polvo. Finalmente, mediante centrifugaci\u00f3n, se eliminan las impurezas, logrando un producto fino y purificado.<\/p>\n\n\n\n<p>\u201cEste es un proceso sencillo pero efectivo que conserva las propiedades del almid\u00f3n intactas. En algunos casos, se le puede a\u00f1adir \u00f3xido de zinc o aceites esenciales para potenciar sus beneficios, pero el principio activo es siempre natural\u201d, detalla la docente de Bioqu\u00edmica de Unifranz.<\/p>\n\n\n\n<h2 class=\"wp-block-heading\"><strong>Innovaci\u00f3n estudiantil con impacto real<\/strong><\/h2>\n\n\n\n<p>El proyecto integrador de los estudiantes de Unifranz se enfoca en aprovechar el almid\u00f3n de yuca como ingrediente activo en un s\u00e9rum facial innovador. Este producto, actualmente en fase experimental, se perfila como una soluci\u00f3n cosm\u00e9tica m\u00e1s segura y ecol\u00f3gica frente a los productos convencionales, que muchas veces contienen compuestos sint\u00e9ticos que pueden provocar reacciones adversas.<\/p>\n\n\n\n<p>\u201cQueremos demostrar que desde Bolivia se pueden desarrollar productos de alta calidad, con ingredientes naturales y una mirada responsable hacia el medio ambiente y la salud de las personas\u201d, comenta Mamani.<\/p>\n\n\n\n<p>La iniciativa no solo refuerza el aprendizaje pr\u00e1ctico, bajo la metodolog\u00eda del aprender haciendo, de los futuros bioqu\u00edmicos y farmac\u00e9uticos, sino que tambi\u00e9n abre la posibilidad de escalar el proyecto a una producci\u00f3n comercial, generando valor local y potencial econ\u00f3mico para las comunidades productoras de yuca.<\/p>\n\n\n\n<h2 class=\"wp-block-heading\"><strong>Suavidad, frescura y seguridad para todo tipo de piel<\/strong><\/h2>\n\n\n\n<p>Uno de los puntos fuertes del almid\u00f3n de yuca es su versatilidad y bajo nivel de riesgo. Al ser un ingrediente natural, las probabilidades de provocar reacciones al\u00e9rgicas son m\u00ednimas, salvo en casos de sensibilidad espec\u00edfica.<\/p>\n\n\n\n<p>\u201cEl almid\u00f3n de yuca hidrata, calma y matifica. Y lo m\u00e1s importante, lo hace sin qu\u00edmicos agresivos, sin siliconas ni alcoholes que da\u00f1en la barrera cut\u00e1nea. Es una opci\u00f3n especialmente recomendada para personas con piel sensible, mixta o grasa\u201d, explica la acad\u00e9mica.<\/p>\n\n\n\n<p>Adem\u00e1s de su uso facial, este ingrediente tambi\u00e9n est\u00e1 ganando popularidad en productos capilares, donde se utiliza para controlar la oleosidad del cuero cabelludo y aportar volumen sin necesidad de lavados frecuentes.<\/p>\n\n\n\n<h2 class=\"wp-block-heading\"><strong>Cosm\u00e9tica con prop\u00f3sito: volver a lo natural<\/strong><\/h2>\n\n\n\n<p>El trabajo liderado por los estudiantes de Unifranz responde a una tendencia global: la revalorizaci\u00f3n de lo natural en la industria cosm\u00e9tica. Frente a la saturaci\u00f3n de productos llenos de ingredientes artificiales, el consumidor actual se inclina por f\u00f3rmulas limpias, sostenibles y con beneficios reales para la salud de la piel.<\/p>\n\n\n\n<blockquote class=\"wp-block-quote is-layout-flow wp-block-quote-is-layout-flow\">\n<p>\u201cEl almid\u00f3n de yuca no solo es efectivo, tambi\u00e9n es sostenible. Su producci\u00f3n genera menos residuos y puede integrarse en una cadena productiva local que beneficia a productores rurales, estudiantes e incluso emprendedores en el \u00e1rea de cosm\u00e9tica natural\u201d, concluye Mamani.<\/p>\n<\/blockquote>\n\n\n\n<p>Este proyecto ejemplifica c\u00f3mo la educaci\u00f3n superior, la investigaci\u00f3n y la innovaci\u00f3n pueden unirse para generar soluciones concretas que mejoren la calidad de vida de las personas. Iniciativas como esta demuestran que las nuevas generaciones no solo sue\u00f1an con transformar el mundo, sino que lo hacen realidad desde el aula, desarrollando pensamiento cr\u00edtico, empat\u00eda y la capacidad de responder a los desaf\u00edos actuales con una visi\u00f3n de futuro sostenible.<\/p>\n\n\n\n<p>Esta mirada transformadora sobre la educaci\u00f3n ser\u00e1 uno de los ejes centrales del VI Foro Internacional de Innovaci\u00f3n Educativa (FIIE), que este a\u00f1o se desarrollar\u00e1 bajo el lema \u201cEducaci\u00f3n para la sostenibilidad\u201d, el 3 y 4 de julio en la ciudad de Santa Cruz. Organizado por Unifranz, el evento busca construir una hoja de ruta que impulse una educaci\u00f3n inclusiva, de calidad y alineada con los objetivos de desarrollo sostenible en Am\u00e9rica Latina hacia el 2050.<\/p>","protected":false},"excerpt":{"rendered":"<p>Frente al auge de productos cosm\u00e9ticos con largas listas de ingredientes artificiales, un grupo de estudiantes bolivianos apuesta por lo esencial: el almid\u00f3n de yuca. Este ingrediente natural, extra\u00eddo de una ra\u00edz ancestral, est\u00e1 revolucionando la manera de cuidar la piel, ofreciendo una alternativa m\u00e1s segura, econ\u00f3mica y amigable con el planeta.<\/p>","protected":false},"author":50,"featured_media":705584,"comment_status":"open","ping_status":"open","sticky":false,"template":"","format":"standard","meta":{"_acf_changed":false,"footnotes":""},"categories":[1948,60],"tags":[833,1422,5550,11080,242],"class_list":["post-705570","post","type-post","status-publish","format-standard","has-post-thumbnail","hentry","category-bioquimica-y-farmacia","category-blog","tag-bioquimica-y-farmacia","tag-innovacion-en-educacion","tag-piel","tag-serum","tag-unifranz"],"acf":[],"_links":{"self":[{"href":"https:\/\/unifranz.edu.bo\/pt\/wp-json\/wp\/v2\/posts\/705570","targetHints":{"allow":["GET"]}}],"collection":[{"href":"https:\/\/unifranz.edu.bo\/pt\/wp-json\/wp\/v2\/posts"}],"about":[{"href":"https:\/\/unifranz.edu.bo\/pt\/wp-json\/wp\/v2\/types\/post"}],"author":[{"embeddable":true,"href":"https:\/\/unifranz.edu.bo\/pt\/wp-json\/wp\/v2\/users\/50"}],"replies":[{"embeddable":true,"href":"https:\/\/unifranz.edu.bo\/pt\/wp-json\/wp\/v2\/comments?post=705570"}],"version-history":[{"count":3,"href":"https:\/\/unifranz.edu.bo\/pt\/wp-json\/wp\/v2\/posts\/705570\/revisions"}],"predecessor-version":[{"id":705585,"href":"https:\/\/unifranz.edu.bo\/pt\/wp-json\/wp\/v2\/posts\/705570\/revisions\/705585"}],"wp:featuredmedia":[{"embeddable":true,"href":"https:\/\/unifranz.edu.bo\/pt\/wp-json\/wp\/v2\/media\/705584"}],"wp:attachment":[{"href":"https:\/\/unifranz.edu.bo\/pt\/wp-json\/wp\/v2\/media?parent=705570"}],"wp:term":[{"taxonomy":"category","embeddable":true,"href":"https:\/\/unifranz.edu.bo\/pt\/wp-json\/wp\/v2\/categories?post=705570"},{"taxonomy":"post_tag","embeddable":true,"href":"https:\/\/unifranz.edu.bo\/pt\/wp-json\/wp\/v2\/tags?post=705570"}],"curies":[{"name":"wp","href":"https:\/\/api.w.org\/{rel}","templated":true}]}}