{"id":705549,"date":"2025-06-06T11:53:13","date_gmt":"2025-06-06T15:53:13","guid":{"rendered":"https:\/\/unifranz.edu.bo\/?p=705549"},"modified":"2025-06-06T11:53:16","modified_gmt":"2025-06-06T15:53:16","slug":"regis-college-dos-estados-unidos-chega-a-bolivia-para-explorar-o-modelo-educacional-da-unifranz","status":"publish","type":"post","link":"https:\/\/unifranz.edu.bo\/pt\/blog\/regis-college-dos-estados-unidos-chega-a-bolivia-para-explorar-o-modelo-educacional-da-unifranz\/","title":{"rendered":"Regis College, dos Estados Unidos, chega \u00e0 Bol\u00edvia para explorar o modelo educacional da Unifranz"},"content":{"rendered":"<p>A mobilidade estudantil e a colabora\u00e7\u00e3o entre universidades de diferentes pa\u00edses est\u00e3o consolidadas como ferramentas fundamentais para a forma\u00e7\u00e3o de profissionais de sa\u00fade com vis\u00e3o global. Nesse contexto, estudantes do Regis College (EUA) visitaram a Bol\u00edvia para conhecer seu sistema de sa\u00fade e fortalecer suas compet\u00eancias acad\u00eamicas e interculturais por meio de uma alian\u00e7a interinstitucional com a Universidad Franz Tamayo, Unifranz.<\/p>\n\n\n\n<p>A parceria entre as duas institui\u00e7\u00f5es \u00e9 baseada na coopera\u00e7\u00e3o acad\u00eamica internacional que inclui programas de interc\u00e2mbio, pesquisa conjunta e desenvolvimento de compet\u00eancias globais. Esses v\u00ednculos permitem que os alunos adquiram ferramentas que v\u00e3o al\u00e9m da sala de aula e do laborat\u00f3rio.<\/p>\n\n\n\n<p>Essas parcerias, que fazem parte da internacionaliza\u00e7\u00e3o do ensino superior, tornaram-se um pilar estrat\u00e9gico para a forma\u00e7\u00e3o de profissionais com uma vis\u00e3o hol\u00edstica do mundo.<\/p>\n\n\n\n<p>No campo das ci\u00eancias da sa\u00fade, os interc\u00e2mbios acad\u00eamicos permitem que os alunos aprendam sobre diferentes realidades cl\u00ednicas, desenvolvam compet\u00eancias interculturais e ampliem sua compreens\u00e3o do atendimento ao paciente. Um exemplo claro \u00e9 a recente visita de alunos do Regis College (EUA) \u00e0 Bol\u00edvia, onde viveram uma experi\u00eancia imersiva em institui\u00e7\u00f5es acad\u00eamicas e de sa\u00fade, no \u00e2mbito de uma alian\u00e7a com a Universidade Franz Tamayo, Unifranz.<\/p>\n\n\n\n<blockquote class=\"wp-block-quote is-layout-flow wp-block-quote-is-layout-flow\">\n<p>\u201cO principal objetivo da visita foi fortalecer os la\u00e7os acad\u00eamicos e culturais por meio de um interc\u00e2mbio que permitiu que os alunos aprendessem sobre o sistema de sa\u00fade boliviano e compartilhassem experi\u00eancias no campo da forma\u00e7\u00e3o em ci\u00eancias da sa\u00fade\u201d, disse Patricia Avil\u00e9s, diretora do programa de enfermagem da Unifranz.<\/p>\n<\/blockquote>\n\n\n\n<p>Durante sua estada, os alunos do Regis College participaram de v\u00e1rias atividades acad\u00eamicas e cl\u00ednicas destinadas a promover o aprendizado pr\u00e1tico. As principais experi\u00eancias inclu\u00edram discuss\u00f5es com professores e alunos da Unifranz, visitas guiadas a laborat\u00f3rios de \u00faltima gera\u00e7\u00e3o e sess\u00f5es de simula\u00e7\u00e3o cl\u00ednica.<\/p>\n\n\n\n<p>Um dos dias mais significativos foi a visita \u00e0 Cl\u00ednica Foianini, onde os jovens americanos puderam observar em primeira m\u00e3o a pr\u00e1tica da enfermagem em diferentes servi\u00e7os, analisar protocolos de atendimento e comparar m\u00e9todos de atendimento ao paciente entre os dois pa\u00edses.<\/p>\n\n\n\n<p>Avil\u00e9s destacou o valor formativo desses espa\u00e7os. \u00abO encontro permitiu que os alunos desenvolvessem uma compreens\u00e3o intercultural mais profunda, apreciassem diferentes perspectivas sobre a assist\u00eancia m\u00e9dica e comparassem abordagens acad\u00eamicas e cl\u00ednicas entre os dois pa\u00edses. Esse tipo de experi\u00eancia fortalece a abordagem da educa\u00e7\u00e3o em sa\u00fade com uma perspectiva global.<\/p>\n\n\n\n<p>Durante a visita \u00e0 Unifranz, os alunos tamb\u00e9m conheceram os avan\u00e7os tecnol\u00f3gicos da universidade na \u00e1rea m\u00e9dica, como a mesa anat\u00f4mica digital, os visualizadores de realidade aumentada (RA) e o uso de intelig\u00eancia artificial (IA) em ambientes cl\u00ednicos simulados. A infraestrutura e os recursos de ensino surpreenderam muitos dos visitantes.<\/p>\n\n\n\n<blockquote class=\"wp-block-quote is-layout-flow wp-block-quote-is-layout-flow\">\n<p>\u201cA faculdade realmente impressionou a todos, inclusive a mim, com a tecnologia avan\u00e7ada que eles t\u00eam para o ensino e a pr\u00e1tica com pacientes\u201d, disse a estudante Mary Ann, da Regis College. A estudante acrescentou que o n\u00edvel de conhecimento da equipe de ensino e cl\u00ednica era excepcional e que todas as suas d\u00favidas foram respondidas de forma clara e completa.<\/p>\n\n\n\n<figure class=\"wp-block-embed is-type-video is-provider-youtube wp-block-embed-youtube wp-embed-aspect-16-9 wp-has-aspect-ratio\"><div class=\"wp-block-embed__wrapper\">\n<iframe loading=\"lazy\" title=\"Regis College de Estados Unidos llega a Bolivia para explorar el modelo educativo de Unifranz\" width=\"500\" height=\"281\" src=\"https:\/\/www.youtube.com\/embed\/StO6EOEqrkI?feature=oembed\" frameborder=\"0\" allow=\"accelerometer; autoplay; clipboard-write; encrypted-media; gyroscope; picture-in-picture; web-share\" referrerpolicy=\"strict-origin-when-cross-origin\" allowfullscreen><\/iframe>\n<\/div><\/figure>\n<\/blockquote>\n\n\n\n<p>O dia tamb\u00e9m permitiu que os alunos interagissem com os pacientes, aprendessem sobre a din\u00e2mica de um pronto-socorro e observassem o atendimento na unidade de terapia intensiva (UTI), o que enriqueceu sua compreens\u00e3o dos processos cl\u00ednicos e do contexto local de sa\u00fade.<\/p>\n\n\n\n<p>\u00abDefinitivamente, acho que n\u00e3o tenho palavras para expressar o que eu realmente gostaria de dizer. Estou completamente maravilhada\u00bb, acrescentou Mary Ann.<\/p>\n\n\n\n<p>A experi\u00eancia foi igualmente significativa para Megan E. Gibbons, diretora do Center for Global Connections do Regis College, que acompanhou o grupo durante sua estada na Bol\u00edvia.<\/p>\n\n\n\n<p>\u201cA oportunidade de ir \u00e0 Bol\u00edvia, conhecer mais sobre a cultura e aprender um pouco sobre o sistema de sa\u00fade p\u00fablica para nossos alunos \u00e9 uma experi\u00eancia \u00fanica e inesquec\u00edvel\u201d, disse ela.<\/p>\n\n\n\n<p>De acordo com Gibbons, esse tipo de iniciativa n\u00e3o apenas oferece aos alunos uma perspectiva comparativa entre os sistemas, mas tamb\u00e9m impulsiona seu desenvolvimento profissional e intercultural. \u00abEles ser\u00e3o melhores profissionais porque tiveram essa experi\u00eancia cultural e poder\u00e3o cuidar de seus futuros pacientes de uma maneira melhor.<\/p>\n\n\n\n<p>Essas atividades fazem parte de uma alian\u00e7a internacional entre a Unifranz e o Regis College, focada na coopera\u00e7\u00e3o acad\u00eamica, na pesquisa conjunta e no desenvolvimento de compet\u00eancias globais. Gra\u00e7as a esse tipo de conv\u00eanio, os estudantes bolivianos tamb\u00e9m t\u00eam a oportunidade de participar de interc\u00e2mbios e se preparar para atuar em cen\u00e1rios internacionais.<\/p>\n\n\n\n<p>O Regis College \u00e9 uma institui\u00e7\u00e3o de ensino superior localizada em Weston, Massachusetts. Fundada em 1927 pelas Irm\u00e3s de S\u00e3o Jos\u00e9 de Boston, essa universidade particular se caracteriza por oferecer uma educa\u00e7\u00e3o acad\u00eamica abrangente com \u00eanfase em valores human\u00edsticos e servi\u00e7os comunit\u00e1rios. Com uma forte presen\u00e7a nas \u00e1reas de ci\u00eancias da sa\u00fade, enfermagem, educa\u00e7\u00e3o e neg\u00f3cios, a Regis College estabeleceu sua reputa\u00e7\u00e3o como uma universidade comprometida com o desenvolvimento profissional e \u00e9tico de seus alunos.<\/p>\n\n\n\n<p>A visita \u00e0 Bol\u00edvia faz parte do interesse do Regis College em oferecer \u00e0 sua comunidade acad\u00eamica experi\u00eancias internacionais que fortale\u00e7am seu perfil profissional. Ao colaborar com institui\u00e7\u00f5es como a Unifranz, busca ampliar os horizontes educacionais de seus alunos, permitindo que eles enfrentem contextos diferentes dos seus e promovam uma educa\u00e7\u00e3o verdadeiramente global.<\/p>\n\n\n\n<p>Esse acordo estabelece a possibilidade de experi\u00eancias de internacionaliza\u00e7\u00e3o curtas, com dura\u00e7\u00e3o de uma semana, nas quais os alunos podem visitar os campi das universidades para conhecer os modelos educacionais de cada uma.<\/p>\n\n\n\n<p>Em um mundo cada vez mais interconectado, a educa\u00e7\u00e3o em sa\u00fade n\u00e3o pode mais se limitar \u00e0s fronteiras nacionais. Iniciativas como a liderada pelo Regis College e pela Unifranz demonstram que o conhecimento, a empatia e a voca\u00e7\u00e3o para o servi\u00e7o n\u00e3o conhecem fronteiras geogr\u00e1ficas e que a coopera\u00e7\u00e3o entre pa\u00edses pode ser uma ferramenta poderosa para treinar os profissionais de amanh\u00e3.<\/p>","protected":false},"excerpt":{"rendered":"<p>A mobilidade estudantil e a colabora\u00e7\u00e3o entre universidades de diferentes pa\u00edses est\u00e3o consolidadas como ferramentas fundamentais para a forma\u00e7\u00e3o de profissionais de sa\u00fade com vis\u00e3o global. Nesse contexto, estudantes do Regis College (EUA) visitaram a Bol\u00edvia para conhecer seu sistema de sa\u00fade e fortalecer suas compet\u00eancias acad\u00eamicas e interculturais por meio de uma alian\u00e7a interinstitucional com a Universidad Franz Tamayo, Unifranz.<\/p>","protected":false},"author":45,"featured_media":705344,"comment_status":"open","ping_status":"open","sticky":false,"template":"","format":"standard","meta":{"_acf_changed":false,"footnotes":""},"categories":[60,1862],"tags":[11076,53,348,1422,242],"class_list":["post-705549","post","type-post","status-publish","format-standard","has-post-thumbnail","hentry","category-blog","category-educacion","tag-brail","tag-educacion","tag-estados-unidos","tag-innovacion-en-educacion","tag-unifranz"],"acf":[],"_links":{"self":[{"href":"https:\/\/unifranz.edu.bo\/pt\/wp-json\/wp\/v2\/posts\/705549","targetHints":{"allow":["GET"]}}],"collection":[{"href":"https:\/\/unifranz.edu.bo\/pt\/wp-json\/wp\/v2\/posts"}],"about":[{"href":"https:\/\/unifranz.edu.bo\/pt\/wp-json\/wp\/v2\/types\/post"}],"author":[{"embeddable":true,"href":"https:\/\/unifranz.edu.bo\/pt\/wp-json\/wp\/v2\/users\/45"}],"replies":[{"embeddable":true,"href":"https:\/\/unifranz.edu.bo\/pt\/wp-json\/wp\/v2\/comments?post=705549"}],"version-history":[{"count":1,"href":"https:\/\/unifranz.edu.bo\/pt\/wp-json\/wp\/v2\/posts\/705549\/revisions"}],"predecessor-version":[{"id":705550,"href":"https:\/\/unifranz.edu.bo\/pt\/wp-json\/wp\/v2\/posts\/705549\/revisions\/705550"}],"wp:featuredmedia":[{"embeddable":true,"href":"https:\/\/unifranz.edu.bo\/pt\/wp-json\/wp\/v2\/media\/705344"}],"wp:attachment":[{"href":"https:\/\/unifranz.edu.bo\/pt\/wp-json\/wp\/v2\/media?parent=705549"}],"wp:term":[{"taxonomy":"category","embeddable":true,"href":"https:\/\/unifranz.edu.bo\/pt\/wp-json\/wp\/v2\/categories?post=705549"},{"taxonomy":"post_tag","embeddable":true,"href":"https:\/\/unifranz.edu.bo\/pt\/wp-json\/wp\/v2\/tags?post=705549"}],"curies":[{"name":"wp","href":"https:\/\/api.w.org\/{rel}","templated":true}]}}