{"id":705410,"date":"2025-06-03T17:28:58","date_gmt":"2025-06-03T21:28:58","guid":{"rendered":"https:\/\/unifranz.edu.bo\/?p=705410"},"modified":"2025-06-05T19:47:02","modified_gmt":"2025-06-05T23:47:02","slug":"mas-alla-de-un-sello-como-la-acreditacion-internacional-transforma-la-vida-de-los-estudiantes","status":"publish","type":"post","link":"https:\/\/unifranz.edu.bo\/pt\/blog\/mas-alla-de-un-sello-como-la-acreditacion-internacional-transforma-la-vida-de-los-estudiantes\/","title":{"rendered":"M\u00e1s all\u00e1 de un sello: c\u00f3mo la acreditaci\u00f3n internacional transforma la vida de los estudiantes\u00a0"},"content":{"rendered":"<p>La acreditaci\u00f3n internacional no solo garantiza calidad educativa; abre puertas al mundo, potencia el perfil profesional de los egresados y redefine el alma de una universidad. Para estudiantes bolivianos, este reconocimiento trasciende lo acad\u00e9mico y se convierte en una oportunidad para competir globalmente, adaptarse a nuevas culturas y construir un futuro con visi\u00f3n internacional.<\/p>\n\n\n\n<p>En una coyuntura donde la educaci\u00f3n se mide no solo por t\u00edtulos, sino por la capacidad de sus egresados para adaptarse, innovar y liderar, la acreditaci\u00f3n internacional se proyecta como un verdadero catalizador del cambio, seg\u00fan Reinaldo Cifuentes, coordinador general de la Red de Administradores Universitarios (RAUI Am\u00e9rica).<\/p>\n\n\n\n<blockquote class=\"wp-block-quote is-layout-flow wp-block-quote-is-layout-flow\">\n<p>\u201cEste proceso no solo mejora la calidad institucional, sino que obliga a repensar los modelos acad\u00e9micos y administrativos desde una dimensi\u00f3n global\u201d, destaca el experto internacional.<\/p>\n<\/blockquote>\n\n\n\n<p>En el contexto boliviano, universidades como la Universidad Franz Tamayo, Unifranz, que apuestan por procesos de acreditaci\u00f3n internacional en \u00e1reas clave como Medicina u Odontolog\u00eda, est\u00e1n dando pasos firmes hacia un modelo educativo competitivo, orientado a la excelencia y la proyecci\u00f3n internacional de sus egresados.<\/p>\n\n\n\n<blockquote class=\"wp-block-quote is-layout-flow wp-block-quote-is-layout-flow\">\n<p>\u201cSometerse a una acreditaci\u00f3n internacional obliga a las universidades a mirarse en el espejo de est\u00e1ndares globales\u201d, se\u00f1ala Cifuentes, \u201ceso implica revisar la gobernanza institucional, los proyectos acad\u00e9micos, el bienestar estudiantil y la vinculaci\u00f3n con el medio. Todo se eleva\u201d.<\/p>\n<\/blockquote>\n\n\n\n<p>Cifuentes moderar\u00e1 el panel de expertos \u201cAcreditaci\u00f3n y pol\u00edticas p\u00fablicas: Hacia modelos de evaluaci\u00f3n innovadores para la educaci\u00f3n del futuro\u201d del VI Foro Internacional de Innovaci\u00f3n Educativa (FIIE 2025), que se celebrar\u00e1 el 3 y 4 de julio en Santa Cruz de la Sierra, Bolivia. El evento, organizado por Unifranz, congregar\u00e1 a expertos internacionales en innovaci\u00f3n educativa con un enfoque especial sobre la educaci\u00f3n del futuro.<\/p>\n\n\n\n<h2 class=\"wp-block-heading\"><strong>Elevar la vara institucional y proyectar la docencia internacional<\/strong><\/h2>\n\n\n\n<p>Seg\u00fan Cifuentes, uno de los principales impactos es que las universidades se ven forzadas a repensar c\u00f3mo ense\u00f1an, a qui\u00e9nes ense\u00f1an y desde qu\u00e9 contexto cultural lo hacen.&nbsp;<\/p>\n\n\n\n<p>\u201cNo es lo mismo ense\u00f1ar a estudiantes bolivianos que a mexicanos, por ejemplo. No porque sean distintos, sino porque hay tamices culturales que deben considerarse, desde lo \u00e9tico hasta lo sociocultural. La docencia debe adaptarse a ese contexto internacional\u201d, explica.<\/p>\n\n\n\n<p>Esta reflexi\u00f3n se convierte en un punto clave para el desarrollo de competencias blandas en los estudiantes, como la empat\u00eda intercultural, la capacidad de comunicaci\u00f3n global y el trabajo colaborativo internacional, que hoy en d\u00eda son altamente valoradas por las empresas.<\/p>\n\n\n\n<h2 class=\"wp-block-heading\"><strong>Acreditaci\u00f3n como sello de valor<\/strong><\/h2>\n\n\n\n<p>M\u00e1s all\u00e1 de lo acad\u00e9mico, la acreditaci\u00f3n internacional act\u00faa como un sello de marca para las universidades y sus egresados.&nbsp;<\/p>\n\n\n\n<p>Cifuentes explica que \u201celeva la imagen institucional y, por ende, la marca de valor que los estudiantes llevan cuando egresan. En mercados laborales tan competitivos como los actuales, ese sello puede marcar la diferencia entre ser uno m\u00e1s o ser el elegido\u201d.<\/p>\n\n\n\n<p>Esto es particularmente relevante en Bolivia, donde los procesos de acreditaci\u00f3n, como los del sistema Arcu-Sur, brindan reconocimiento binacional o multinacional, facilitando la homologaci\u00f3n de t\u00edtulos en pa\u00edses como Argentina, Uruguay, Paraguay o Brasil.&nbsp;<\/p>\n\n\n\n<p>\u201cNo todos los pa\u00edses tienen esta ventaja. Bolivia, en ese sentido, est\u00e1 dando un paso importante\u201d, recalca el experto.<\/p>\n\n\n\n<h2 class=\"wp-block-heading\"><strong>Competencias que cruzan fronteras<\/strong><\/h2>\n\n\n\n<p>Estudiar en una universidad con acreditaci\u00f3n internacional tambi\u00e9n potencia la movilidad estudiantil, un factor clave en la formaci\u00f3n de profesionales con mentalidad global. Ya sea a trav\u00e9s de programas presenciales o de intercambio virtual, como los que se han masificado tras la pandemia, los estudiantes adquieren nuevas perspectivas y habilidades que los preparan para un mundo interconectado.<\/p>\n\n\n\n<p>\u201cLa movilidad ya no solo implica subirse a un avi\u00f3n. Tambi\u00e9n se da desde pr\u00e1cticas digitales. Este tipo de internacionalizaci\u00f3n matizada est\u00e1 transformando la forma de aprender y ense\u00f1ar en Am\u00e9rica Latina\u201d, reflexiona Cifuentes.<\/p>\n\n\n\n<p>Estas experiencias permiten a los estudiantes aprender nuevos idiomas, desarrollar competencias digitales, interactuar con otras culturas y comprender realidades complejas desde una mirada global, atributos esenciales en cualquier profesional del siglo XXI.<\/p>\n\n\n\n<h2 class=\"wp-block-heading\"><strong>Internacionalizaci\u00f3n y alma institucional<\/strong><\/h2>\n\n\n\n<p>En palabras de Cifuentes, la acreditaci\u00f3n internacional tiene una dimensi\u00f3n m\u00e1s profunda que trasciende lo t\u00e9cnico. \u201cDefine el alma de una universidad. Una instituci\u00f3n que se somete a este proceso est\u00e1 diciendo al mundo que cree en la mejora continua, en la transparencia, en la calidad y en la pertinencia social de su ense\u00f1anza\u201d.<\/p>\n\n\n\n<p>Para los estudiantes, esto se traduce en una formaci\u00f3n m\u00e1s completa, integral y contextualizada, que no solo los prepara para insertarse en el mundo laboral, sino para liderarlo con responsabilidad y visi\u00f3n.<\/p>\n\n\n\n<p>\u201cEste sello distintivo ayuda a los estudiantes a lograr competencias blandas, capacidades de adaptarse, de trabajar con otros, de crecer. Es un valor a\u00f1adido que impacta directamente en su futuro profesional\u201d, afirma.<\/p>\n\n\n\n<h2 class=\"wp-block-heading\"><strong>Competitividad profesional<\/strong><\/h2>\n\n\n\n<p>Los egresados de universidades con acreditaci\u00f3n internacional no solo son mejores estudiantes, sino tambi\u00e9n mejores profesionales. Con un perfil m\u00e1s robusto, una mentalidad abierta y una red de contactos internacional, acceden a mejores oportunidades laborales y a una mayor proyecci\u00f3n en sus carreras.<\/p>\n\n\n\n<p>En definitiva, la acreditaci\u00f3n internacional impacta en la calidad educativa porque la obliga a renovarse constantemente, a responder a est\u00e1ndares cada vez m\u00e1s exigentes y a preparar estudiantes no solo para su pa\u00eds, sino para el mundo.<\/p>\n\n\n\n<blockquote class=\"wp-block-quote is-layout-flow wp-block-quote-is-layout-flow\">\n<p>\u201cDesde los \u00e1mbitos acad\u00e9mico, sociocultural y de marketing, la acreditaci\u00f3n internacional se convierte en una inversi\u00f3n estrat\u00e9gica. No solo construye prestigio institucional, sino que multiplica las oportunidades de quienes deciden formarse en esas universidades\u201d, concluye Cifuentes.<\/p>\n<\/blockquote>","protected":false},"excerpt":{"rendered":"<p>Cifuentes moderar\u00e1 el panel de expertos \u201cAcreditaci\u00f3n y pol\u00edticas p\u00fablicas: Hacia modelos de evaluaci\u00f3n innovadores para la educaci\u00f3n del futuro\u201d del VI Foro Internacional de Innovaci\u00f3n Educativa (FIIE 2025), que se celebrar\u00e1 el 3 y 4 de julio en Santa Cruz de la Sierra, Bolivia. El evento, organizado por Unifranz, congregar\u00e1 a expertos internacionales en innovaci\u00f3n educativa con un enfoque especial sobre la educaci\u00f3n del futuro.<\/p>","protected":false},"author":50,"featured_media":705411,"comment_status":"open","ping_status":"open","sticky":false,"template":"","format":"standard","meta":{"_acf_changed":false,"footnotes":""},"categories":[6158,60,1862],"tags":[11068,53,4646,1422,242],"class_list":["post-705410","post","type-post","status-publish","format-standard","has-post-thumbnail","hentry","category-acreditacion-mercosur","category-blog","category-educacion","tag-acreditacion-2","tag-educacion","tag-foro-internacional-de-educacion-superior","tag-innovacion-en-educacion","tag-unifranz"],"acf":[],"_links":{"self":[{"href":"https:\/\/unifranz.edu.bo\/pt\/wp-json\/wp\/v2\/posts\/705410","targetHints":{"allow":["GET"]}}],"collection":[{"href":"https:\/\/unifranz.edu.bo\/pt\/wp-json\/wp\/v2\/posts"}],"about":[{"href":"https:\/\/unifranz.edu.bo\/pt\/wp-json\/wp\/v2\/types\/post"}],"author":[{"embeddable":true,"href":"https:\/\/unifranz.edu.bo\/pt\/wp-json\/wp\/v2\/users\/50"}],"replies":[{"embeddable":true,"href":"https:\/\/unifranz.edu.bo\/pt\/wp-json\/wp\/v2\/comments?post=705410"}],"version-history":[{"count":1,"href":"https:\/\/unifranz.edu.bo\/pt\/wp-json\/wp\/v2\/posts\/705410\/revisions"}],"predecessor-version":[{"id":705412,"href":"https:\/\/unifranz.edu.bo\/pt\/wp-json\/wp\/v2\/posts\/705410\/revisions\/705412"}],"wp:featuredmedia":[{"embeddable":true,"href":"https:\/\/unifranz.edu.bo\/pt\/wp-json\/wp\/v2\/media\/705411"}],"wp:attachment":[{"href":"https:\/\/unifranz.edu.bo\/pt\/wp-json\/wp\/v2\/media?parent=705410"}],"wp:term":[{"taxonomy":"category","embeddable":true,"href":"https:\/\/unifranz.edu.bo\/pt\/wp-json\/wp\/v2\/categories?post=705410"},{"taxonomy":"post_tag","embeddable":true,"href":"https:\/\/unifranz.edu.bo\/pt\/wp-json\/wp\/v2\/tags?post=705410"}],"curies":[{"name":"wp","href":"https:\/\/api.w.org\/{rel}","templated":true}]}}