{"id":705367,"date":"2025-06-01T10:19:29","date_gmt":"2025-06-01T14:19:29","guid":{"rendered":"https:\/\/unifranz.edu.bo\/?p=705367"},"modified":"2025-06-01T10:22:52","modified_gmt":"2025-06-01T14:22:52","slug":"pasantias-y-voluntariados-sellan-el-pasaporte-de-maria-gomez-tras-su-movilidad-estudiantil","status":"publish","type":"post","link":"https:\/\/unifranz.edu.bo\/pt\/blog\/pasantias-y-voluntariados-sellan-el-pasaporte-de-maria-gomez-tras-su-movilidad-estudiantil\/","title":{"rendered":"Pasant\u00edas y voluntariados sellan el pasaporte de Mar\u00eda G\u00f3mez tras su movilidad estudiantil"},"content":{"rendered":"<p>Por: <em>Ximena Rosales<\/em><\/p>\n\n\n\n<p><\/p>\n\n\n\n<p>Desde Santiago de Chile, Mar\u00eda G\u00f3mez, estudiante de la Universidad Franz Tamayo, Unifranz, persigue el sue\u00f1o de convertirse en una psic\u00f3loga de clase mundial. La joven boliviana disfruta de su movilidad estudiantil en la Universidad Bernardo O\u2019Higgins, instituci\u00f3n que le ha permitido realizar una pasant\u00eda en la Cl\u00ednica HablaCadabra y participar en actividades de voluntariado.<\/p>\n\n\n\n<p>A sus 21 a\u00f1os, la joven sue\u00f1a con especializarse en Psicolog\u00eda cl\u00ednica y jur\u00eddica, abrir su propia cl\u00ednica interdisciplinaria y ofrecer un enfoque de atenci\u00f3n centrado en el trato humano. Para lograrlo, sab\u00eda que deb\u00eda ir m\u00e1s all\u00e1 de las aulas, explorar nuevas realidades y desafiarse a s\u00ed misma.<\/p>\n\n\n\n<blockquote class=\"wp-block-quote is-layout-flow wp-block-quote-is-layout-flow\">\n<p>\u201cEl intercambio me ha abierto la mente, sin duda, estoy aprendiendo bastante, por ejemplo, a dar terapia desde la empat\u00eda. Esta experiencia cambia mi forma de ver a las personas y de ejercer mi vocaci\u00f3n\u201d, explica G\u00f3mez.<\/p>\n<\/blockquote>\n\n\n\n<p>La historia de Mar\u00eda es el reflejo de una tendencia cada vez m\u00e1s relevante: la formaci\u00f3n profesional de los j\u00f3venes ya no se limita al cumplimiento de materias. En un mundo globalizado e interconectado, los futuros profesionales necesitan vivir experiencias que los preparen para actuar con criterio, apertura y sensibilidad en contextos diversos y complejos.<\/p>\n\n\n\n<p>La movilidad estudiantil se convierte en una herramienta poderosa. Unifranz, ha incorporado la internacionalizaci\u00f3n como un pilar esencial de su modelo educativo. A trav\u00e9s de convenios con universidades en cinco continentes, brinda a sus estudiantes la posibilidad de internacionalizar su formaci\u00f3n, adquirir nuevas perspectivas y desarrollar competencias globales.<\/p>\n\n\n\n<p>\u201cEs parte del ADN de nuestra universidad. Buscamos que nuestros estudiantes aprendan desde la experiencia y se integren al mundo global en el que vivimos. Quienes participan en estos programas regresan con mayor seguridad, una mente abierta y nuevas herramientas para su vida profesional\u201d, explica Adriana Zenteno, asesora de Movilidad Estudiantil de Unifranz.<\/p>\n\n\n\n<figure class=\"wp-block-image size-large\"><img loading=\"lazy\" decoding=\"async\" width=\"1024\" height=\"527\" src=\"https:\/\/unifranz.edu.bo\/wp-content\/uploads\/2025\/06\/IMG_3674-1024x527.jpeg\" alt=\"\" class=\"wp-image-705369\" srcset=\"https:\/\/unifranz.edu.bo\/wp-content\/uploads\/2025\/06\/IMG_3674-1024x527.jpeg 1024w, https:\/\/unifranz.edu.bo\/wp-content\/uploads\/2025\/06\/IMG_3674-300x154.jpeg 300w, https:\/\/unifranz.edu.bo\/wp-content\/uploads\/2025\/06\/IMG_3674-768x395.jpeg 768w, https:\/\/unifranz.edu.bo\/wp-content\/uploads\/2025\/06\/IMG_3674-18x9.jpeg 18w, https:\/\/unifranz.edu.bo\/wp-content\/uploads\/2025\/06\/IMG_3674.JPEG 1536w\" sizes=\"auto, (max-width: 1024px) 100vw, 1024px\" \/><\/figure>\n\n\n\n<p>Mar\u00eda lo confirma. Destaca que lo aprendido en Unifranz, desde el primer semestre, le dio la preparaci\u00f3n necesaria para afrontar esta experiencia con confianza. \u201cLas pr\u00e1cticas desde primer semestre me prepararon para asumir estos retos con seguridad\u201d.<\/p>\n\n\n\n<p>Pero no todo es acad\u00e9mico. Para Mar\u00eda, una de las riquezas m\u00e1s grandes del intercambio ha sido la dimensi\u00f3n cultural. Conocer personas de Europa y Latinoam\u00e9rica la ha hecho valorar sus ra\u00edces y reafirmar su autenticidad. \u201cEncontr\u00e1s personas como vos donde sea que vayas. Lo importante es no perder tu esencia\u201d, reflexiona.<\/p>\n\n\n\n<p>Unifranz acompa\u00f1a a sus estudiantes durante todo el proceso de internacionalizaci\u00f3n, brindando orientaci\u00f3n acad\u00e9mica, seguimiento y opciones de beca. La historia de Mar\u00eda demuestra que la movilidad estudiantil no solo abre puertas: transforma la forma de aprender, de relacionarse y de construir el futuro.<\/p>\n\n\n\n<p>La Universidad Bernardo O\u2019Higgins es una fundaci\u00f3n de derecho privado sin fines de lucro que ha sido creada en el a\u00f1o 1990. Es una Instituci\u00f3n de Educaci\u00f3n Superior acreditada por la Comisi\u00f3n Nacional de Acreditaci\u00f3n (CNA), Chile.<\/p>\n\n\n\n<p><\/p>","protected":false},"excerpt":{"rendered":"<p>Por: Ximena Rosales Desde Santiago de Chile, Mar\u00eda G\u00f3mez, estudiante de la Universidad Franz Tamayo, Unifranz, persigue el sue\u00f1o de convertirse en una psic\u00f3loga de clase mundial. La joven boliviana disfruta de su movilidad estudiantil en la Universidad Bernardo O\u2019Higgins, instituci\u00f3n que le ha permitido realizar una pasant\u00eda en la Cl\u00ednica HablaCadabra y participar en &hellip; <a href=\"https:\/\/unifranz.edu.bo\/pt\/blog\/pasantias-y-voluntariados-sellan-el-pasaporte-de-maria-gomez-tras-su-movilidad-estudiantil\/\">Continued<\/a><\/p>","protected":false},"author":33,"featured_media":705368,"comment_status":"open","ping_status":"open","sticky":false,"template":"","format":"standard","meta":{"_acf_changed":false,"footnotes":""},"categories":[2576,60,3046,2028],"tags":[1084,1422,5174,248,62,3942,240,43,242,3624],"class_list":["post-705367","post","type-post","status-publish","format-standard","has-post-thumbnail","hentry","category-unifranz-santa-cruz","category-blog","category-intercambio","category-internacionalizacion-es","tag-chile","tag-innovacion-en-educacion","tag-intercambios-universitarios","tag-internacionalizacion","tag-internacionalizate","tag-movilidad-estudiantil","tag-psicologia","tag-santa-cruz","tag-unifranz","tag-unifranz-santa-cruz"],"acf":[],"_links":{"self":[{"href":"https:\/\/unifranz.edu.bo\/pt\/wp-json\/wp\/v2\/posts\/705367","targetHints":{"allow":["GET"]}}],"collection":[{"href":"https:\/\/unifranz.edu.bo\/pt\/wp-json\/wp\/v2\/posts"}],"about":[{"href":"https:\/\/unifranz.edu.bo\/pt\/wp-json\/wp\/v2\/types\/post"}],"author":[{"embeddable":true,"href":"https:\/\/unifranz.edu.bo\/pt\/wp-json\/wp\/v2\/users\/33"}],"replies":[{"embeddable":true,"href":"https:\/\/unifranz.edu.bo\/pt\/wp-json\/wp\/v2\/comments?post=705367"}],"version-history":[{"count":3,"href":"https:\/\/unifranz.edu.bo\/pt\/wp-json\/wp\/v2\/posts\/705367\/revisions"}],"predecessor-version":[{"id":705372,"href":"https:\/\/unifranz.edu.bo\/pt\/wp-json\/wp\/v2\/posts\/705367\/revisions\/705372"}],"wp:featuredmedia":[{"embeddable":true,"href":"https:\/\/unifranz.edu.bo\/pt\/wp-json\/wp\/v2\/media\/705368"}],"wp:attachment":[{"href":"https:\/\/unifranz.edu.bo\/pt\/wp-json\/wp\/v2\/media?parent=705367"}],"wp:term":[{"taxonomy":"category","embeddable":true,"href":"https:\/\/unifranz.edu.bo\/pt\/wp-json\/wp\/v2\/categories?post=705367"},{"taxonomy":"post_tag","embeddable":true,"href":"https:\/\/unifranz.edu.bo\/pt\/wp-json\/wp\/v2\/tags?post=705367"}],"curies":[{"name":"wp","href":"https:\/\/api.w.org\/{rel}","templated":true}]}}