{"id":705339,"date":"2025-05-30T17:59:14","date_gmt":"2025-05-30T21:59:14","guid":{"rendered":"https:\/\/unifranz.edu.bo\/?p=705339"},"modified":"2025-06-03T15:51:17","modified_gmt":"2025-06-03T19:51:17","slug":"padel-el-deporte-que-conquista-bolivia-y-transforma-la-vida-de-los-jovenes","status":"publish","type":"post","link":"https:\/\/unifranz.edu.bo\/pt\/blog\/padel-el-deporte-que-conquista-bolivia-y-transforma-la-vida-de-los-jovenes\/","title":{"rendered":"P\u00e1del, el deporte que conquista Bolivia y transforma la vida de los j\u00f3venes\u00a0"},"content":{"rendered":"<p>\u00bfQu\u00e9 tienen en com\u00fan Shakira, Enrique Iglesias, Cristiano Ronaldo, Lionel Messi, Rafael Nadal, Antonio Banderas y Gerard Butler? Adem\u00e1s de la fama, todos comparten la pasi\u00f3n por el p\u00e1del. Este deporte, que ha conquistado a celebridades y deportistas de \u00e9lite, ha logrado en poco tiempo lo que pocos consiguen: unir generaciones, derribar barreras sociales y conectar a millones de personas.<\/p>\n\n\n\n<p>M\u00e1s all\u00e1 de la competencia, este deporte promueve valores como el trabajo en equipo, solidaridad y bienestar integral. Un ejemplo claro de este impulso al deporte en edades tempranas es el Torneo Intercolegial de P\u00e1del Copa Unifranz, una iniciativa pionera que fomenta la pr\u00e1ctica deportiva desde el \u00e1mbito escolar, fortaleciendo no solo el cuerpo, sino tambi\u00e9n la mente y el car\u00e1cter de los estudiantes.<\/p>\n\n\n\n<blockquote class=\"wp-block-quote is-layout-flow wp-block-quote-is-layout-flow\">\n<p>\u201cEl p\u00e1del es un deporte que est\u00e1 ganando terreno en nuestro pa\u00eds y Unifranz apuesta por el desarrollo del mismo.\u201d, asegura Ismael Montes, director de la Copa Unifranz, quien destaca que, el a\u00f1o pasado, m\u00e1s de 150 j\u00f3venes participaron en el torneo que tuvo como ganadores a Leonardo L\u00f3pez y Diego \u00c1lvarez, del colegio Franco Boliviano de Santa Cruz.&nbsp;<\/p>\n<\/blockquote>\n\n\n\n<p>Se estima que 30 millones de personas practican p\u00e1del en todo el mundo, una cifra que crece de forma exponencial cada a\u00f1o y posiciona a esta disciplina como uno de los deportes de mayor expansi\u00f3n global. Bolivia no se queda atr\u00e1s: con el mismo entusiasmo, el p\u00e1del va ganando terreno, especialmente entre los m\u00e1s j\u00f3venes, quienes encuentran en este deporte una nueva forma de conexi\u00f3n, desaf\u00edo y diversi\u00f3n.<\/p>\n\n\n\n<figure class=\"wp-block-embed is-type-video is-provider-youtube wp-block-embed-youtube wp-embed-aspect-16-9 wp-has-aspect-ratio\"><div class=\"wp-block-embed__wrapper\">\n<iframe loading=\"lazy\" title=\"\u00bfPor qu\u00e9 todos quieren jugarlo? La fiebre de P\u00e1del est\u00e1 en Bolivia\" width=\"500\" height=\"281\" src=\"https:\/\/www.youtube.com\/embed\/5yC_xrsVRT0?feature=oembed\" frameborder=\"0\" allow=\"accelerometer; autoplay; clipboard-write; encrypted-media; gyroscope; picture-in-picture; web-share\" referrerpolicy=\"strict-origin-when-cross-origin\" allowfullscreen><\/iframe>\n<\/div><\/figure>\n\n\n\n<h2 class=\"wp-block-heading\"><strong>Un deporte para todos<\/strong><\/h2>\n\n\n\n<p>A diferencia de otros deportes, el p\u00e1del tiene una virtud invaluable: es integrador. No exige grandes destrezas iniciales ni un nivel f\u00edsico espec\u00edfico. Lo que lo hace m\u00e1s entretenido para ni\u00f1os, mujeres, varones, adultos mayores.<\/p>\n\n\n\n<p>Ese potencial inclusivo ha sido una de las razones que motivaron a la Universidad Franz Tamayo, Unifranz, a impulsar el torneo intercolegial de p\u00e1del en 2023 y 2024. Ambos eventos no solo congregaron a estudiantes, sino que tambi\u00e9n despertaron un fuerte sentido de comunidad, amistad y superaci\u00f3n personal entre los participantes.<\/p>\n\n\n\n<p>\u201cEs un deporte que genera muchas habilidades o competencias blandas en el estudiante o deportista, por eso queremos impulsar este deporte a fin de desarrollar competencias que promuevan el trabajo en equipo, el pensamiento lateral y el pensamiento estrat\u00e9gico. La misi\u00f3n de Unifranz es formar seres humanos integrales, y eso tambi\u00e9n se logra fuera del aula\u201d, afirma el tambi\u00e9n director nacional de Marketing y Comunicaci\u00f3n de esta Casa de Estudios Superiores<\/p>\n\n\n\n<p>El p\u00e1del naci\u00f3 casi por casualidad. Fue en Acapulco, M\u00e9xico, a fines de los a\u00f1os 70, cuando Enrique Corcuera, un empresario que no ten\u00eda espacio suficiente para una cancha de tenis, decidi\u00f3 construir una m\u00e1s peque\u00f1a en su casa. Le a\u00f1adi\u00f3 paredes, una red al medio y, sin saberlo, dio origen a un deporte que hoy se practica en m\u00e1s de 130 pa\u00edses, como Espa\u00f1a, Argentina, Brasil, Canad\u00e1, Uruguay, Chile, Reino Unido y Estados Unidos.<\/p>\n\n\n\n<h2 class=\"wp-block-heading\"><strong>\u00bfC\u00f3mo se juega al p\u00e1del?<\/strong><\/h2>\n\n\n\n<p>El p\u00e1del se juega en parejas y combina elementos del tenis y del r\u00e1quet. La cancha es m\u00e1s peque\u00f1a (20 metros de largo por 10 de ancho) y est\u00e1 rodeada por paredes laterales de tres metros y fondos de cuatro, lo que permite jugadas din\u00e1micas y rebotes estrat\u00e9gicos.<\/p>\n\n\n\n<p>Los jugadores utilizan una pala (una raqueta de madera sin cuerdas) y pelotas similares a las de tenis, pero con menor rebote. El objetivo es lograr que la pelota toque el suelo del campo contrario dos veces o forzar errores del oponente, como sacar la pelota fuera de la cancha o tocar la red.<\/p>\n\n\n\n<p>El juego se desarrolla en sets: quien gane dos de tres sets se lleva el partido. Las posiciones se dividen en \u201cdrive\u201d (jugador derecho) y \u201crev\u00e9s\u201d (jugador izquierdo), cada una con un enfoque t\u00e1ctico distinto.<\/p>\n\n\n\n<h2 class=\"wp-block-heading\"><strong>Deporte, salud y educaci\u00f3n<\/strong><\/h2>\n\n\n\n<p>M\u00e1s all\u00e1 del juego, el p\u00e1del se ha convertido en una herramienta poderosa para el desarrollo f\u00edsico, mental y emocional de los j\u00f3venes.&nbsp;<\/p>\n\n\n\n<blockquote class=\"wp-block-quote is-layout-flow wp-block-quote-is-layout-flow\">\n<p>\u201cEste deporte es una excusa perfecta para salir del sedentarismo, socializar, aprender a ganar y a perder, y sobre todo, construir relaciones sanas\u201d, destaca Montes y a\u00f1ade que es por eso que Unifranz apuesta a que el p\u00e1del siga creciendo en el pa\u00eds.&nbsp;<\/p>\n<\/blockquote>\n\n\n\n<p>Montes agrega que, actualmente, Unifranz prepara la tercera versi\u00f3n de la Copa Intercolegial Padel 2025 y que se prev\u00e9 una mayor cantidad de participantes.<\/p>\n\n\n\n<p>En un contexto donde el uso excesivo de la tecnolog\u00eda, el estr\u00e9s escolar y el aislamiento social preocupan a padres y educadores, el p\u00e1del aparece como una alternativa accesible, moderna y efectiva para conectar a los j\u00f3venes con el bienestar integral.<\/p>\n\n\n\n<h2 class=\"wp-block-heading\"><strong>\u00bfPor qu\u00e9 el p\u00e1del est\u00e1 de moda?<\/strong><\/h2>\n\n\n\n<p>Detr\u00e1s de cada tendencia hay una raz\u00f3n. En este caso, el \u00e9xito del p\u00e1del se debe a una mezcla de factores: es f\u00e1cil de aprender, divertido, inclusivo, y muy social. Se adapta a cualquier edad y condici\u00f3n f\u00edsica, y eso lo vuelve irresistible tanto para principiantes como para atletas experimentados.<\/p>\n\n\n\n<p>En el caso de Bolivia, aunque lleg\u00f3 m\u00e1s tarde que en otros pa\u00edses, el p\u00e1del ya est\u00e1 marcando un antes y un despu\u00e9s. Con la apertura de nuevas canchas, torneos juveniles en marcha y una comunidad creciente en redes, el pa\u00eds se posiciona como un nuevo punto en el mapa de esta disciplina.<\/p>\n\n\n\n<p>Y lo m\u00e1s prometedor es que los protagonistas del cambio son los j\u00f3venes. \u201cEstamos sembrando una semilla que dar\u00e1 frutos no solo en lo deportivo, sino en la formaci\u00f3n de mejores ciudadanos. Impulsamos la pr\u00e1ctica de este deporte para que vaya acompa\u00f1ada del desarrollo de competencias que es muy importante en la actualidad\u201d, concluye el director de Marketing y Comunicaci\u00f3n de Unifranz.<\/p>","protected":false},"excerpt":{"rendered":"<p>\u00bfQu\u00e9 tienen en com\u00fan Shakira, Enrique Iglesias, Cristiano Ronaldo, Lionel Messi, Rafael Nadal, Antonio Banderas y Gerard Butler? Adem\u00e1s de la fama, todos comparten la pasi\u00f3n por el p\u00e1del. Este deporte, que ha conquistado a celebridades y deportistas de \u00e9lite, ha logrado en poco tiempo lo que pocos consiguen: unir generaciones, derribar barreras sociales y conectar a millones de personas.<\/p>","protected":false},"author":50,"featured_media":705407,"comment_status":"open","ping_status":"open","sticky":false,"template":"","format":"standard","meta":{"_acf_changed":false,"footnotes":""},"categories":[60,6743],"tags":[6621,53,1422,11052,242],"class_list":["post-705339","post","type-post","status-publish","format-standard","has-post-thumbnail","hentry","category-blog","category-padel-es","tag-copa-unifranz","tag-educacion","tag-innovacion-en-educacion","tag-padel-2","tag-unifranz"],"acf":[],"_links":{"self":[{"href":"https:\/\/unifranz.edu.bo\/pt\/wp-json\/wp\/v2\/posts\/705339","targetHints":{"allow":["GET"]}}],"collection":[{"href":"https:\/\/unifranz.edu.bo\/pt\/wp-json\/wp\/v2\/posts"}],"about":[{"href":"https:\/\/unifranz.edu.bo\/pt\/wp-json\/wp\/v2\/types\/post"}],"author":[{"embeddable":true,"href":"https:\/\/unifranz.edu.bo\/pt\/wp-json\/wp\/v2\/users\/50"}],"replies":[{"embeddable":true,"href":"https:\/\/unifranz.edu.bo\/pt\/wp-json\/wp\/v2\/comments?post=705339"}],"version-history":[{"count":2,"href":"https:\/\/unifranz.edu.bo\/pt\/wp-json\/wp\/v2\/posts\/705339\/revisions"}],"predecessor-version":[{"id":705364,"href":"https:\/\/unifranz.edu.bo\/pt\/wp-json\/wp\/v2\/posts\/705339\/revisions\/705364"}],"wp:featuredmedia":[{"embeddable":true,"href":"https:\/\/unifranz.edu.bo\/pt\/wp-json\/wp\/v2\/media\/705407"}],"wp:attachment":[{"href":"https:\/\/unifranz.edu.bo\/pt\/wp-json\/wp\/v2\/media?parent=705339"}],"wp:term":[{"taxonomy":"category","embeddable":true,"href":"https:\/\/unifranz.edu.bo\/pt\/wp-json\/wp\/v2\/categories?post=705339"},{"taxonomy":"post_tag","embeddable":true,"href":"https:\/\/unifranz.edu.bo\/pt\/wp-json\/wp\/v2\/tags?post=705339"}],"curies":[{"name":"wp","href":"https:\/\/api.w.org\/{rel}","templated":true}]}}