{"id":705324,"date":"2025-05-31T12:28:47","date_gmt":"2025-05-31T16:28:47","guid":{"rendered":"https:\/\/unifranz.edu.bo\/?p=705324"},"modified":"2025-05-31T12:32:12","modified_gmt":"2025-05-31T16:32:12","slug":"taller-de-ia-para-periodistas-de-el-alto","status":"publish","type":"post","link":"https:\/\/unifranz.edu.bo\/pt\/blog\/taller-de-ia-para-periodistas-de-el-alto\/","title":{"rendered":"Periodistas de El Alto fortalecen sus competencias digitales con IA en taller impulsado por Unifranz"},"content":{"rendered":"<p>En un entorno medi\u00e1tico cada vez m\u00e1s desafiante, con una sobreabundancia de datos, audiencias exigentes y la inminente transformaci\u00f3n digital, el ejercicio period\u00edstico necesita nuevas herramientas para seguir siendo relevante, riguroso y creativo. En ese marco, Unifranz El Alto, a trav\u00e9s de su Unidad de Postgrado, llev\u00f3 adelante el taller \u201cIA para Periodistas: Investigaci\u00f3n Profunda y Contenido de Impacto\u201d, una experiencia formativa pensada para fortalecer las competencias digitales de los comunicadores alte\u00f1os y potenciar el uso estrat\u00e9gico de la inteligencia artificial (IA) en su labor cotidiana.<\/p>\n\n\n\n<p><\/p>\n\n\n\n<p>La actividad, desarrollada en el marco del mes del Periodista, reuni\u00f3 a una veintena de trabajadores de distintos medios de comunicaci\u00f3n escritos, radiales, televisivos y digitales, quienes exploraron herramientas, tendencias y aplicaciones concretas de la IA aplicadas al an\u00e1lisis, redacci\u00f3n, verificaci\u00f3n e innovaci\u00f3n informativa.<\/p>\n\n\n\n<p><\/p>\n\n\n\n<p>El taller estuvo dirigido por Alexis Becerra, especialista en tecnolog\u00eda, innovaci\u00f3n y comunicaci\u00f3n digital, quien comparti\u00f3 con los asistentes una amplia gama de recursos y ejemplos pr\u00e1cticos para integrar la IA como aliada clave en sus procesos de producci\u00f3n de contenidos de impacto. Desde la curadur\u00eda de informaci\u00f3n hasta la generaci\u00f3n automatizada de textos y visuales, el espacio permiti\u00f3 a los participantes experimentar con herramientas de vanguardia aplicadas al periodismo.<\/p>\n\n\n\n<p><\/p>\n\n\n\n<p>\u201cEl aprendizaje sobre IA es fundamental para los periodistas en la era digital, ya que nos permite: mejorar la investigaci\u00f3n; crear contenido de impacto; mantenernos competitivos en un entorno medi\u00e1tico en constante evoluci\u00f3n, este conocimiento de IA puede ser un factor clave para destacarse y ofrecer contenido de alta calidad. Agradezco a Unifranz por la excelente iniciativa\u201d afirm\u00f3 Elsa Sajama, directora del peri\u00f3dico digital El Alto es Noticia.<\/p>\n\n\n\n<blockquote class=\"wp-block-quote is-layout-flow wp-block-quote-is-layout-flow\">\n<p><\/p>\n<\/blockquote>\n\n\n\n<p><\/p>\n\n\n\n<p>Por su parte, para Max Tancara, periodista de la Red ATB, fue muy valioso que una universidad, en especial una privada, impulse espacios de formaci\u00f3n dirigidos a periodistas, m\u00e1s a\u00fan en tem\u00e1ticas tan actuales como la inteligencia artificial. Destac\u00f3 el conocimiento y la claridad del facilitador, as\u00ed como la utilidad pr\u00e1ctica de los contenidos abordados para el ejercicio diario del periodismo. Considera importante que este tipo de iniciativas contin\u00faen, ya que existen muchas otras \u00e1reas vinculadas al trabajo period\u00edstico que merecen ser fortalecidas.\u201d, expres\u00f3 Max Tancara, periodista de ATB.<\/p>\n\n\n\n<p><\/p>\n\n\n\n<p>Adem\u00e1s de conocer las principales tendencias internacionales en el uso de IA en medios, los asistentes reflexionaron sobre los l\u00edmites \u00e9ticos, los sesgos y la importancia de mantener la mirada humana en el tratamiento de la informaci\u00f3n. Uno de los momentos m\u00e1s valorados fue el an\u00e1lisis de casos reales en los que la inteligencia artificial se ha utilizado para investigaciones period\u00edsticas profundas, desarrollo de contenidos personalizados y detecci\u00f3n de fake news (noticias falsas).<\/p>\n\n\n\n<p><\/p>\n\n\n\n<h2 class=\"wp-block-heading\"><strong>Acompa\u00f1amiento permanente<\/strong><\/h2>\n\n\n\n<p>\u201cDesde Unifranz, reafirmamos nuestra admiraci\u00f3n por el rol que cumplen en la sociedad, y creemos firmemente que las nuevas tecnolog\u00edas, como la inteligencia artificial, pueden fortalecer a\u00fan m\u00e1s ese trabajo, haci\u00e9ndolo m\u00e1s \u00e1gil, preciso y de mayor impacto\u201d afirm\u00f3 Ricardo Espinoza, jefe de Comunicaci\u00f3n de Unifranz El Alto.<\/p>\n\n\n\n<p><\/p>\n\n\n\n<p>Adem\u00e1s, destac\u00f3 el compromiso de acompa\u00f1ar a los periodistas en su formaci\u00f3n continua, porque \u201cestamos convencidos de que solo juntos \u2014academia, medios, instituciones p\u00fablicas y empresas privadas\u2014 podemos transformar la sociedad que compartimos\u201d.<\/p>\n\n\n\n<p><\/p>\n\n\n\n<p>La jornada concluy\u00f3 con un espacio de networking e intercambio de experiencias entre profesionales de distintos medios, reafirmando la importancia de la formaci\u00f3n continua y colaborativa en tiempos de cambios vertiginosos.<\/p>\n\n\n\n<p><\/p>","protected":false},"excerpt":{"rendered":"<p>Periodistas de El Alto fortalecen sus habilidades digitales con IA en taller de Unifranz, apostando por un periodismo m\u00e1s \u00e1gil, \u00e9tico e innovador.<\/p>","protected":false},"author":25,"featured_media":705356,"comment_status":"open","ping_status":"open","sticky":false,"template":"","format":"standard","meta":{"_acf_changed":false,"footnotes":""},"categories":[60],"tags":[],"class_list":["post-705324","post","type-post","status-publish","format-standard","has-post-thumbnail","hentry","category-blog"],"acf":[],"_links":{"self":[{"href":"https:\/\/unifranz.edu.bo\/pt\/wp-json\/wp\/v2\/posts\/705324","targetHints":{"allow":["GET"]}}],"collection":[{"href":"https:\/\/unifranz.edu.bo\/pt\/wp-json\/wp\/v2\/posts"}],"about":[{"href":"https:\/\/unifranz.edu.bo\/pt\/wp-json\/wp\/v2\/types\/post"}],"author":[{"embeddable":true,"href":"https:\/\/unifranz.edu.bo\/pt\/wp-json\/wp\/v2\/users\/25"}],"replies":[{"embeddable":true,"href":"https:\/\/unifranz.edu.bo\/pt\/wp-json\/wp\/v2\/comments?post=705324"}],"version-history":[{"count":1,"href":"https:\/\/unifranz.edu.bo\/pt\/wp-json\/wp\/v2\/posts\/705324\/revisions"}],"predecessor-version":[{"id":705357,"href":"https:\/\/unifranz.edu.bo\/pt\/wp-json\/wp\/v2\/posts\/705324\/revisions\/705357"}],"wp:featuredmedia":[{"embeddable":true,"href":"https:\/\/unifranz.edu.bo\/pt\/wp-json\/wp\/v2\/media\/705356"}],"wp:attachment":[{"href":"https:\/\/unifranz.edu.bo\/pt\/wp-json\/wp\/v2\/media?parent=705324"}],"wp:term":[{"taxonomy":"category","embeddable":true,"href":"https:\/\/unifranz.edu.bo\/pt\/wp-json\/wp\/v2\/categories?post=705324"},{"taxonomy":"post_tag","embeddable":true,"href":"https:\/\/unifranz.edu.bo\/pt\/wp-json\/wp\/v2\/tags?post=705324"}],"curies":[{"name":"wp","href":"https:\/\/api.w.org\/{rel}","templated":true}]}}