{"id":705233,"date":"2025-05-26T18:12:36","date_gmt":"2025-05-26T22:12:36","guid":{"rendered":"https:\/\/unifranz.edu.bo\/?p=705233"},"modified":"2025-05-26T18:15:47","modified_gmt":"2025-05-26T22:15:47","slug":"una-identidad-visual-solida-y-coherente-esencial-para-construir-una-imagen-de-marca-fuerte","status":"publish","type":"post","link":"https:\/\/unifranz.edu.bo\/pt\/blog\/una-identidad-visual-solida-y-coherente-esencial-para-construir-una-imagen-de-marca-fuerte\/","title":{"rendered":"Una identidad visual s\u00f3lida y coherente, esencial para construir una imagen de marca fuerte"},"content":{"rendered":"<p>Construir una marca que sea reconocible, confiable y recordada requiere mucho m\u00e1s que un logotipo atractivo. Aqu\u00ed es donde entra en juego la identidad visual, un conjunto de elementos gr\u00e1ficos que, usados de forma coherente, permiten que una marca se exprese y conecte con su p\u00fablico.&nbsp;<\/p>\n\n\n\n<blockquote class=\"wp-block-quote is-layout-flow wp-block-quote-is-layout-flow\">\n<p>\u201cEsta identidad va desde el logotipo, los colores y la tipograf\u00eda, hasta los estilos visuales presentes en todos los canales de comunicaci\u00f3n. Marcas como Apple o Coca Cola han demostrado c\u00f3mo una identidad visual s\u00f3lida puede ser el eje de una percepci\u00f3n global poderosa y duradera\u201d, explica Mauricio Aguilar P\u00e9rez, dise\u00f1ador gr\u00e1fico y experto en comunicaci\u00f3n visual e identidad de marca, quien agrega que \u201csi no tienes una identidad visual fuerte y coherente \u2014porque debe funcionar como un sistema\u2014, nunca lograr\u00e1s una imagen adecuada de marca\u201d.<\/p>\n<\/blockquote>\n\n\n\n<p>Durante su participaci\u00f3n en la Nexus Creative Week de la Universidad Franz Tamayo, Unifranz, Aguilar comparti\u00f3 una mirada profunda y t\u00e9cnica sobre el papel que juega la identidad visual en la construcci\u00f3n de una marca s\u00f3lida.&nbsp;<\/p>\n\n\n\n<p>Para \u00e9l, uno de los mayores problemas dentro del mundo del dise\u00f1o es la confusi\u00f3n sobre el concepto de marca: \u201cEn dise\u00f1o gr\u00e1fico, solemos llamar &#8216;marca&#8217; al logotipo o a la imagen visual. Pero la marca es un concepto mucho m\u00e1s amplio que agrupa estos componentes\u201d.<\/p>\n\n\n\n<p>Esta afirmaci\u00f3n se conecta con una necesidad urgente dentro de la industria del dise\u00f1o, que consiste en entender que la identidad visual no solo embellece, sino que comunica valores, misi\u00f3n, visi\u00f3n y cultura. Aguilar sostiene que una identidad visual bien estructurada contribuye indirectamente al posicionamiento de la marca, ya que permite desarrollar una imagen coherente que genera reconocimiento y confianza en el usuario.<\/p>\n\n\n\n<p>Por ejemplo, menciona c\u00f3mo errores comunes en redes sociales\u2014como publicaciones gr\u00e1ficamente inconexas entre s\u00ed\u2014pueden debilitar la percepci\u00f3n de la marca.<\/p>\n\n\n\n<blockquote class=\"wp-block-quote is-layout-flow wp-block-quote-is-layout-flow\">\n<p>\u201cA veces, parece una marca divertida, otras veces parece seria, y esto depende del tipo de publicidad que se muestre\u201d. Esa inconsistencia visual, lejos de sumar, resta valor y solidez a la marca frente al consumidor.<\/p>\n<\/blockquote>\n\n\n\n<p>Adem\u00e1s, existen momentos clave en los que es necesario redise\u00f1ar la identidad visual: cuando una marca entra en decadencia, al ingresar a nuevos mercados con diferentes c\u00f3digos culturales, o cuando la est\u00e9tica visual queda anclada en otra \u00e9poca. En estos casos, el redise\u00f1o no es solo un acto est\u00e9tico, sino una necesidad estrat\u00e9gica.<\/p>\n\n\n\n<h2 class=\"wp-block-heading\"><strong>El significante de marca: m\u00e1s que un s\u00edmbolo, una construcci\u00f3n semi\u00f3tica<\/strong><\/h2>\n\n\n\n<p>Un concepto central abordado por Aguilar es el de significante de marca, estrechamente vinculado con la semi\u00f3tica (el estudio de los s\u00edmbolos y los signos). Inspirado en la tr\u00edada propuesta por el fil\u00f3sofo Charles Peirce\u2014representamen, interpretante y objeto\u2014, Aguilar explica que el significante es aquel elemento visual que representa a la marca, y que es interpretado por el observador.<\/p>\n\n\n\n<p>\u201cCuando hablo de significante de marca, me refiero a todo lo que puede ser interpretado como marca. Puede ser una imagen, una palabra, incluso un sonido. Pero es importante entender que el logotipo no es la marca: es solo uno de sus significantes\u201d, aclara el experto.<\/p>\n\n\n\n<p>Este entendimiento es vital para el trabajo del dise\u00f1ador gr\u00e1fico. Al reconocer la carga simb\u00f3lica y emocional de cada elemento visual, puede dise\u00f1ar con mayor intenci\u00f3n, alineando la propuesta visual con los valores y el prop\u00f3sito de la organizaci\u00f3n. As\u00ed, se logra una representaci\u00f3n m\u00e1s fiel y estrat\u00e9gica de la marca.<\/p>\n\n\n\n<h2 class=\"wp-block-heading\"><strong>Valor del dise\u00f1o gr\u00e1fico en la construcci\u00f3n de identidad<\/strong><\/h2>\n\n\n\n<p>El dise\u00f1o gr\u00e1fico, entonces, deja de ser un simple ejercicio visual para convertirse en una herramienta estrat\u00e9gica. Una identidad visual s\u00f3lida no solo permite a la empresa ser reconocida en cualquier soporte\u2014desde una tarjeta de presentaci\u00f3n hasta una campa\u00f1a digital\u2014sino que transmite profesionalismo, seriedad y coherencia.<\/p>\n\n\n\n<p>Adem\u00e1s, los colores, formas y estilos seleccionados generan una conexi\u00f3n emocional con el p\u00fablico. No es casualidad que marcas exitosas inviertan tiempo y recursos en definir estos aspectos con precisi\u00f3n milim\u00e9trica. Cada decisi\u00f3n visual comunica algo, y en un entorno competitivo, eso puede marcar la diferencia entre destacar o pasar desapercibido.<\/p>\n\n\n\n<p>En conclusi\u00f3n, indica Aguilar, el dise\u00f1o gr\u00e1fico consciente y bien fundamentado permite al dise\u00f1ador no solo crear piezas est\u00e9ticamente agradables, sino tambi\u00e9n comunicar, interpretar y construir marcas con identidad.&nbsp;<\/p>\n\n\n\n<blockquote class=\"wp-block-quote is-layout-flow wp-block-quote-is-layout-flow\">\n<p>\u201cEl mayor beneficiado es el dise\u00f1ador, pero indirectamente tambi\u00e9n se beneficia la empresa, la instituci\u00f3n o incluso una marca personal\u201d, concluye.<\/p>\n<\/blockquote>\n\n\n\n<p>El desarrollo de identidades visuales y generaci\u00f3n de marcas s\u00f3lidas es una de las habilidades&nbsp; que los estudiantes de Dise\u00f1o Gr\u00e1fico y Producci\u00f3n Crossmedia de la Universidad Franz Tamayo dominan y ponen en pr\u00e1ctica, gracias al modelo educativo de aprender haciendo, los futuros profesionales ganan experiencia real antes de dejar las aulas universitarias, convirti\u00e9ndose en dise\u00f1adores innovadores y conscientes.<\/p>\n\n\n\n<p><\/p>","protected":false},"excerpt":{"rendered":"<p>Construir una marca que sea reconocible, confiable y recordada requiere mucho m\u00e1s que un logotipo atractivo. Aqu\u00ed es donde entra en juego la identidad visual, un conjunto de elementos gr\u00e1ficos que, usados de forma coherente, permiten que una marca se exprese y conecte con su p\u00fablico.\u00a0<\/p>","protected":false},"author":49,"featured_media":705235,"comment_status":"open","ping_status":"open","sticky":false,"template":"","format":"standard","meta":{"_acf_changed":false,"footnotes":""},"categories":[60,2516],"tags":[6356,3090,1422,11035,10938,242],"class_list":["post-705233","post","type-post","status-publish","format-standard","has-post-thumbnail","hentry","category-blog","category-diseno-grafico-y-produccion-crossmedia","tag-diseno-grafico-y-produccion-cross-media","tag-identidad-visual","tag-innovacion-en-educacion","tag-logo","tag-nexus-creative-week","tag-unifranz"],"acf":[],"_links":{"self":[{"href":"https:\/\/unifranz.edu.bo\/pt\/wp-json\/wp\/v2\/posts\/705233","targetHints":{"allow":["GET"]}}],"collection":[{"href":"https:\/\/unifranz.edu.bo\/pt\/wp-json\/wp\/v2\/posts"}],"about":[{"href":"https:\/\/unifranz.edu.bo\/pt\/wp-json\/wp\/v2\/types\/post"}],"author":[{"embeddable":true,"href":"https:\/\/unifranz.edu.bo\/pt\/wp-json\/wp\/v2\/users\/49"}],"replies":[{"embeddable":true,"href":"https:\/\/unifranz.edu.bo\/pt\/wp-json\/wp\/v2\/comments?post=705233"}],"version-history":[{"count":1,"href":"https:\/\/unifranz.edu.bo\/pt\/wp-json\/wp\/v2\/posts\/705233\/revisions"}],"predecessor-version":[{"id":705234,"href":"https:\/\/unifranz.edu.bo\/pt\/wp-json\/wp\/v2\/posts\/705233\/revisions\/705234"}],"wp:featuredmedia":[{"embeddable":true,"href":"https:\/\/unifranz.edu.bo\/pt\/wp-json\/wp\/v2\/media\/705235"}],"wp:attachment":[{"href":"https:\/\/unifranz.edu.bo\/pt\/wp-json\/wp\/v2\/media?parent=705233"}],"wp:term":[{"taxonomy":"category","embeddable":true,"href":"https:\/\/unifranz.edu.bo\/pt\/wp-json\/wp\/v2\/categories?post=705233"},{"taxonomy":"post_tag","embeddable":true,"href":"https:\/\/unifranz.edu.bo\/pt\/wp-json\/wp\/v2\/tags?post=705233"}],"curies":[{"name":"wp","href":"https:\/\/api.w.org\/{rel}","templated":true}]}}