{"id":705182,"date":"2025-05-23T17:57:23","date_gmt":"2025-05-23T21:57:23","guid":{"rendered":"https:\/\/unifranz.edu.bo\/?p=705182"},"modified":"2025-05-23T18:03:30","modified_gmt":"2025-05-23T22:03:30","slug":"en-un-mundo-en-constante-incertidumbre-la-educacion-se-convierte-en-la-mejor-inversion","status":"publish","type":"post","link":"https:\/\/unifranz.edu.bo\/pt\/blog\/en-un-mundo-en-constante-incertidumbre-la-educacion-se-convierte-en-la-mejor-inversion\/","title":{"rendered":"En un mundo en constante incertidumbre, la educaci\u00f3n se convierte en la mejor inversi\u00f3n"},"content":{"rendered":"<p>En tiempos marcados por la volatilidad econ\u00f3mica, conflictos armados, pandemias persistentes y una creciente brecha tecnol\u00f3gica, la sociedad global se enfrenta a desaf\u00edos sin precedentes. La automatizaci\u00f3n avanza a pasos agigantados, los modelos laborales tradicionales se transforman y las habilidades requeridas para la empleabilidad evolucionan constantemente. En medio de este escenario incierto, una certeza se consolida con fuerza: la educaci\u00f3n es la inversi\u00f3n m\u00e1s segura, resiliente y estrat\u00e9gica para construir un futuro sostenible tanto a nivel individual como colectivo.<\/p>\n\n\n\n<blockquote class=\"wp-block-quote is-layout-flow wp-block-quote-is-layout-flow\">\n<p>\u201cHoy, m\u00e1s que nunca, necesitamos formar profesionales flexibles, con pensamiento cr\u00edtico y capacidad de reinventarse ante los cambios. La educaci\u00f3n permite que las personas enfrenten la incertidumbre con mayores herramientas y alternativas de acci\u00f3n\u201d, afirma Carlos Molina, director de la carrera de Ingenier\u00eda Comercial de la Universidad Franz Tamayo, Unifranz.<\/p>\n<\/blockquote>\n\n\n\n<p>Reinaldo Cifuentes, coordinador general de la Red de Administradores Universitarios (RAUI Am\u00e9rica), se\u00f1ala, por su parte, que la educaci\u00f3n superior en Am\u00e9rica Latina es una inversi\u00f3n clave para mejorar la empleabilidad y la estabilidad laboral, especialmente en sociedades con alta informalidad.&nbsp;<\/p>\n\n\n\n<p>\u201cAunque el acceso a la universidad no siempre es gratuito y los costos pueden ser elevados, las familias siguen apostando por la educaci\u00f3n como una herramienta para garantizar un mejor futuro para sus hijos\u201d, acota.<\/p>\n\n\n\n<p>Cifuentes destaca que en regiones como Bolivia, ciudades con alta actividad econ\u00f3mica informal como El Alto, registran una alta tasa de matr\u00edcula universitaria, lo que demuestra la importancia que se le otorga a la formaci\u00f3n profesional.&nbsp;<\/p>\n\n\n\n<p>\u201cA pesar de las crisis econ\u00f3micas recurrentes en la regi\u00f3n, la educaci\u00f3n sigue siendo un pilar fundamental que ofrece oportunidades de crecimiento y seguridad laboral en un entorno marcado por la incertidumbre econ\u00f3mica\u201d, apunta.<\/p>\n\n\n\n<p>Las experiencias internacionales refuerzan esta visi\u00f3n. Jap\u00f3n, Corea del Sur e Irlanda son claros ejemplos de c\u00f3mo la educaci\u00f3n ha sido el eje central para superar profundas crisis econ\u00f3micas y transformarse en potencias del conocimiento y la innovaci\u00f3n.<\/p>\n\n\n\n<p>Tras la devastaci\u00f3n de la Segunda Guerra Mundial, Jap\u00f3n apost\u00f3 por la reconstrucci\u00f3n a trav\u00e9s de la educaci\u00f3n t\u00e9cnica y cient\u00edfica. La promoci\u00f3n del desarrollo tecnol\u00f3gico impuls\u00f3 a empresas como Toyota y Sony, que posicionaron al pa\u00eds como l\u00edder industrial y tecnol\u00f3gico global. La cultura laboral japonesa, centrada en la mejora continua, emergi\u00f3 como uno de los pilares de esta recuperaci\u00f3n.<\/p>\n\n\n\n<p>Corea del Sur vivi\u00f3 una transici\u00f3n similar en la segunda mitad del siglo XX. Con pocos recursos naturales y una econom\u00eda agraria, el pa\u00eds implement\u00f3 profundas reformas educativas que fomentaron la excelencia acad\u00e9mica y la investigaci\u00f3n tecnol\u00f3gica. Este enfoque transform\u00f3 su panorama econ\u00f3mico y consolid\u00f3 a gigantes como Samsung y Hyundai. Hoy, Corea es una referencia en educaci\u00f3n, innovaci\u00f3n y tecnolog\u00eda, demostrando que invertir en el talento humano es la clave del desarrollo sostenible.<\/p>\n\n\n\n<p>Irlanda, por su parte, enfrent\u00f3 altos niveles de desempleo en los a\u00f1os 80 y 90, as\u00ed como una marcada fuga de cerebros. La estrategia irlandesa combin\u00f3 reformas fiscales con una fuerte apuesta por la educaci\u00f3n y la atracci\u00f3n de empresas tecnol\u00f3gicas globales. La inversi\u00f3n en capital humano convirti\u00f3 al pa\u00eds en un centro europeo de innovaci\u00f3n y emprendimiento, alojando sedes de empresas como Google y Microsoft.<\/p>\n\n\n\n<p>Andia destaca los beneficios de esta estrategia en el largo plazo. \u201cCada a\u00f1o adicional de estudio incrementa los ingresos potenciales y mejora las condiciones de vida. A nivel pa\u00eds, una poblaci\u00f3n m\u00e1s educada impulsa el crecimiento econ\u00f3mico y reduce las brechas de desigualdad\u201d.<\/p>\n\n\n\n<p>Molina a\u00f1ade que la educaci\u00f3n no solo mejora las condiciones econ\u00f3micas, sino que tambi\u00e9n estimula el esp\u00edritu emprendedor, particularmente en contextos como el boliviano.&nbsp;<\/p>\n\n\n\n<blockquote class=\"wp-block-quote is-layout-flow wp-block-quote-is-layout-flow\">\n<p>\u201cUn pa\u00eds que apuesta por formar a su gente es un pa\u00eds que genera soluciones, enfrenta las crisis con creatividad y construye un futuro m\u00e1s s\u00f3lido para sus trabajadores\u201d, asegura.<\/p>\n<\/blockquote>\n\n\n\n<p>En Bolivia, el Instituto Nacional de Estad\u00edstica (INE) reporta que el 54,1\u202f% de la Poblaci\u00f3n Econ\u00f3micamente Activa se identifica como emprendedora, un reflejo del ingenio nacional frente a las limitaciones del mercado formal. Esta realidad pone en evidencia la necesidad de fortalecer las capacidades de la poblaci\u00f3n mediante una formaci\u00f3n continua y orientada a los retos del siglo XXI.<\/p>\n\n\n\n<p>\u201cLa mejor manera de fortalecer el trabajo es a trav\u00e9s de una educaci\u00f3n continua que permita a las personas crecer profesionalmente y adaptarse a los desaf\u00edos del entorno laboral\u201d, concluye Molina.<\/p>\n\n\n\n<p>En definitiva, la historia reciente y las proyecciones futuras coinciden en una lecci\u00f3n fundamental: en un mundo en transformaci\u00f3n constante, donde los cimientos econ\u00f3micos y sociales se ven sacudidos con frecuencia, invertir en educaci\u00f3n no solo es necesario, sino urgente. No hay innovaci\u00f3n sin conocimiento, ni desarrollo sin talento humano, quien apuesta por la educaci\u00f3n, construye futuro.<\/p>","protected":false},"excerpt":{"rendered":"<p>En tiempos marcados por la volatilidad econ\u00f3mica, conflictos armados, pandemias persistentes y una creciente brecha tecnol\u00f3gica, la sociedad global se enfrenta a desaf\u00edos sin precedentes. La automatizaci\u00f3n avanza a pasos agigantados, los modelos laborales tradicionales se transforman y las habilidades requeridas para la empleabilidad evolucionan constantemente. <\/p>","protected":false},"author":49,"featured_media":705185,"comment_status":"open","ping_status":"open","sticky":false,"template":"","format":"standard","meta":{"_acf_changed":false,"footnotes":""},"categories":[60,1862],"tags":[53,1422,218,242],"class_list":["post-705182","post","type-post","status-publish","format-standard","has-post-thumbnail","hentry","category-blog","category-educacion","tag-educacion","tag-innovacion-en-educacion","tag-tecnologia","tag-unifranz"],"acf":[],"_links":{"self":[{"href":"https:\/\/unifranz.edu.bo\/pt\/wp-json\/wp\/v2\/posts\/705182","targetHints":{"allow":["GET"]}}],"collection":[{"href":"https:\/\/unifranz.edu.bo\/pt\/wp-json\/wp\/v2\/posts"}],"about":[{"href":"https:\/\/unifranz.edu.bo\/pt\/wp-json\/wp\/v2\/types\/post"}],"author":[{"embeddable":true,"href":"https:\/\/unifranz.edu.bo\/pt\/wp-json\/wp\/v2\/users\/49"}],"replies":[{"embeddable":true,"href":"https:\/\/unifranz.edu.bo\/pt\/wp-json\/wp\/v2\/comments?post=705182"}],"version-history":[{"count":2,"href":"https:\/\/unifranz.edu.bo\/pt\/wp-json\/wp\/v2\/posts\/705182\/revisions"}],"predecessor-version":[{"id":705187,"href":"https:\/\/unifranz.edu.bo\/pt\/wp-json\/wp\/v2\/posts\/705182\/revisions\/705187"}],"wp:featuredmedia":[{"embeddable":true,"href":"https:\/\/unifranz.edu.bo\/pt\/wp-json\/wp\/v2\/media\/705185"}],"wp:attachment":[{"href":"https:\/\/unifranz.edu.bo\/pt\/wp-json\/wp\/v2\/media?parent=705182"}],"wp:term":[{"taxonomy":"category","embeddable":true,"href":"https:\/\/unifranz.edu.bo\/pt\/wp-json\/wp\/v2\/categories?post=705182"},{"taxonomy":"post_tag","embeddable":true,"href":"https:\/\/unifranz.edu.bo\/pt\/wp-json\/wp\/v2\/tags?post=705182"}],"curies":[{"name":"wp","href":"https:\/\/api.w.org\/{rel}","templated":true}]}}