{"id":705162,"date":"2025-05-23T17:55:58","date_gmt":"2025-05-23T21:55:58","guid":{"rendered":"https:\/\/unifranz.edu.bo\/?p=705162"},"modified":"2025-05-24T00:12:53","modified_gmt":"2025-05-24T04:12:53","slug":"desde-la-cima-la-vida-se-ve-distinta-sobrevivientes-de-cancer-escalan-montanas-de-esperanza","status":"publish","type":"post","link":"https:\/\/unifranz.edu.bo\/pt\/blog\/desde-la-cima-la-vida-se-ve-distinta-sobrevivientes-de-cancer-escalan-montanas-de-esperanza\/","title":{"rendered":"Desde la cima, la vida se ve distinta: sobrevivientes de c\u00e1ncer escalan monta\u00f1as de esperanza"},"content":{"rendered":"<p>Convertir el dolor en fuerza, y la enfermedad en motor de vida, es la meta que han alcanzado cuatro sobrevivientes de c\u00e1ncer de M\u00e9xico, Francia y Bolivia, quienes no solo vencieron una de las enfermedades m\u00e1s desafiantes del mundo, sino que entre el 20 y 22 de mayo conquistaron la cima del nevado Huayna Potos\u00ed en La Paz, Bolivia, como un grito de esperanza.&nbsp;<\/p>\n\n\n\n<p>Con el respaldo de la Fundaci\u00f3n Cimas de la Esperanza y la Fundaci\u00f3n Unifranz de la Universidad Franz Tamayo, estos valientes guerreros alzaron su voz para inspirar, sensibilizar y acompa\u00f1ar a quienes hoy recorren el mismo camino.<\/p>\n\n\n\n<blockquote class=\"wp-block-quote is-layout-flow wp-block-quote-is-layout-flow\">\n<p>\u00abCada paso hacia la cima era un recordatorio de lo que he superado\u00bb, confiesa Mariana Quelali, estudiante de Medicina de Unifranz y sobreviviente de c\u00e1ncer.&nbsp;<\/p>\n<\/blockquote>\n\n\n\n<p>Con 26 a\u00f1os, Mariana ve en cada monta\u00f1a una versi\u00f3n f\u00edsica de su lucha interna. \u00abEscalar fue como resumir mi vida: cada peque\u00f1a cima que logr\u00e1bamos alcanzar representaba un logro personal que tuve a lo largo de los a\u00f1os. Los miedos se quedaron all\u00e1 arriba. Comprend\u00ed que puedo llegar m\u00e1s lejos, incluso sin propon\u00e9rmelo\u00bb, reflexiona.<\/p>\n\n\n\n<p>Esta joven universitaria fue diagnosticada con un tumor cervical a los 11 a\u00f1os, un diagn\u00f3stico de c\u00e1ncer en fase terminal con met\u00e1stasis. Lo que comenz\u00f3 como un fuerte dolor abdominal tras una caminata con amigas termin\u00f3 siendo la noticia que cambiar\u00eda el rumbo de su vida.<\/p>\n\n\n\n<p>Tras m\u00faltiples ciclos de quimioterapia, reca\u00eddas y momentos de profunda desesperanza, Mariana encontr\u00f3 en la lucha de su familia una raz\u00f3n para seguir. A los 14 a\u00f1os, venci\u00f3 al c\u00e1ncer; a los 17, comparti\u00f3 su testimonio en un congreso internacional de sobrevivientes en Miami. Fue all\u00ed donde comprendi\u00f3 que su historia no deb\u00eda ocultarse, sino convertirse en motor de vida.<\/p>\n\n\n\n<p>\u00abMe dijeron que me hicieran feliz por tres meses. Esos tres meses se convirtieron en una lucha de tres a\u00f1os. Cuando pens\u00e9 que hab\u00eda vencido, el c\u00e1ncer regres\u00f3. Hoy, 13 a\u00f1os despu\u00e9s, estoy a punto de graduarme de Medicina. No me rend\u00ed, busqu\u00e9 otros caminos y segu\u00ed luchando. Nadie llega a la cima solo, siempre necesitamos de otros para seguir adelante\u00bb, dice con emoci\u00f3n.<\/p>\n\n\n\n<figure class=\"wp-block-embed is-type-video is-provider-youtube wp-block-embed-youtube wp-embed-aspect-16-9 wp-has-aspect-ratio\"><div class=\"wp-block-embed__wrapper\">\n<iframe loading=\"lazy\" title=\"Cimas de Esperanza: sobrevivientes de c\u00e1ncer escalan nevados como testimonio de vida\" width=\"500\" height=\"281\" src=\"https:\/\/www.youtube.com\/embed\/cKQ-epxmzxA?feature=oembed\" frameborder=\"0\" allow=\"accelerometer; autoplay; clipboard-write; encrypted-media; gyroscope; picture-in-picture; web-share\" referrerpolicy=\"strict-origin-when-cross-origin\" allowfullscreen><\/iframe>\n<\/div><\/figure>\n\n\n\n<h2 class=\"wp-block-heading\"><strong>Cimas de esperanza<\/strong><\/h2>\n\n\n\n<p>La iniciativa <em>Cimas de la Esperanza<\/em> es un proyecto que busca transformar la lucha contra el c\u00e1ncer en un viaje de resiliencia.&nbsp;<\/p>\n\n\n\n<p>Fundaci\u00f3n Unifranz, junto con la Fundaci\u00f3n Nuestra Esperanza y la Fundaci\u00f3n Cimas de la Esperanza de M\u00e9xico, unieron fuerzas para que sobrevivientes de c\u00e1ncer escalen nevados emblem\u00e1ticos como el Huayna Potos\u00ed en Bolivia. El mensaje es uno solo: hay vida despu\u00e9s del c\u00e1ncer.<\/p>\n\n\n\n<blockquote class=\"wp-block-quote is-layout-flow wp-block-quote-is-layout-flow\">\n<p>\u00abEste encuentro entre voluntades es un testimonio del poder del trabajo conjunto y de la supervivencia al c\u00e1ncer. Nuestros becarios, hoy estudiantes destacados, son sobrevivientes que est\u00e1n escribiendo una nueva historia. Desde las aulas hasta las cumbres, son mensajeros de paz que nos recuerdan el valor de cada d\u00eda\u00bb, afirma Mar\u00eda del Pilar Hidalgo, directora de la Fundaci\u00f3n Unifranz.<\/p>\n<\/blockquote>\n\n\n\n<h2 class=\"wp-block-heading\"><strong>Una forma de vivir<\/strong><\/h2>\n\n\n\n<p>Para Abel Mora, participante de la Fundaci\u00f3n Cimas de la Esperanza de M\u00e9xico, escalar una monta\u00f1a es m\u00e1s que un reto f\u00edsico. \u00abEs una forma de vivir. Antes de subir, le pido permiso a la monta\u00f1a. Valoro cada instante porque no sabemos si ma\u00f1ana vamos a estar. Hoy s\u00ed estoy aqu\u00ed, compartiendo, disfrutando, y eso es suficiente\u00bb.<\/p>\n\n\n\n<p>La actividad de escalada se convierte en una met\u00e1fora potente para quienes han enfrentado quimioterapias, cirug\u00edas, diagn\u00f3sticos devastadores y procesos de sanaci\u00f3n emocional.&nbsp;<\/p>\n\n\n\n<p>\u00abCuando tenemos salud, nos preocupamos por muchas cosas. Pero cuando la perdemos, todo gira en torno a recuperarla. No esperemos a tener un solo problema para valorar lo esencial\u00bb, reflexiona Abel.<\/p>\n\n\n\n<h2 class=\"wp-block-heading\"><strong>El apoyo no puede faltar<\/strong><\/h2>\n\n\n\n<p>Desde la Fundaci\u00f3n Unifranz se promueve, adem\u00e1s, el acompa\u00f1amiento emocional de familiares y amigos.&nbsp;<\/p>\n\n\n\n<p>\u00abEl apoyo no puede faltar. Esta enfermedad transforma y nos reta, pero tambi\u00e9n puede ser el inicio de algo m\u00e1s grande, un motor de cambio para la familia, las instituciones y la sociedad\u00bb, asegura Mar\u00eda del Pilar Hidalgo.<\/p>\n\n\n\n<p>Palabras como \u00abesperanza\u00bb, \u00abresiliencia\u00bb, \u00abvida\u00bb y \u00abcimas\u00bb se repiten una y otra vez entre los protagonistas de esta historia. Cada uno de ellos representa un faro para quienes atraviesan por el dolor de un diagn\u00f3stico.&nbsp;<\/p>\n\n\n\n<p>\u00abNo est\u00e1 mal descansar\u00bb, recuerda Mariana, \u00abpero solo para analizar la mejor forma de seguir escalando\u00bb.<em>Cimas de la Esperanza<\/em> no es solo una expedici\u00f3n a las monta\u00f1as, es una declaraci\u00f3n de principios. Es una invitaci\u00f3n a volver la vista hacia quienes luchan en silencio y a acompa\u00f1arlos con compasi\u00f3n, informaci\u00f3n y solidaridad. Porque, como dice Mariana, \u201cuno nunca sabe cu\u00e1n alto puede llegar hasta que se atreve a subir\u00bb.<\/p>","protected":false},"excerpt":{"rendered":"<p>Convertir el dolor en fuerza, y la enfermedad en motor de vida, es la meta que han alcanzado cuatro sobrevivientes de c\u00e1ncer de M\u00e9xico, Francia y Bolivia, quienes no solo vencieron una de las enfermedades m\u00e1s desafiantes del mundo, sino que entre el 20 y 22 de mayo conquistaron la cima del nevado Huayna Potos\u00ed en La Paz, Bolivia, como un grito de esperanza.\u00a0<\/p>","protected":false},"author":50,"featured_media":705193,"comment_status":"open","ping_status":"open","sticky":false,"template":"","format":"standard","meta":{"_acf_changed":false,"footnotes":""},"categories":[60],"tags":[53,1422,242],"class_list":["post-705162","post","type-post","status-publish","format-standard","has-post-thumbnail","hentry","category-blog","tag-educacion","tag-innovacion-en-educacion","tag-unifranz"],"acf":[],"_links":{"self":[{"href":"https:\/\/unifranz.edu.bo\/pt\/wp-json\/wp\/v2\/posts\/705162","targetHints":{"allow":["GET"]}}],"collection":[{"href":"https:\/\/unifranz.edu.bo\/pt\/wp-json\/wp\/v2\/posts"}],"about":[{"href":"https:\/\/unifranz.edu.bo\/pt\/wp-json\/wp\/v2\/types\/post"}],"author":[{"embeddable":true,"href":"https:\/\/unifranz.edu.bo\/pt\/wp-json\/wp\/v2\/users\/50"}],"replies":[{"embeddable":true,"href":"https:\/\/unifranz.edu.bo\/pt\/wp-json\/wp\/v2\/comments?post=705162"}],"version-history":[{"count":2,"href":"https:\/\/unifranz.edu.bo\/pt\/wp-json\/wp\/v2\/posts\/705162\/revisions"}],"predecessor-version":[{"id":705209,"href":"https:\/\/unifranz.edu.bo\/pt\/wp-json\/wp\/v2\/posts\/705162\/revisions\/705209"}],"wp:featuredmedia":[{"embeddable":true,"href":"https:\/\/unifranz.edu.bo\/pt\/wp-json\/wp\/v2\/media\/705193"}],"wp:attachment":[{"href":"https:\/\/unifranz.edu.bo\/pt\/wp-json\/wp\/v2\/media?parent=705162"}],"wp:term":[{"taxonomy":"category","embeddable":true,"href":"https:\/\/unifranz.edu.bo\/pt\/wp-json\/wp\/v2\/categories?post=705162"},{"taxonomy":"post_tag","embeddable":true,"href":"https:\/\/unifranz.edu.bo\/pt\/wp-json\/wp\/v2\/tags?post=705162"}],"curies":[{"name":"wp","href":"https:\/\/api.w.org\/{rel}","templated":true}]}}