{"id":705142,"date":"2025-05-23T12:03:04","date_gmt":"2025-05-23T16:03:04","guid":{"rendered":"https:\/\/unifranz.edu.bo\/?p=705142"},"modified":"2025-05-23T12:03:54","modified_gmt":"2025-05-23T16:03:54","slug":"como-escolher-o-destino-ideal-para-seu-intercambio-universitario","status":"publish","type":"post","link":"https:\/\/unifranz.edu.bo\/pt\/blog\/como-escolher-o-destino-ideal-para-seu-intercambio-universitario\/","title":{"rendered":"Como escolher o destino ideal para seu interc\u00e2mbio universit\u00e1rio"},"content":{"rendered":"<p>Estudar em outro pa\u00eds n\u00e3o \u00e9 apenas uma viagem tur\u00edstica, \u00e9 uma transforma\u00e7\u00e3o pessoal. Cruzar fronteiras, idiomas e culturas \u00e9 uma experi\u00eancia que redefine quem somos e o que queremos nos tornar. Mas como escolher o destino ideal para um interc\u00e2mbio acad\u00eamico? Que fatores devem orientar essa importante decis\u00e3o na vida de um estudante universit\u00e1rio?<\/p>\n\n\n\n<p>A resposta est\u00e1 em se conhecer, se informar e se deixar acompanhar por aqueles que j\u00e1 percorreram esse caminho, diz Mar\u00eda Fernanda Oll\u00e9, coordenadora nacional de Mobilidade Internacional da Universidad Franz Tamayo, Unifranz.<\/p>\n\n\n\n<p>\u201cA escolha do destino ideal para um interc\u00e2mbio acad\u00eamico depende de v\u00e1rios fatores, como os interesses acad\u00eamicos do aluno, o idioma, a cultura e os objetivos profissionais de longo prazo\u201d, diz ela.<\/p>\n\n\n\n<p><strong>N\u00e3o se trata apenas do lugar, mas do que voc\u00ea quer construir.<\/strong><\/p>\n\n\n\n<p>Quando se pensa em estudar no exterior, cidades populares ou destinos tur\u00edsticos s\u00e3o geralmente as primeiras coisas que v\u00eam \u00e0 mente. No entanto, o verdadeiro valor de um interc\u00e2mbio acad\u00eamico est\u00e1 em qu\u00e3o bem esse local se alinha com suas metas pessoais, acad\u00eamicas e profissionais.<\/p>\n\n\n\n<blockquote class=\"wp-block-quote is-layout-flow wp-block-quote-is-layout-flow\">\n<p>\u201c\u00c9 essencial pesquisar universidades que ofere\u00e7am programas relevantes para a \u00e1rea de estudo do aluno e certificar-se de que a institui\u00e7\u00e3o de destino tenha os recursos e os programas certos\u201d, recomenda Oll\u00e9. Essa decis\u00e3o n\u00e3o deve ser tomada de forma leviana ou fora de moda. \u00c9 um passo fundamental para seu futuro profissional e, portanto, requer uma an\u00e1lise cuidadosa.<\/p>\n<\/blockquote>\n\n\n\n<p>A escolha do destino tamb\u00e9m est\u00e1 intimamente ligada \u00e0 oportunidade de aprendizado intercultural que ele oferece. Mergulhar em uma cultura diferente, adaptar-se a novas formas de pensar e viver e sair da sua zona de conforto \u00e9 uma parte essencial do processo.<\/p>\n\n\n\n<p>\u201cAl\u00e9m disso, \u00e9 importante considerar as oportunidades de aprendizado intercultural, as bolsas de estudo dispon\u00edveis e o tipo de apoio que a universidade anfitri\u00e3 oferece aos estudantes internacionais\u201d, explica Oll\u00e9.<\/p>\n\n\n\n<p><strong>O interc\u00e2mbio universit\u00e1rio transforma vidas<\/strong><br>Estudar no exterior n\u00e3o s\u00f3 traz conhecimento acad\u00eamico, mas tamb\u00e9m expande a mente e o cora\u00e7\u00e3o. Para um estudante universit\u00e1rio, a experi\u00eancia de estudar no exterior \u00e9 uma oportunidade \u00fanica que vai al\u00e9m do aprendizado acad\u00eamico.<\/p>\n\n\n\n<p>Oll\u00e9 diz que \u201cela permite que voc\u00ea desenvolva habilidades interculturais, amplie sua rede de contatos globais e compreenda diferentes perspectivas que s\u00e3o essenciais em um mundo cada vez mais globalizado\u201d.<\/p>\n\n\n\n<p>Essa experi\u00eancia geralmente se torna um ponto de virada. A pessoa que retorna de um interc\u00e2mbio n\u00e3o \u00e9 a mesma que partiu. A autonomia, a resili\u00eancia e a mente aberta passam a fazer parte de seu DNA.<\/p>\n\n\n\n<p><strong>Habilidades que transcendem a sala de aula<\/strong><\/p>\n\n\n\n<p>Em um mercado de trabalho cada vez mais competitivo, ter experi\u00eancia internacional n\u00e3o \u00e9 apenas um diferencial, mas uma vantagem estrat\u00e9gica. Quais habilidades os alunos que participam de programas de mobilidade desenvolvem?<\/p>\n\n\n\n<blockquote class=\"wp-block-quote is-layout-flow wp-block-quote-is-layout-flow\">\n<p>\u201cAdaptabilidade, comunica\u00e7\u00e3o, autonomia, responsabilidade, pensamento cr\u00edtico e global\u201d, diz o coordenador do Programa de Mobilidade Internacional. Essas s\u00e3o justamente as habilidades mais valorizadas pelas empresas e organiza\u00e7\u00f5es em um ambiente profissional globalizado.<\/p>\n<\/blockquote>\n\n\n\n<p>Al\u00e9m disso, as experi\u00eancias de interc\u00e2mbio despertam a curiosidade, fortalecem a empatia e ensinam a resolver problemas a partir de m\u00faltiplas perspectivas. Em suma, s\u00e3o um verdadeiro laborat\u00f3rio para aprender a conviver com a diversidade, negociar em contextos multiculturais e colaborar em projetos transnacionais.<\/p>\n\n\n\n<p><strong>Unifranz, uma porta aberta para o mundo<\/strong><\/p>\n\n\n\n<p>Durante v\u00e1rios anos, a Unifranz consolidou uma rede de parcerias internacionais que permite que seus alunos tenham acesso a v\u00e1rios destinos acad\u00eamicos na Am\u00e9rica Latina, Europa, \u00c1sia e Am\u00e9rica do Norte. Gra\u00e7as a esses acordos, a universidade n\u00e3o apenas promove a mobilidade estudantil, mas tamb\u00e9m a transforma em um pilar da forma\u00e7\u00e3o profissional.<\/p>\n\n\n\n<blockquote class=\"wp-block-quote is-layout-flow wp-block-quote-is-layout-flow\">\n<p>\u201cNa UNIFRANZ, apoiamos ativamente a internacionaliza\u00e7\u00e3o de nossos alunos, fornecendo-lhes ferramentas e recursos para que possam aproveitar ao m\u00e1ximo suas experi\u00eancias de interc\u00e2mbio\u201d, enfatiza Oll\u00e9.<\/p>\n<\/blockquote>\n\n\n\n<p>O acompanhamento \u00e9 uma parte essencial do processo. \u00c9 por isso que a Unifranz oferece orienta\u00e7\u00e3o personalizada, aconselhamento acad\u00eamico e acesso a bolsas de estudo e apoio que tornam poss\u00edvel essa experi\u00eancia transformadora.<\/p>\n\n\n\n<blockquote class=\"wp-block-quote is-layout-flow wp-block-quote-is-layout-flow\">\n<p>\u201cAcreditamos firmemente que os programas de interc\u00e2mbio s\u00e3o um investimento fundamental no futuro de nossos alunos e os preparam para enfrentar os desafios do mundo globalizado\u201d, conclui Oll\u00e9.<\/p>\n<\/blockquote>\n\n\n\n<p>Por sua vez, Iv\u00e1n Menacho, assessor de Mobilidade Estudantil da Unifranz, afirma que os programas de internacionaliza\u00e7\u00e3o oferecidos por essa Casa de Estudos Superiores geram benef\u00edcios significativos, tanto na forma\u00e7\u00e3o acad\u00eamica quanto no desenvolvimento profissional dos alunos.<\/p>\n\n\n\n<p>\u201cHoje em dia, ter participado de um programa de internacionaliza\u00e7\u00e3o \u00e9 um valor agregado em um curr\u00edculo. As habilidades profissionais de hoje exigem mais do que conhecimento te\u00f3rico; elas exigem habilidades que s\u00e3o adquiridas por meio da experi\u00eancia. Viver um programa de interc\u00e2mbio implica adaptar-se a um pa\u00eds estrangeiro, conviver com pessoas de diferentes culturas e ampliar significativamente a rede de contatos, o que enriquece a dimens\u00e3o pessoal e profissional do aluno\u201d, explica Menacho.<\/p>\n\n\n\n<p>Al\u00e9m disso, ao se associar a universidades parceiras internacionais e ser registrado em seus bancos de dados, os alunos t\u00eam acesso a benef\u00edcios como descontos em programas de p\u00f3s-gradua\u00e7\u00e3o e oportunidades no local de trabalho, j\u00e1 que muitos alunos fazem est\u00e1gios ou pesquisas durante a experi\u00eancia de interc\u00e2mbio.<\/p>\n\n\n\n<p>Por fim, a escolha do destino ideal n\u00e3o diz respeito apenas ao lugar, mas tamb\u00e9m ao tipo de pessoa que voc\u00ea quer se tornar. Pergunte a si mesmo pelo que voc\u00ea \u00e9 apaixonado, o que o move, onde voc\u00ea poderia aprender mais, crescer mais, viver mais. O interc\u00e2mbio acad\u00eamico \u00e9 uma porta para o desconhecido, mas tamb\u00e9m para uma vers\u00e3o melhor de si mesmo. Sair pelo mundo n\u00e3o significa fugir de casa, mas sim encontrar outro lar. E nessa jornada, voc\u00ea se descobrir\u00e1 como nunca antes.<\/p>","protected":false},"excerpt":{"rendered":"<p>Estudar em outro pa\u00eds n\u00e3o \u00e9 apenas uma viagem tur\u00edstica, \u00e9 uma transforma\u00e7\u00e3o pessoal. Cruzar fronteiras, idiomas e culturas \u00e9 uma experi\u00eancia que redefine quem somos e o que queremos nos tornar. Mas como escolher o destino ideal para um interc\u00e2mbio acad\u00eamico? Que fatores devem orientar essa importante decis\u00e3o na vida de um estudante universit\u00e1rio?<\/p>","protected":false},"author":45,"featured_media":705017,"comment_status":"open","ping_status":"open","sticky":false,"template":"","format":"standard","meta":{"_acf_changed":false,"footnotes":""},"categories":[60],"tags":[53,1422,242],"class_list":["post-705142","post","type-post","status-publish","format-standard","has-post-thumbnail","hentry","category-blog","tag-educacion","tag-innovacion-en-educacion","tag-unifranz"],"acf":[],"_links":{"self":[{"href":"https:\/\/unifranz.edu.bo\/pt\/wp-json\/wp\/v2\/posts\/705142","targetHints":{"allow":["GET"]}}],"collection":[{"href":"https:\/\/unifranz.edu.bo\/pt\/wp-json\/wp\/v2\/posts"}],"about":[{"href":"https:\/\/unifranz.edu.bo\/pt\/wp-json\/wp\/v2\/types\/post"}],"author":[{"embeddable":true,"href":"https:\/\/unifranz.edu.bo\/pt\/wp-json\/wp\/v2\/users\/45"}],"replies":[{"embeddable":true,"href":"https:\/\/unifranz.edu.bo\/pt\/wp-json\/wp\/v2\/comments?post=705142"}],"version-history":[{"count":1,"href":"https:\/\/unifranz.edu.bo\/pt\/wp-json\/wp\/v2\/posts\/705142\/revisions"}],"predecessor-version":[{"id":705143,"href":"https:\/\/unifranz.edu.bo\/pt\/wp-json\/wp\/v2\/posts\/705142\/revisions\/705143"}],"wp:featuredmedia":[{"embeddable":true,"href":"https:\/\/unifranz.edu.bo\/pt\/wp-json\/wp\/v2\/media\/705017"}],"wp:attachment":[{"href":"https:\/\/unifranz.edu.bo\/pt\/wp-json\/wp\/v2\/media?parent=705142"}],"wp:term":[{"taxonomy":"category","embeddable":true,"href":"https:\/\/unifranz.edu.bo\/pt\/wp-json\/wp\/v2\/categories?post=705142"},{"taxonomy":"post_tag","embeddable":true,"href":"https:\/\/unifranz.edu.bo\/pt\/wp-json\/wp\/v2\/tags?post=705142"}],"curies":[{"name":"wp","href":"https:\/\/api.w.org\/{rel}","templated":true}]}}